{"id":25677,"date":"2020-06-09T23:42:37","date_gmt":"2020-06-10T02:42:37","guid":{"rendered":"https:\/\/pcb.org.br\/portal2\/?p=25677"},"modified":"2020-06-13T22:18:07","modified_gmt":"2020-06-14T01:18:07","slug":"as-ruas-dao-o-recado","status":"publish","type":"post","link":"https:\/\/pcb.org.br\/portal2\/25677","title":{"rendered":"As ruas d\u00e3o o recado"},"content":{"rendered":"<p><img decoding=\"async\" class=\"imagem\" title=\"imagem\" src=\"https:\/\/i0.wp.com\/lh3.googleusercontent.com\/pw\/ACtC-3es1I0A0pmH_wxNwyy8iAMXRJPYiFeLHFHwMGQ1wwdETAp8O5gBQM9JkK4kzSK77uu0qpg6RgMMKHlb6kqyw5puiFw5pm9jNz4C0ME0Mrih7vSgtmbMn71G2W7rG0psRZ_O62X9EXbVkhUP3iCR84zW=w1135-h638-no\" alt=\"imagem\" \/><!--more-->S\u00f3 a luta popular derrotar\u00e1 o governo Bolsonaro-Mour\u00e3o<\/p>\n<p>Comiss\u00e3o Pol\u00edtica do Partido Comunista Brasileiro (PCB)<\/p>\n<p>O Partido Comunista Brasileiro (PCB) sa\u00fada com entusiasmo todos os manifestantes que sa\u00edram \u00e0s ruas em todas as regi\u00f5es brasileiras, especialmente nas grandes cidades, em defesa da vida, dos direitos dos trabalhadores, das liberdades democr\u00e1ticas, contra o racismo, o fascismo e a pol\u00edtica de terra arrasada do governo genocida que ocupa o Pal\u00e1cio do Planalto. Os atos promovidos em todo o Brasil no \u00faltimo domingo (dia 07\/06) se incorporam \u00e0 grande onda de manifesta\u00e7\u00f5es que explode em todo o mundo contra o racismo, o fascismo e o capitalismo.<\/p>\n<p>Nas manifesta\u00e7\u00f5es ocorridas nas ruas das principais cidades brasileiras, uma parte expressiva dos trabalhadores precarizados e da juventude retomou o espa\u00e7o das ruas, expulsando delas os fascistas que as tinham ocupado temporariamente com suas carreatas da morte em defesa do fim do isolamento social, da interven\u00e7\u00e3o militar e da ditadura dos capitalistas. Voltaram a dominar as ruas os seus leg\u00edtimos donos: trabalhadores e trabalhadora, a juventude e o povo pobre das periferias. As manifesta\u00e7\u00f5es realizadas em todo o Brasil significaram uma grande vit\u00f3ria pol\u00edtica dos setores que n\u00e3o abriram m\u00e3o da luta e resolveram apoiar e participar dessa importante batalha pelas liberdades democr\u00e1ticas e pela resist\u00eancia contra o fascismo, mesmo diante das dificuldades da conjuntura e das vacila\u00e7\u00f5es de determinadas for\u00e7as pol\u00edticas, que pediram para as pessoas ficarem em casa, \u00e0 espera apenas das solu\u00e7\u00f5es institucionais e das elei\u00e7\u00f5es.<\/p>\n<p>As manifesta\u00e7\u00f5es tamb\u00e9m marcaram uma ampla unidade entre os trabalhadores precarizados, que j\u00e1 est\u00e3o na rua na batalha pela sobreviv\u00eancia, os sindicalistas classistas, os movimentos sociais e populares, as torcidas organizadas, as diversas organiza\u00e7\u00f5es da juventude e os movimentos antirrascistas. Foi exatamente essa unidade que construiu uma organiza\u00e7\u00e3o popular com capacidade para evitar provoca\u00e7\u00f5es, garantir a seguran\u00e7a coletiva do ato, o distanciamento social entre os manifestantes, a distribui\u00e7\u00e3o de m\u00e1scaras e \u00e1lcool em gel, com o apoio de uma brigada de sa\u00fade a postos para qualquer eventualidade. Foi a firmeza unit\u00e1ria, a organiza\u00e7\u00e3o e a combatividade que garantiram o sucesso das manifesta\u00e7\u00f5es.<\/p>\n<p>Os atos de domingo em todo o Brasil ficar\u00e3o na hist\u00f3ria como o momento em que uma parcela importante da popula\u00e7\u00e3o resolveu romper o impasse, confrontar o medo e colocar nas ruas as reivindica\u00e7\u00f5es dos trabalhadores e da juventude. Afinal, se n\u00e3o \u00e9 poss\u00edvel a popula\u00e7\u00e3o pobre sobreviver ficando em casa, a \u00fanica op\u00e7\u00e3o que lhe resta \u00e9 a luta pela sobreviv\u00eancia nas ruas. As manifesta\u00e7\u00f5es tamb\u00e9m levantaram a moral da milit\u00e2ncia e serviram de exemplo para todos aqueles que ainda estavam em d\u00favida sobre a ida \u00e0s manifesta\u00e7\u00f5es por causa da pandemia. Afinal, \u00e9 poss\u00edvel e necess\u00e1rio expulsar os fascistas das ruas e lutar por direitos e liberdades em nosso pa\u00eds.<\/p>\n<p>Todavia, \u00e9 importante registrar o papel profundamente negativo de muito governadores, inclusive daqueles que dizem fazer parte da oposi\u00e7\u00e3o, em rela\u00e7\u00e3o \u00e0s manifesta\u00e7\u00f5es. Em v\u00e1rios Estados, como no Par\u00e1 e no Cear\u00e1, esses dirigentes se comportaram de maneira semelhante aos l\u00edderes reacion\u00e1rios, colocando as tropas para reprimir as manifesta\u00e7\u00f5es, articulando um grande aparato policial para intimidar e prender militantes. Nesses tempos de crise e necessidade de defini\u00e7\u00e3o clara de prop\u00f3sitos, n\u00e3o se pode acender uma vela para Deus e outra para o diabo. Ou se est\u00e1 contra o fascismo e pelas liberdades democr\u00e1ticas ou se estar\u00e1 conivente ou omisso diante da ofensiva autorit\u00e1ria em curso.<\/p>\n<p>A luta de classes no Brasil n\u00e3o ser\u00e1 mais a mesma depois desse domingo hist\u00f3rico. Um ex\u00e9rcito com moral elevada luta muito melhor que um contingente desmoralizado. A partir de agora a tend\u00eancia \u00e9 o aumento das manifesta\u00e7\u00f5es, como est\u00e1 ocorrendo em todo o mundo. N\u00e3o adianta o governo tentar criminalizar os movimentos sociais e os manifestantes: a pr\u00f3pria din\u00e2mica da crise vai fazer com que cada vez mais gente se manifeste nas ruas. Afinal, baderneiro \u00e9 esse governo que atua criminosamente contra as medidas de seguran\u00e7a adequadas contra a pandemia, que se comporta como um disseminador do v\u00edrus entre a popula\u00e7\u00e3o, que atenta contra os direitos dos trabalhadores e da juventude, que sabota o distanciamento social, recusa-se a conceder cr\u00e9ditos a micro e pequenas empresas e boicota o pagamento do aux\u00edlio emergencial, deixando criminosamente milhares de pessoas nas filas da fome diante da Caixa Econ\u00f4mica Federal, al\u00e9m de provocar o crescimento vertiginoso do desemprego.<\/p>\n<p>O Partido Comunista Brasileiro (PCB), que desde o in\u00edcio da pandemia estimulou seus militantes a contribuir com a auto-organiza\u00e7\u00e3o da classe trabalhadora e da popula\u00e7\u00e3o pobre nas periferias, que desde as primeiras manifesta\u00e7\u00f5es orientou sua milit\u00e2ncia a se juntar aos movimentos que estavam organizando os atos, ainda que simb\u00f3licos naquele per\u00edodo, conclama sua milit\u00e2ncia que n\u00e3o est\u00e1 no grupo de risco a intensificar a participa\u00e7\u00e3o nos atos antifascistas, antirracistas e contra o governo Bolsonaro\/Mour\u00e3o, com todos os cuidados de sa\u00fade necess\u00e1rios, porque este \u00e9 um momento fundamental na mudan\u00e7a na correla\u00e7\u00e3o de for\u00e7as em nosso pa\u00eds. Sem lutas n\u00e3o h\u00e1 mudan\u00e7as!<\/p>\n<p>Fora Bolsonaro-Mour\u00e3o!<\/p>\n<p>Em defesa dos direitos do povo trabalhador e da juventude!<\/p>\n<p>Pelas liberdades democr\u00e1ticas!<\/p>\n<p>Pelo Poder Popular e o Socialismo!<\/p>\n<p>Comiss\u00e3o Pol\u00edtica Nacional do PCB<\/p>\n","protected":false},"excerpt":{"rendered":"<a class=\"moretag\" href=\"https:\/\/pcb.org.br\/portal2\/25677\"> <\/a>","protected":false},"author":1,"featured_media":0,"comment_status":"closed","ping_status":"closed","sticky":false,"template":"","format":"standard","meta":{"jetpack_post_was_ever_published":false,"_jetpack_newsletter_access":"","_jetpack_dont_email_post_to_subs":false,"_jetpack_newsletter_tier_id":0,"_jetpack_memberships_contains_paywalled_content":false,"_jetpack_memberships_contains_paid_content":false,"footnotes":"","jetpack_publicize_message":"","jetpack_publicize_feature_enabled":true,"jetpack_social_post_already_shared":true,"jetpack_social_options":{"image_generator_settings":{"template":"highway","default_image_id":0,"font":"","enabled":false},"version":2}},"categories":[26],"tags":[219,246],"class_list":["post-25677","post","type-post","status-publish","format-standard","hentry","category-c25-notas-politicas-do-pcb","tag-manchete","tag-np"],"jetpack_publicize_connections":[],"jetpack_featured_media_url":"","jetpack_shortlink":"https:\/\/wp.me\/p659gw-6G9","jetpack-related-posts":[],"jetpack_likes_enabled":true,"jetpack_sharing_enabled":true,"_links":{"self":[{"href":"https:\/\/pcb.org.br\/portal2\/wp-json\/wp\/v2\/posts\/25677","targetHints":{"allow":["GET"]}}],"collection":[{"href":"https:\/\/pcb.org.br\/portal2\/wp-json\/wp\/v2\/posts"}],"about":[{"href":"https:\/\/pcb.org.br\/portal2\/wp-json\/wp\/v2\/types\/post"}],"author":[{"embeddable":true,"href":"https:\/\/pcb.org.br\/portal2\/wp-json\/wp\/v2\/users\/1"}],"replies":[{"embeddable":true,"href":"https:\/\/pcb.org.br\/portal2\/wp-json\/wp\/v2\/comments?post=25677"}],"version-history":[{"count":0,"href":"https:\/\/pcb.org.br\/portal2\/wp-json\/wp\/v2\/posts\/25677\/revisions"}],"wp:attachment":[{"href":"https:\/\/pcb.org.br\/portal2\/wp-json\/wp\/v2\/media?parent=25677"}],"wp:term":[{"taxonomy":"category","embeddable":true,"href":"https:\/\/pcb.org.br\/portal2\/wp-json\/wp\/v2\/categories?post=25677"},{"taxonomy":"post_tag","embeddable":true,"href":"https:\/\/pcb.org.br\/portal2\/wp-json\/wp\/v2\/tags?post=25677"}],"curies":[{"name":"wp","href":"https:\/\/api.w.org\/{rel}","templated":true}]}}