{"id":257,"date":"2010-01-19T07:40:44","date_gmt":"2010-01-19T07:40:44","guid":{"rendered":"http:\/\/pcb.org.br\/portal2\/?p=257"},"modified":"2010-01-19T07:40:44","modified_gmt":"2010-01-19T07:40:44","slug":"haiti-serio-demais-para-jobim-brincar-de-general","status":"publish","type":"post","link":"https:\/\/pcb.org.br\/portal2\/257","title":{"rendered":"HAITI \u2013 S\u00c9RIO DEMAIS PARA JOBIM BRINCAR DE GENERAL"},"content":{"rendered":"\n<p>O ministro da Defesa \u2013 presidente B do Brasil \u2013 Nelson Jobim, desceu de um avi\u00e3o da FAB vestindo um uniforme de campanha. A \u00fanica campanha que o ministro conhece \u00e9 a eleitoral. A chegada de Jobim, uma figura repugnante, foi documentada pela TV BRASIL como se fosse a descida de um messias a um pa\u00eds atingido por mais uma trag\u00e9dia e com centenas de milhares de pessoas entre mortos, feridos e milh\u00f5es de desabrigados.<\/p>\n<p>Jobim quer ser vice de algu\u00e9m, ou quer ser, se chance tiver, um eventual candidato a presidente da Rep\u00fablica. Foi l\u00e1 para se exibir, ser filmado e n\u00e3o fazer coisa alguma.<\/p>\n<p>O Haiti tem cerca de nove milh\u00f5es de habitantes, \u00e9 dominado por pot\u00eancias estrangeiras desde sua descoberta, em 1492 por Crist\u00f3v\u00e3o Colombo e j\u00e1 foi a mais pr\u00f3spera col\u00f4nia francesa na Am\u00e9rica.<\/p>\n<p>Marcado por lutas pela independ\u00eancia, que nunca aconteceu na pr\u00e1tica, \u00e9 tratado como quintal pelos norte-americanos. Desde a posse de Lula o Brasil participa com o mais numeroso contingente de soldados que formam as chamadas \u201cfor\u00e7as humanit\u00e1rias da ONU\u201d. E tem o comando dessas for\u00e7as.<\/p>\n<p>Os motivos para essa atual for\u00e7a de ocupa\u00e7\u00e3o foram os de sempre. \u201cgarantir a paz mundial\u201d e assegurar a constru\u00e7\u00e3o de uma \u201cdemocracia\u201d.<\/p>\n<p>A rigor n\u00e3o existem empresas haitianas, mas laranjas de companhias norte-americanas numa economia prim\u00e1ria, onde os principais produtos de exporta\u00e7\u00e3o s\u00e3o o a\u00e7\u00facar, a manga, a banana, a batata doce e alguns poucos mais.<\/p>\n<p>O projeto real de \u201creconstru\u00e7\u00e3o\u201d do Haiti formulado no governo do presidente Bush implicava num centro t\u00eaxtil com m\u00e3o de obra barata \u2013 escrava \u2013 para concorrer com os produtos da ind\u00fastria t\u00eaxtil da China. O Brasil \u00e9 parte desse projeto.<\/p>\n<p>Na segunda metade da d\u00e9cada de 50 do s\u00e9culo passado o m\u00e9dico Fran\u00e7ois Duvalier foi eleito presidente e instalou no pa\u00eds uma feroz ditadura, com apoio dos EUA (manteve intocados os privil\u00e9gios de empresas daquele pa\u00eds) e governou at\u00e9 a sua morte em 1971, sendo substitu\u00eddo por seu filho Baby Doc. O pai ficou conhecido como Papa Doc.<\/p>\n<p>Jean Claude Duvalier, o filho, ficou no poder de 1971 a 1986, quando foi deposto em conseq\u00fc\u00eancia de revolta popular e interesses contrariados de militares haitianos. No regime de Papa e Baby Doc ficaram conhecidos os Tonton Macoutes (bichos pap\u00f5es), guarda pessoal dos dois ditadores e ligados ao culto Vudu.<\/p>\n<p>\u00c9 o pa\u00eds mais pobre das tr\u00eas Am\u00e9ricas, um dos mais pobres do mundo e agora \u00e9 hora dos show internacional humanit\u00e1rio.<\/p>\n<p>O terremoto, evidente, ningu\u00e9m pode evitar, escapa ao controle do homem, pelo menos por enquanto, mas a pobreza, a fome, as doen\u00e7as, os altos \u00edndices de analfabetismo, toda a mis\u00e9ria poderia ter sido extirpada se as tais interven\u00e7\u00f5es norte-americanas (agora de brasileiros tamb\u00e9m) tivessem de fato realizado aquilo a que se propunham e que era apenas o pano de fundo de um saque sistem\u00e1tico a um povo dilacerado em todos os sentidos, preserva\u00e7\u00e3o de poderes e privil\u00e9gios de elites econ\u00f4micas estrangeiras.<\/p>\n<p>Uma \u00fanica guerra dessas que os EUA fazem a cada m\u00eas para \u201clibertar\u201d o mundo do \u201ceixo do mal\u201d daria, falo de recursos, para modificar a realidade haitiana.<\/p>\n<p>Evo Morales e Hugo Ch\u00e1vez acabaram com o analfabetismo em seus pa\u00edses em menos de dois anos de programas s\u00e9rios e vontade pol\u00edtica.<\/p>\n<p>Mas n\u00e3o \u00e9 esse o prop\u00f3sito nem dos EUA e nem dos militares brasileiros. As tropas do Brasil apenas garantem a \u201cordem\u201d, a propriedade privada, enquanto fazem de sua presen\u00e7a naquele pa\u00eds uma esp\u00e9cie de laborat\u00f3rio para novos m\u00e9todos de repress\u00e3o e brutalidade.<\/p>\n<p>\u00c9 sintom\u00e1tico, n\u00e3o \u00e9 por acaso isso n\u00e3o existe, a presen\u00e7a de uma figura repulsiva como o ministro Nelson Jobim vestido de \u201cgeneral\u201d e brincando de socorrer milh\u00f5es de pessoas que sempre foram tratadas como escravas, gado, ao sabor das conveni\u00eancias de colonizadores, norte-americanos e agora brasileiros.<\/p>\n<p>O sorriso do ministro ao ser filmado em seu desembarque, imaginando-se um general Patton chegando a Berlim, \u00e9 um esc\u00e1rnio diante de tanta dor e sofrimento imposto a um povo inteiro em toda a sua hist\u00f3ria por figuras como Jobim.<\/p>\n<p>Causa asco imaginar que integra o governo Lula. Um Gilmar Mendes com um pouco mais de erudi\u00e7\u00e3o (Gilmar n\u00e3o tem nenhuma).<\/p>\n<p>A perda de Zilda Arns \u00e9 dolorosa e traz um grande preju\u00edzo ao Brasil e ao mundo. Irm\u00e3 do cardeal Paulo Evaristo Arns (resistente contra a ditadura militar) foi respons\u00e1vel pela Pastoral da Crian\u00e7a, surgida nos tempos da teologia da liberta\u00e7\u00e3o. Quando do governo FHC todos os recursos carreados pelo poder p\u00fablico federal ao grupo \u2013 Pastoral da Crian\u00e7a \u2013, respons\u00e1vel entre outras coisas por acentuada queda nos \u00edndices de mortalidade infantil no Brasil, o eram via a mulher do ex-presidente, Rute Cardoso. FHC chegou a dizer publicamente que \u201cA Zilda \u00e9 uma chata com esse neg\u00f3cio de querer dinheiro para a Pastoral\u201d.<\/p>\n<p>O Haiti \u00e9 s\u00e9rio demais para que um pol\u00edtico desqualificado e sem car\u00e1ter como Nelson Jobim fique brincando de general. Em seguida \u00e0s informa\u00e7\u00f5es do jornalista Gilberto Scofield para o notici\u00e1rio EM CIMA DA HORA, inclusive de \u201cvenda\u201d de sacos de \u00e1gua a cidad\u00e3os famintos e sedentos pelas ruas da capital Porto Pr\u00edncipe, logo ap\u00f3s o sorriso de Nelson Jobim, a not\u00edcia que sete mil corpos haviam sido enterrados em valas comuns.<\/p>\n<p>E com destaque, o show de Obama, numa das salas da Cervejaria Casa Branca, ao lado de seu vice-presidente e \u201cprincipais\u201d assessores e secret\u00e1rios. O dinheiro gasto numa guerra para controlar o petr\u00f3leo do Iraque teria transformado o Haiti num pa\u00eds menos miser\u00e1vel e dado condi\u00e7\u00f5es ao povo haitiano de construir seu futuro em cima de estruturas pol\u00edticas, econ\u00f4micas e sociais dignas.<\/p>\n<p>As tropas est\u00e3o, no entanto, garantindo a propriedade privada.<\/p>\n<p>Jobim \u00e9 o \u201cgeneral da banda\u201d.<\/p>\n<p>Pior que isso s\u00f3 o pastor Pat Robertson, republicano que disputou e perdeu as pr\u00e9vias \u2013 prim\u00e1rias \u2013 do seu partido. Disse na ter\u00e7a-feira, 12 de janeiro, que o Haiti \u00e9 um \u201cpa\u00eds amaldi\u00e7oado\u201d, pois \u201cfez um pacto com o diabo para se ver livre dos colonizadores franceses e o diabo aceitou\u201d. Falou numa \u201cpropriedade privada\u201d, sua rede de tev\u00ea. Nem William Bonner chegou a tanto, ficou s\u00f3 nas ranhuras das pistas do aeroporto de Congonhas.<\/p>\n<p>S\u00f3 falta o vereador Tico-Tico para &#8220;me ajuuuuudeeeem para que eu possa ajudaaaaar.&#8221;<\/p>\n","protected":false},"excerpt":{"rendered":"\n\n\nCr\u00e9dito: ww.spdc.blogger.com.br\n\n\n\n\nLaerte Braga\nO jornalista Gilberto Scofield, do jornal THE GLOBE \u2013 no Brasil O GLOBO \u2013 em contato telef\u00f4nico com o notici\u00e1rio EM CIMA DA HORA, edi\u00e7\u00e3o das 20 horas de quinta-feira, dia 14 de janeiro, disse, entre outras coisas, que n\u00e3o viu as for\u00e7as \u201chumanit\u00e1rias\u201d das Na\u00e7\u00f5es Unidas coordenando qualquer opera\u00e7\u00e3o de resgate de v\u00edtimas, socorro a desabrigados, feridos, distribui\u00e7\u00e3o de alimentos, \u00e1gua, rem\u00e9dios, que o caos \u00e9 absoluto.\nE um detalhe. Segundo o jornalista as for\u00e7as \u201chumanit\u00e1rias\u201d estavam guardando propriedades privadas. N\u00e3o de trabalhadores haitianos, mas de banqueiros, empres\u00e1rios, figuras do governo e latifundi\u00e1rios.\n<a class=\"moretag\" href=\"https:\/\/pcb.org.br\/portal2\/257\"> <\/a>","protected":false},"author":1,"featured_media":0,"comment_status":"open","ping_status":"open","sticky":false,"template":"","format":"standard","meta":{"jetpack_post_was_ever_published":false,"_jetpack_newsletter_access":"","_jetpack_dont_email_post_to_subs":false,"_jetpack_newsletter_tier_id":0,"_jetpack_memberships_contains_paywalled_content":false,"_jetpack_memberships_contains_paid_content":false,"footnotes":"","jetpack_publicize_message":"","jetpack_publicize_feature_enabled":true,"jetpack_social_post_already_shared":false,"jetpack_social_options":{"image_generator_settings":{"template":"highway","default_image_id":0,"font":"","enabled":false},"version":2}},"categories":[65],"tags":[],"class_list":["post-257","post","type-post","status-publish","format-standard","hentry","category-c78-internacional"],"jetpack_publicize_connections":[],"jetpack_featured_media_url":"","jetpack_shortlink":"https:\/\/wp.me\/p659gw-49","jetpack-related-posts":[],"jetpack_likes_enabled":true,"jetpack_sharing_enabled":true,"_links":{"self":[{"href":"https:\/\/pcb.org.br\/portal2\/wp-json\/wp\/v2\/posts\/257","targetHints":{"allow":["GET"]}}],"collection":[{"href":"https:\/\/pcb.org.br\/portal2\/wp-json\/wp\/v2\/posts"}],"about":[{"href":"https:\/\/pcb.org.br\/portal2\/wp-json\/wp\/v2\/types\/post"}],"author":[{"embeddable":true,"href":"https:\/\/pcb.org.br\/portal2\/wp-json\/wp\/v2\/users\/1"}],"replies":[{"embeddable":true,"href":"https:\/\/pcb.org.br\/portal2\/wp-json\/wp\/v2\/comments?post=257"}],"version-history":[{"count":0,"href":"https:\/\/pcb.org.br\/portal2\/wp-json\/wp\/v2\/posts\/257\/revisions"}],"wp:attachment":[{"href":"https:\/\/pcb.org.br\/portal2\/wp-json\/wp\/v2\/media?parent=257"}],"wp:term":[{"taxonomy":"category","embeddable":true,"href":"https:\/\/pcb.org.br\/portal2\/wp-json\/wp\/v2\/categories?post=257"},{"taxonomy":"post_tag","embeddable":true,"href":"https:\/\/pcb.org.br\/portal2\/wp-json\/wp\/v2\/tags?post=257"}],"curies":[{"name":"wp","href":"https:\/\/api.w.org\/{rel}","templated":true}]}}