{"id":25706,"date":"2020-06-16T17:25:24","date_gmt":"2020-06-16T20:25:24","guid":{"rendered":"https:\/\/pcb.org.br\/portal2\/?p=25706"},"modified":"2020-06-16T17:25:24","modified_gmt":"2020-06-16T20:25:24","slug":"mais-uma-vez-ocupamos-as-ruas","status":"publish","type":"post","link":"https:\/\/pcb.org.br\/portal2\/25706","title":{"rendered":"Mais uma vez ocupamos as ruas!"},"content":{"rendered":"<p><img decoding=\"async\" class=\"imagem\" title=\"imagem\" src=\"https:\/\/i0.wp.com\/lh3.googleusercontent.com\/pw\/ACtC-3dGL4oA_023WWkXic8f5nkQeC7Rz6FtKB9_gv1LE0n9SW_v2h7EiGIU6CXzG-LpsazAQvGKv9Kr2SjmGlhfsfwjJh7z0_vN1oc4JcZeTWip20Lv3xcVRoc-x6Q4TN7tb7Y5J9GA7ycTdrSkjzvIb-XV=w851-h638-no\" alt=\"imagem\" \/><!--more-->Jornal O Poder Popular<\/p>\n<p>Mais uma vez o PCB e seus coletivos ocuparam as ruas, neste domingo, dia 14 de junho, na Avenida Paulista, centro de S\u00e3o Paulo, em Fortaleza (Cear\u00e1) e outras cidades Brasil afora. Somamo-nos a diversos movimentos populares e sociais, \u00e0 Frente Povo Sem Medo e a coletivos de torcedores de esquerda e antifascistas. Ocupamos mais uma vez ruas, pra\u00e7as e avenidas, mesmo em uma conjuntura adversa como a que estamos atravessando, para denunciar a pol\u00edtica genocida, autorit\u00e1ria, golpista e ultraliberal do governo Bolsonaro\/Mour\u00e3o.<\/p>\n<p>Ao se colocar a servi\u00e7o dos interesses dos patr\u00f5es e demais capitalistas, o governo de Bolsonaro, Mour\u00e3o e Guedes busca n\u00e3o apenas destruir os direitos sociais e trabalhistas, atacar as liberdades democr\u00e1ticas duramente conquistadas na luta contra a ditadura de 1964-1985, impor uma pol\u00edtica de terra arrasada contra o meio ambiente, avan\u00e7ar com as privatiza\u00e7\u00f5es e entrega das riquezas nacionais. Trata-se de fato de um governo assassino, que adotou a pol\u00edtica de deixar matar e deixar morrer na pandemia, colocando cada vez mais em risco as vidas do conjunto da classe trabalhadora brasileira, com destaque para negros e negras, povos ind\u00edgenas e LGBTTIs.<\/p>\n<p>Enquanto destina trilh\u00f5es de reais a banqueiros e bilh\u00f5es a serem administrados por integrantes do Centr\u00e3o, a fim de garantir sempre as vota\u00e7\u00f5es de projetos antipovo no Congresso Nacional, a m\u00e1fia que instalada no Pal\u00e1cio do Planalto sabota o distanciamento social, recusa-se a conceder cr\u00e9ditos a micro e pequenas empresas e boicota o pagamento do aux\u00edlio emergencial, deixando criminosamente milhares de pessoas nas filas da fome diante da Caixa Econ\u00f4mica Federal, al\u00e9m de provocar o crescimento vertiginoso do desemprego.<\/p>\n<p>Sabemos que a conjuntura requer cuidados, que devemos prezar pelo isolamento e evitar aglomera\u00e7\u00f5es, contudo, o direito \u00e0 quarentena foi retirado das pessoas que n\u00e3o t\u00eam como sobreviver sem sair de casa, a exemplo dos\/as trabalhadores\/as dos servi\u00e7os essenciais, ambulantes, dom\u00e9sticas cujos patr\u00f5es e patroas n\u00e3o abrem m\u00e3o de sua presen\u00e7a no trabalho, trabalhadores de aplicativos e precarizados em geral, situa\u00e7\u00e3o que foi ainda mais agravada com a chamada &#8220;flexibiliza\u00e7\u00e3o&#8221; das medidas de isolamento e a reabertura do com\u00e9rcio e de atividades n\u00e3o essenciais, t\u00e3o somente para atender os desejos de lucros dos ricos e poderosos, que incentiva o consumismo e provoca aglomera\u00e7\u00f5es criminosas.<\/p>\n<p>\u00c9 inadmiss\u00edvel que a volta \u00e0 dita normalidade seja marcada pela amplia\u00e7\u00e3o da explora\u00e7\u00e3o da classe trabalhadora, com a reabertura descontrolada da economia. O retorno \u00e0s atividades econ\u00f4micas deveria ser pensado com a ado\u00e7\u00e3o de um plano que previsse, acima de tudo, a m\u00e1xima redu\u00e7\u00e3o dos riscos \u00e0s vidas e milh\u00f5es de trabalhadores. Mas governo federal, governos estaduais e prefeituras, dominados por cons\u00f3rcios burgueses de norte a sul do pa\u00eds, est\u00e3o pouco se lixando com a sa\u00fade e a vida do povo trabalhador.<\/p>\n<p>Por tudo isso seguiremos nas ruas defendendo o direito ao isolamento horizontal como pol\u00edtica de preven\u00e7\u00e3o ao cont\u00e1gio do coronav\u00edrus, em defesa dos empregos e sal\u00e1rios, em defesa da renda m\u00ednima e de sua amplia\u00e7\u00e3o em alcance e em valor, assim como levantando a bandeira do SUS 100% estatal, p\u00fablico, universal e gratuito. Continuaremos indo \u00e0s ruas pregar pelas liberdades democr\u00e1ticas seriamente amea\u00e7adas pelas a\u00e7\u00f5es de Bolsonaro, Mour\u00e3o e seus seguidores fascistas, denunciando o golpismo, o racismo e o reacionarismo, marcas indel\u00e9veis desse governo de extrema direita.<\/p>\n<p>Antes, durante e ap\u00f3s a pandemia, o caminho \u00e9 a auto-organiza\u00e7\u00e3o da classe trabalhadora e da juventude, em seus locais de trabalho, moradia e estudo, combatendo mais do que nunca a pol\u00edtica de exterm\u00ednio do Estado burgu\u00eas, atuando na mais ampla unidade de a\u00e7\u00e3o contra o governo e as amea\u00e7as fascistas, avan\u00e7ando, com nossos instrumentos de resist\u00eancia e luta &#8211; nosso Partido e Coletivos, integrando a Frente Povo Sem Medo e o F\u00f3rum Sindical, Popular e de Juventudes por Direitos e Liberdades e &#8211; na constru\u00e7\u00e3o da alternativa popular e socialista para o Brasil.<\/p>\n<p>Fora Bolsonaro e Mour\u00e3o!<\/p>\n<p>Pelo Poder Popular no rumo do Socialismo!<\/p>\n","protected":false},"excerpt":{"rendered":"<a class=\"moretag\" href=\"https:\/\/pcb.org.br\/portal2\/25706\"> <\/a>","protected":false},"author":1,"featured_media":0,"comment_status":"closed","ping_status":"closed","sticky":false,"template":"","format":"standard","meta":{"jetpack_post_was_ever_published":false,"_jetpack_newsletter_access":"","_jetpack_dont_email_post_to_subs":false,"_jetpack_newsletter_tier_id":0,"_jetpack_memberships_contains_paywalled_content":false,"_jetpack_memberships_contains_paid_content":false,"footnotes":"","jetpack_publicize_message":"","jetpack_publicize_feature_enabled":true,"jetpack_social_post_already_shared":true,"jetpack_social_options":{"image_generator_settings":{"template":"highway","default_image_id":0,"font":"","enabled":false},"version":2}},"categories":[140],"tags":[221],"class_list":["post-25706","post","type-post","status-publish","format-standard","hentry","category-c140-jornal-o-poder-popular","tag-2a"],"jetpack_publicize_connections":[],"jetpack_featured_media_url":"","jetpack_shortlink":"https:\/\/wp.me\/p659gw-6GC","jetpack-related-posts":[],"jetpack_likes_enabled":true,"jetpack_sharing_enabled":true,"_links":{"self":[{"href":"https:\/\/pcb.org.br\/portal2\/wp-json\/wp\/v2\/posts\/25706","targetHints":{"allow":["GET"]}}],"collection":[{"href":"https:\/\/pcb.org.br\/portal2\/wp-json\/wp\/v2\/posts"}],"about":[{"href":"https:\/\/pcb.org.br\/portal2\/wp-json\/wp\/v2\/types\/post"}],"author":[{"embeddable":true,"href":"https:\/\/pcb.org.br\/portal2\/wp-json\/wp\/v2\/users\/1"}],"replies":[{"embeddable":true,"href":"https:\/\/pcb.org.br\/portal2\/wp-json\/wp\/v2\/comments?post=25706"}],"version-history":[{"count":0,"href":"https:\/\/pcb.org.br\/portal2\/wp-json\/wp\/v2\/posts\/25706\/revisions"}],"wp:attachment":[{"href":"https:\/\/pcb.org.br\/portal2\/wp-json\/wp\/v2\/media?parent=25706"}],"wp:term":[{"taxonomy":"category","embeddable":true,"href":"https:\/\/pcb.org.br\/portal2\/wp-json\/wp\/v2\/categories?post=25706"},{"taxonomy":"post_tag","embeddable":true,"href":"https:\/\/pcb.org.br\/portal2\/wp-json\/wp\/v2\/tags?post=25706"}],"curies":[{"name":"wp","href":"https:\/\/api.w.org\/{rel}","templated":true}]}}