{"id":25728,"date":"2020-06-22T21:33:57","date_gmt":"2020-06-23T00:33:57","guid":{"rendered":"https:\/\/pcb.org.br\/portal2\/?p=25728"},"modified":"2020-06-22T21:33:57","modified_gmt":"2020-06-23T00:33:57","slug":"venezuela-nao-ao-bloqueio-imperialista","status":"publish","type":"post","link":"https:\/\/pcb.org.br\/portal2\/25728","title":{"rendered":"Venezuela: N\u00c3O ao bloqueio imperialista!"},"content":{"rendered":"<p><img decoding=\"async\" class=\"imagem\" title=\"imagem\" src=\"https:\/\/i0.wp.com\/lh3.googleusercontent.com\/pw\/ACtC-3edo8bs2gk4UMDeVJS76v0kYpFdSE0F-GEMQJYa2aePpl557wf_YJf5UBpznZMeij9etvmsikMvHVUg7zatZjNOyY7qOJzNlFCjUi2PvW5IIy-vqdOOT_56NkA3dQRLpeEiiV876j2tSBs_nrfjfygS=s638-no\" alt=\"imagem\" \/><!--more-->A inger\u00eancia imperialista dos Estados Unidos e seus aliados sobre a Venezuela tem tentado minar a soberania e o direito de autodetermina\u00e7\u00e3o do povo venezuelano, de diferentes e criminosas formas, desde o bloqueio econ\u00f4mico at\u00e9 o embate ideol\u00f3gico e a\u00e7\u00f5es militares.<\/p>\n<p>Ressalte-se que o bloqueio econ\u00f4mico serve como tentativa de curvar o povo venezuelano aos interesses econ\u00f4micos da burguesia estadunidense, e n\u00e3o cessa mesmo em tempos de pandemia, mostrando \u00e0s claras que, para alguns , os lucros est\u00e3o acima das vidas. Apesar disso, por\u00e9m, na Venezuela a pandemia vem sendo encarada de maneira s\u00e9ria e respons\u00e1vel, e o pa\u00eds apresenta n\u00fameros positivos em compara\u00e7\u00e3o com outros pa\u00edses da regi\u00e3o &#8211; como \u00e9 o caso do Brasil.<\/p>\n<p>Com o bloqueio, a ind\u00fastria venezuelana vem sendo cada ano mais comprometida e, com vistas a remediar a situa\u00e7\u00e3o, Venezuela e Ir\u00e3 &#8211; pa\u00eds que tamb\u00e9m sofre san\u00e7\u00f5es estadunidenses &#8211; estabeleceram uma coopera\u00e7\u00e3o bilateral, da qual j\u00e1 resultou o envio \u00e0 Venezuela de combust\u00edvel, de produtos qu\u00edmicos e de insumos m\u00e9dicos.<\/p>\n<p>Mas n\u00e3o \u00e9 s\u00f3 na frente econ\u00f4mica que os Estados Unidos operam para atacar a Venezuela. S\u00e3o recorrentes as tentativas de golpe e de atentados contra o governo democraticamente eleito de Nicol\u00e1s Maduro: desde ataques por drones com explosivos, em 2018; passando por um deputado da oposi\u00e7\u00e3o que se autoproclamou presidente da Venezuela, com apoio dos Estados Unidos e de seus lacaios; at\u00e9 a \u00faltima tentativa de invas\u00e3o de um grupo paramilitar interceptada por pescadores socialistas, na fronteira com a Col\u00f4mbia, no dia 3 de maio: a Opera\u00e7\u00e3o Gede\u00f3n.<\/p>\n<p>Perceberemos que n\u00e3o \u00e9 por acaso que a Opera\u00e7\u00e3o Gede\u00f3n se tenha tentado realizar na fronteira da Venezuela com a Col\u00f4mbia, se considerarmos a subservi\u00eancia do governo de Iv\u00e1n Duque ao governo de Donald Trump. Em maio, foi anunciado que neste m\u00eas de junho seria enviado um contingente de militares das Brigadas de Assist\u00eancia \u00e0s For\u00e7as de Seguran\u00e7a dos Estados Unidos, supostamente para combater o narcotr\u00e1fico na Col\u00f4mbia. Essa medida, no entanto, al\u00e9m de ileg\u00edtima e inconstitucional, claramente representa uma amea\u00e7a \u00e0 paz e \u00e0 estabilidade no continente.<\/p>\n<p>Refor\u00e7a ainda a tens\u00e3o no continente o comunicado do Minist\u00e9rio das Rela\u00e7\u00f5es Exteriores do governo Bolsonaro, que determinava a expuls\u00e3o de todos os diplomatas venezuelanos do Brasil. Embora o STF tenha suspendido a decis\u00e3o, esta suspens\u00e3o se fundamentou no contexto de pandemia que estamos vivendo, n\u00e3o na soberania e no direito de autodetermina\u00e7\u00e3o do povo venezuelano. Embora tamb\u00e9m seja leg\u00edtima a preocupa\u00e7\u00e3o com a sa\u00fade dos diplomatas venezuelanos no Brasil, sabemos que a amea\u00e7a dessa expuls\u00e3o ainda paira no ar, e mais: um grupo de venezuelanos residentes no Brasil realizou atos pedindo a expuls\u00e3o desses mesmos diplomatas. \u00c9 de se considerar, tamb\u00e9m, a invas\u00e3o \u00e0 embaixada venezuelana em Bras\u00edlia, por parte de grupos alinhados \u00e0 extrema-direita bolsonarista, em novembro do ano passado.<\/p>\n<p>E h\u00e1 ainda a investida no campo ideol\u00f3gico. Para citarmos apenas o Brasil, s\u00e3o de se recha\u00e7ar as covardes, vis e desonestas compara\u00e7\u00f5es, na imprensa burguesa, de Hugo Ch\u00e1vez ou Nicol\u00e1s Maduro a Jair Bolsonaro, numa tentativa de colocar esquerda e extrema-direita num mesmo saco; e a propaga\u00e7\u00e3o de mentiras e distor\u00e7\u00f5es sobre a Venezuela.<\/p>\n<p>Considerando os elementos expostos, a legitimidade do governo de Nicol\u00e1s Maduro, a soberania e o direito de autodetermina\u00e7\u00e3o do povo venezuelano, a ilegitimidade das investidas imperialistas sobre o pa\u00eds e amea\u00e7a \u00e0 paz no continente, vimos manifestar nosso rep\u00fadio \u00e0 inger\u00eancia imperialista na Venezuela e sua solidariedade ao povo venezuelano nesse grave momento.<\/p>\n<p>#ImperialistasManosFueraDeVenezuela<\/p>\n<p>#PorLaPazContinental<\/p>\n<p>Comit\u00ea de Solidariedade aos Povos e pelo Socialismo (Cear\u00e1)<\/p>\n","protected":false},"excerpt":{"rendered":"<a class=\"moretag\" href=\"https:\/\/pcb.org.br\/portal2\/25728\"> <\/a>","protected":false},"author":1,"featured_media":0,"comment_status":"closed","ping_status":"closed","sticky":false,"template":"","format":"standard","meta":{"jetpack_post_was_ever_published":false,"_jetpack_newsletter_access":"","_jetpack_dont_email_post_to_subs":false,"_jetpack_newsletter_tier_id":0,"_jetpack_memberships_contains_paywalled_content":false,"_jetpack_memberships_contains_paid_content":false,"footnotes":"","jetpack_publicize_message":"","jetpack_publicize_feature_enabled":true,"jetpack_social_post_already_shared":true,"jetpack_social_options":{"image_generator_settings":{"template":"highway","default_image_id":0,"font":"","enabled":false},"version":2}},"categories":[71],"tags":[225],"class_list":["post-25728","post","type-post","status-publish","format-standard","hentry","category-c84-solidariedade","tag-4a"],"jetpack_publicize_connections":[],"jetpack_featured_media_url":"","jetpack_shortlink":"https:\/\/wp.me\/p659gw-6GY","jetpack-related-posts":[],"jetpack_likes_enabled":true,"jetpack_sharing_enabled":true,"_links":{"self":[{"href":"https:\/\/pcb.org.br\/portal2\/wp-json\/wp\/v2\/posts\/25728","targetHints":{"allow":["GET"]}}],"collection":[{"href":"https:\/\/pcb.org.br\/portal2\/wp-json\/wp\/v2\/posts"}],"about":[{"href":"https:\/\/pcb.org.br\/portal2\/wp-json\/wp\/v2\/types\/post"}],"author":[{"embeddable":true,"href":"https:\/\/pcb.org.br\/portal2\/wp-json\/wp\/v2\/users\/1"}],"replies":[{"embeddable":true,"href":"https:\/\/pcb.org.br\/portal2\/wp-json\/wp\/v2\/comments?post=25728"}],"version-history":[{"count":0,"href":"https:\/\/pcb.org.br\/portal2\/wp-json\/wp\/v2\/posts\/25728\/revisions"}],"wp:attachment":[{"href":"https:\/\/pcb.org.br\/portal2\/wp-json\/wp\/v2\/media?parent=25728"}],"wp:term":[{"taxonomy":"category","embeddable":true,"href":"https:\/\/pcb.org.br\/portal2\/wp-json\/wp\/v2\/categories?post=25728"},{"taxonomy":"post_tag","embeddable":true,"href":"https:\/\/pcb.org.br\/portal2\/wp-json\/wp\/v2\/tags?post=25728"}],"curies":[{"name":"wp","href":"https:\/\/api.w.org\/{rel}","templated":true}]}}