{"id":25735,"date":"2020-06-24T22:49:54","date_gmt":"2020-06-25T01:49:54","guid":{"rendered":"https:\/\/pcb.org.br\/portal2\/?p=25735"},"modified":"2020-06-24T22:49:54","modified_gmt":"2020-06-25T01:49:54","slug":"26-06-dia-internacional-de-luta-contra-a-tortura","status":"publish","type":"post","link":"https:\/\/pcb.org.br\/portal2\/25735","title":{"rendered":"26\/06: Dia Internacional de Luta contra a Tortura"},"content":{"rendered":"<p><img decoding=\"async\" class=\"imagem\" title=\"imagem\" src=\"https:\/\/i0.wp.com\/lh3.googleusercontent.com\/pw\/ACtC-3eL9czbsOjgv_EtSemUrkkYozqjBTU3SpWG5G1_lrCUXncr82V-YCvLEvvj3RWZgsz2gIrvfARDqOSOvBfeCExhKRHGIyWq_BEq0cpsyknsSQHzvkPnKjbgnIf5fZwqrZJZ7ixYoqLh6yhlt9QSJkb4=s638-no\" alt=\"imagem\" \/><!--more-->No Brasil a tortura \u00e9 e sempre foi uma arma pol\u00edtica contra o povo negro escravizado e empobrecido, contra os povos ind\u00edgenas massacrados e marginalizados, contra opositores pol\u00edticos de regimes autorit\u00e1rios e tantas \u2018Mulheres, Tamoios e Mulatos de um pa\u00eds que n\u00e3o est\u00e1 no retrato\u2019, como cantou a Mangueira em 2019.<\/p>\n<p>Conclamamos as organiza\u00e7\u00f5es, coletivos, movimentos, partidos e frentes, m\u00eddias alternativas, populares, comunit\u00e1rias, sindicais e partid\u00e1rias, a se envolverem na constru\u00e7\u00e3o horizontal e divulga\u00e7\u00e3o espont\u00e2nea da CAMPANHA #TodosContraTortura, com o objetivo de marcar o compromisso internacional expresso na Conven\u00e7\u00e3o Internacional Contra a Tortura, em vigor desde 26 de junho de 1987 (Dia Internacional de Luta Contra a Tortura).<\/p>\n<p>O Brasil assinou a Conven\u00e7\u00e3o em 1989, mas os \u00faltimos 31 anos foram marcados pela repeti\u00e7\u00e3o das torturas como pr\u00e1tica de Estado nas favelas e periferias; nas penitenci\u00e1rias, centros socioeducativos e psiqui\u00e1tricos; na viol\u00eancia policial contra pessoas negras, pobres, LGBTQI+ e outros setores sociais contra os quais a democracia, o acesso \u00e0 justi\u00e7a e os direitos humanos s\u00e3o valores diariamente desrespeitados.<\/p>\n<p>O punitivismo, o racismo, a \u201ccura gay\u201d, a \u201cguerra \u00e0s drogas\u201d, os manic\u00f4mios, o encarceramento em massa, o negacionismo em rela\u00e7\u00e3o \u00e0s viol\u00eancias e consequ\u00eancias da escravid\u00e3o e da ditadura civil-militar de 1964, a militariza\u00e7\u00e3o das pol\u00edcias, o monop\u00f3lio policial das per\u00edcias forenses, os exames criminol\u00f3gicos, as revistas vexat\u00f3rias, a desigualdade social, o fascismo e o bolsonarismo que adula Ustra, ofende familiares e sobreviventes e avilta quilombolas, s\u00e3o, em nosso pa\u00eds, ferramentas de perpetua\u00e7\u00e3o, naturaliza\u00e7\u00e3o e institucionaliza\u00e7\u00e3o da TORTURA.<\/p>\n<p>AFIRME O SEU COMPROMISSO ANTI-TORTURA.<\/p>\n<p>Como participar:<\/p>\n<p>Compartilhe materiais junto \u00e0 Campanha #TodosContraTortura;<br \/>\nProduza seus pr\u00f3prios materiais, v\u00eddeos, cartas, proje\u00e7\u00f5es hashtags etc., somando a sigla #TodosContraTortura;<br \/>\nPromova debates virtuais sobre o tema a partir da perspectiva de seu grupo e organiza\u00e7\u00e3o;<br \/>\nDivulgue sua iniciativa em um twita\u00e7o dia 26\/06 contra a viol\u00eancia de Estado.<\/p>\n<p>POR MEM\u00d3RIA, VERDADE, JUSTI\u00c7A e REPARA\u00c7\u00c3O &#8211; Hist\u00f3rica, Racial, Ambiental, Social, Psicol\u00f3gica e Pol\u00edtica<\/p>\n<p>#TodosContraTortura<\/p>\n<p>Coletivo RJ, Mem\u00f3ria, Verdade, Justi\u00e7a e Repara\u00e7\u00e3o<\/p>\n","protected":false},"excerpt":{"rendered":"<a class=\"moretag\" href=\"https:\/\/pcb.org.br\/portal2\/25735\"> <\/a>","protected":false},"author":1,"featured_media":0,"comment_status":"closed","ping_status":"closed","sticky":false,"template":"","format":"standard","meta":{"jetpack_post_was_ever_published":false,"_jetpack_newsletter_access":"","_jetpack_dont_email_post_to_subs":false,"_jetpack_newsletter_tier_id":0,"_jetpack_memberships_contains_paywalled_content":false,"_jetpack_memberships_contains_paid_content":false,"footnotes":"","jetpack_publicize_message":"","jetpack_publicize_feature_enabled":true,"jetpack_social_post_already_shared":true,"jetpack_social_options":{"image_generator_settings":{"template":"highway","default_image_id":0,"font":"","enabled":false},"version":2}},"categories":[53],"tags":[233],"class_list":["post-25735","post","type-post","status-publish","format-standard","hentry","category-c64-ditadura","tag-6a"],"jetpack_publicize_connections":[],"jetpack_featured_media_url":"","jetpack_shortlink":"https:\/\/wp.me\/p659gw-6H5","jetpack-related-posts":[],"jetpack_likes_enabled":true,"jetpack_sharing_enabled":true,"_links":{"self":[{"href":"https:\/\/pcb.org.br\/portal2\/wp-json\/wp\/v2\/posts\/25735","targetHints":{"allow":["GET"]}}],"collection":[{"href":"https:\/\/pcb.org.br\/portal2\/wp-json\/wp\/v2\/posts"}],"about":[{"href":"https:\/\/pcb.org.br\/portal2\/wp-json\/wp\/v2\/types\/post"}],"author":[{"embeddable":true,"href":"https:\/\/pcb.org.br\/portal2\/wp-json\/wp\/v2\/users\/1"}],"replies":[{"embeddable":true,"href":"https:\/\/pcb.org.br\/portal2\/wp-json\/wp\/v2\/comments?post=25735"}],"version-history":[{"count":0,"href":"https:\/\/pcb.org.br\/portal2\/wp-json\/wp\/v2\/posts\/25735\/revisions"}],"wp:attachment":[{"href":"https:\/\/pcb.org.br\/portal2\/wp-json\/wp\/v2\/media?parent=25735"}],"wp:term":[{"taxonomy":"category","embeddable":true,"href":"https:\/\/pcb.org.br\/portal2\/wp-json\/wp\/v2\/categories?post=25735"},{"taxonomy":"post_tag","embeddable":true,"href":"https:\/\/pcb.org.br\/portal2\/wp-json\/wp\/v2\/tags?post=25735"}],"curies":[{"name":"wp","href":"https:\/\/api.w.org\/{rel}","templated":true}]}}