{"id":25737,"date":"2020-06-24T22:51:54","date_gmt":"2020-06-25T01:51:54","guid":{"rendered":"https:\/\/pcb.org.br\/portal2\/?p=25737"},"modified":"2020-06-24T22:51:54","modified_gmt":"2020-06-25T01:51:54","slug":"contra-a-exclusao-do-nkpj-das-eleicoes-servias","status":"publish","type":"post","link":"https:\/\/pcb.org.br\/portal2\/25737","title":{"rendered":"Contra a exclus\u00e3o do NKPJ das elei\u00e7\u00f5es s\u00e9rvias"},"content":{"rendered":"<p><img decoding=\"async\" class=\"imagem\" title=\"imagem\" src=\"https:\/\/i0.wp.com\/inter.kke.gr\/export\/sites\/inter\/.content\/images\/news\/kinitopoiisi-kke-kne-06.jpg_376170967.jpg\" alt=\"imagem\" \/><!--more-->KKE-KNE: Protesto em frente \u00e0 Embaixada S\u00e9rvia contra a inaceit\u00e1vel exclus\u00e3o do NKPJ das elei\u00e7\u00f5es s\u00e9rvias<\/p>\n<p>Comit\u00ea Central do Partido Comunista da Gr\u00e9cia (KKE)<\/p>\n<p>O Partido Comunista da Gr\u00e9cia (KKE) e a Juventude Comunista da Gr\u00e9cia (KNE) organizaram um protesto em frente \u00e0 Embaixada da S\u00e9rvia em Atenas nesta sexta-feira, dia 19 de junho de 2020, denunciando a inaceit\u00e1vel exclus\u00e3o, pela Comiss\u00e3o Eleitoral do pa\u00eds, da lista de vota\u00e7\u00e3o \u201cSocialismo \u00e9 a \u00fanica sa\u00edda\u201d, da qual o Novo Partido Comunista da Iugosl\u00e1via (NKPJ) faz parte, para as elei\u00e7\u00f5es de junho deste ano.<\/p>\n<p>Uma delega\u00e7\u00e3o do Partido liderada por Lefteris Nikolaou-Alavanos, eurodeputado do KKE, reuniu-se com Alexandra Stankovic, Primeira Secret\u00e1ria da Embaixada, e expressou o grande protesto do KKE contra esse procedimento, escrevendo uma carta formal que afirma:<\/p>\n<p>\u201cO Partido Comunista da Gr\u00e9cia (KKE) denuncia e condena a exclus\u00e3o, a discrimina\u00e7\u00e3o injusta e os pretextos usados contra o Novo Partido Comunista da Iugosl\u00e1via (NKPJ) e a lista eleitoral de que participa, que resultou na decis\u00e3o da Comiss\u00e3o Eleitoral da S\u00e9rvia de n\u00e3o permitir sua participa\u00e7\u00e3o nas Elei\u00e7\u00f5es Nacionais de 21 de junho.<\/p>\n<p>O NKPJ encaminhou no prazo a documenta\u00e7\u00e3o exigida para registro de sua candidatura e as assinaturas necess\u00e1rias. Apesar disso, a Comiss\u00e3o Eleitoral, com v\u00e1rios falsos pretextos, n\u00e3o aceitou a candidatura. Em decorr\u00eancia dessas medidas, o NKPJ entrou com um recurso, que foi rejeitado pela Corte Administrativa de Belgrado.<\/p>\n<p>Devemos mencionar que, embora a lista eleitoral dos comunistas tenha sido rejeitada, outras listas de for\u00e7as burguesas reacion\u00e1rias foram aceitas, mesmo n\u00e3o tendo cumprido os pr\u00e9-requisitos.<\/p>\n<p>\u00c9 uma decis\u00e3o pol\u00edtica que visa criar obst\u00e1culos para a atividade pol\u00edtica e para a difus\u00e3o das ideias comunistas na S\u00e9rvia.<\/p>\n<p>O KKE expressa sua solidariedade com o NKPJ e exige que a Embaixada da S\u00e9rvia em Atenas transfira para seu governo e para a Comiss\u00e3o Eleitoral nossa forte den\u00fancia contra essa exclus\u00e3o inaceit\u00e1vel.\u201d<\/p>\n<p>Dispon\u00edvel em: https:\/\/inter.kke.gr\/en\/articles\/KKE-KNE-Protest-outside-of-the-Serbian-Embassy-against-the-unacceptable-exclusion-of-the-NCPY-from-the-serbian-elections\/<\/p>\n<p>Tradu\u00e7\u00e3o: Partido Comunista Brasileiro (PCB)<\/p>\n","protected":false},"excerpt":{"rendered":"<a class=\"moretag\" href=\"https:\/\/pcb.org.br\/portal2\/25737\"> <\/a>","protected":false},"author":1,"featured_media":0,"comment_status":"closed","ping_status":"closed","sticky":false,"template":"","format":"standard","meta":{"jetpack_post_was_ever_published":false,"_jetpack_newsletter_access":"","_jetpack_dont_email_post_to_subs":false,"_jetpack_newsletter_tier_id":0,"_jetpack_memberships_contains_paywalled_content":false,"_jetpack_memberships_contains_paid_content":false,"footnotes":"","jetpack_publicize_message":"","jetpack_publicize_feature_enabled":true,"jetpack_social_post_already_shared":true,"jetpack_social_options":{"image_generator_settings":{"template":"highway","default_image_id":0,"font":"","enabled":false},"version":2}},"categories":[107],"tags":[228],"class_list":["post-25737","post","type-post","status-publish","format-standard","hentry","category-c120-grecia","tag-5b"],"jetpack_publicize_connections":[],"jetpack_featured_media_url":"","jetpack_shortlink":"https:\/\/wp.me\/p659gw-6H7","jetpack-related-posts":[],"jetpack_likes_enabled":true,"jetpack_sharing_enabled":true,"_links":{"self":[{"href":"https:\/\/pcb.org.br\/portal2\/wp-json\/wp\/v2\/posts\/25737","targetHints":{"allow":["GET"]}}],"collection":[{"href":"https:\/\/pcb.org.br\/portal2\/wp-json\/wp\/v2\/posts"}],"about":[{"href":"https:\/\/pcb.org.br\/portal2\/wp-json\/wp\/v2\/types\/post"}],"author":[{"embeddable":true,"href":"https:\/\/pcb.org.br\/portal2\/wp-json\/wp\/v2\/users\/1"}],"replies":[{"embeddable":true,"href":"https:\/\/pcb.org.br\/portal2\/wp-json\/wp\/v2\/comments?post=25737"}],"version-history":[{"count":0,"href":"https:\/\/pcb.org.br\/portal2\/wp-json\/wp\/v2\/posts\/25737\/revisions"}],"wp:attachment":[{"href":"https:\/\/pcb.org.br\/portal2\/wp-json\/wp\/v2\/media?parent=25737"}],"wp:term":[{"taxonomy":"category","embeddable":true,"href":"https:\/\/pcb.org.br\/portal2\/wp-json\/wp\/v2\/categories?post=25737"},{"taxonomy":"post_tag","embeddable":true,"href":"https:\/\/pcb.org.br\/portal2\/wp-json\/wp\/v2\/tags?post=25737"}],"curies":[{"name":"wp","href":"https:\/\/api.w.org\/{rel}","templated":true}]}}