{"id":25811,"date":"2020-07-09T23:49:14","date_gmt":"2020-07-10T02:49:14","guid":{"rendered":"https:\/\/pcb.org.br\/portal2\/?p=25811"},"modified":"2020-07-10T20:55:47","modified_gmt":"2020-07-10T23:55:47","slug":"breque-dos-apps-uma-greve-historica-dos-en","status":"publish","type":"post","link":"https:\/\/pcb.org.br\/portal2\/25811","title":{"rendered":"Campanha nacional FORA BOLSONARO"},"content":{"rendered":"<p><img decoding=\"async\" class=\"imagem\" title=\"imagem\" src=\"https:\/\/i0.wp.com\/lh3.googleusercontent.com\/pw\/ACtC-3enAy2OSyrV9R0kCl-YnodUAyJUqeb2kxdV7zyZaUkTBIJ5Pil5xG0_0jLIG7QXGOO8TZXtH-1doTewfAMwm3qs7Xg7n3U3HmfoAcdRE2y_nhyNTFK01bp4J9N97HnbnpPbO4x9Vbvz53-vegf4qNmY=s638-no\" alt=\"imagem\" \/><!--more-->Jornal O Poder Popular<\/p>\n<p>O Partido Comunista Brasileiro (PCB) tem como sua bandeira de luta central na conjuntura atual o FORA BOLSONARO, MOUR\u00c3O E GUEDES, visando mobilizar o povo trabalhador para barrar a pol\u00edtica genocida e de destrui\u00e7\u00e3o de direitos sociais e pol\u00edticos praticada pelo governo federal em favor do capital e do imperialismo. No entanto, o PCB participa tamb\u00e9m das articula\u00e7\u00f5es que envolvem a campanha FORA BOLSONARO, numa ampla unidade de a\u00e7\u00e3o com as for\u00e7as de oposi\u00e7\u00e3o ao governo, dentro da qual priorizamos a participa\u00e7\u00e3o nos espa\u00e7os em que est\u00e3o presentes as organiza\u00e7\u00f5es populares e os partidos de esquerda.<\/p>\n<p>Nos pr\u00f3ximos dias 10, 11 e 12 de julho (sexta, s\u00e1bado e domingo), acontecer\u00e1 a Jornada de Lutas do FORA BOLSONARO, estruturada no interior do Operativo Nacional que re\u00fane as Frentes Povo Sem Medo e Brasil Popular, assim como as centrais sindicais, partidos de esquerda e entidades nacionais que atuam no movimento popular e de juventude, que divulgam o manifesto abaixo.<\/p>\n<p>Campanha Nacional Fora Bolsonaro<\/p>\n<p>Estamos atravessando um dos momentos mais desafiadores da hist\u00f3ria do nosso pa\u00eds. A sociedade brasileira est\u00e1 vivendo simultaneamente uma crise sanit\u00e1ria, uma crise econ\u00f4mica e uma crise pol\u00edtica, para as quais ainda n\u00e3o temos perspectiva de supera\u00e7\u00e3o. Nesse contexto de pandemia, quando o Brasil ponteia a lideran\u00e7a mundial no n\u00famero mortos pela COVID-19, acelerou-se a escalada autorit\u00e1ria por parte do Governo Bolsonaro. N\u00e3o h\u00e1 mais d\u00favidas de que h\u00e1 uma disposi\u00e7\u00e3o na c\u00fapula do Executivo Federal em promover o fechamento do regime, atrav\u00e9s da conten\u00e7\u00e3o dos demais poderes, da instrumentaliza\u00e7\u00e3o para fins pol\u00edticos de \u00f3rg\u00e3os de intelig\u00eancia, investiga\u00e7\u00e3o e seguran\u00e7a e do est\u00edmulo \u00e0 movimentos na sociedade civil de car\u00e1ter neofascista.<\/p>\n<p>Na mesma medida em que o arb\u00edtrio se imp\u00f5e, h\u00e1 um crescente movimento de insatisfa\u00e7\u00e3o na sociedade brasileira que tem se expressado na palavra de ordem: Fora Bolsonaro! J\u00e1 h\u00e1 uma ampla maioria na sociedade que se op\u00f5e a este governo. Torna-se urgente reunirmos as organiza\u00e7\u00f5es pol\u00edticas e entidade sociais que est\u00e3o comprometidas com a democracia para estabelecermos iniciativas conjuntas na defesa do nosso pa\u00eds. No \u00faltimo dia 23 de Junho, a Frente Brasil Popular e a Frente Povo Sem Medo, juntamente com as Centrais Sindicais e mais de 40 organiza\u00e7\u00f5es representando diferentes segmentos sociais (religioso, ambiental, cultural, etc.) constitu\u00edram um iniciativa de articula\u00e7\u00e3o de todo o espectro pol\u00edtico que defende a bandeira Fora Bolsonaro.<\/p>\n<p>Como forma de lan\u00e7ar esta \u201cCampanha Nacional Fora Bolsonaro\u201d na sociedade definiu-se a convoca\u00e7\u00e3o de duas agendas iniciais: o Dia Nacional de Mobiliza\u00e7\u00e3o Fora Bolsonaro apontado para o dia 10\/07 e a Plen\u00e1ria Nacional Fora Bolsonaro que ser\u00e1 realizada no dia 11\/07. Para dar consequ\u00eancia a essas iniciativas apresentamos abaixo as seguintes orienta\u00e7\u00f5es para todas as organiza\u00e7\u00f5es e entidades que se identificam com esta Campanha:<\/p>\n<p>I- Dia Nacional de Mobiliza\u00e7\u00e3o Fora Bolsonaro \u2013 10\/07<br \/>\na. Realizar a\u00e7\u00f5es simb\u00f3licas nas principais cidades do Brasil denunciando a pol\u00edtica genocida de Bolsonaro frente \u00e0 pandemia. A sugest\u00e3o \u00e9 que se fa\u00e7a uma instala\u00e7\u00e3o com dezenas de cruzes brancas em locais de grande circula\u00e7\u00e3o de pessoas ou em pontos tur\u00edsticos dessas cidades, circundando uma faixa (da cor preta) com a inscri\u00e7\u00e3o Fora Bolsonaro (em branco). Tais a\u00e7\u00f5es devem respeitar os cuidados sanit\u00e1rios e de distanciamento social.<br \/>\nb. Realizar a\u00e7\u00f5es de agita\u00e7\u00e3o nas ruas com a identidade visual da Campanha: colagem de lambe, \u201cadesiva\u00e7os\u201d, faixas em viadutos, passar com carro de som nas comunidades, etc. Todos esses materiais ser\u00e3o disponibilizados em um kit m\u00eddia a ser enviado para as organiza\u00e7\u00f5es e disponibilizado na internet.<br \/>\nc. Promover assembleias nos locais de trabalho debatendo com os trabalhadores sobre o atual momento pol\u00edtico e a responsabilidade de Bolsonaro pelo aprofundamento dessa crise.<br \/>\nd. Estimular que todas as pessoas coloquem um pano preto.<br \/>\ne. Participar e divulgar o twita\u00e7o que ser\u00e1 realizado \u00e0s 11h no dia 10 de Julho.<br \/>\nf. Participar e divulgar o panela\u00e7o que ser\u00e1 realizado \u00e0s 20h no dia 10 de Julho.<\/p>\n<p>II- Plen\u00e1ria Nacional Fora Bolsonaro \u2013 11 de Julho<\/p>\n<p>a. No dia 11 de Julho, \u00e0s 15h ser\u00e1 realizada uma Plen\u00e1ria Virtual reunindo milhares de participantes de todo o pa\u00eds, na qual ser\u00e3o definidas as pr\u00f3ximas a\u00e7\u00f5es da Campanha Nacional Fora Bolsonaro.<\/p>\n<p>PCB convoca milit\u00e2ncia a participar da Jornada e de atos de rua no dia 12\/07<\/p>\n<p>O camarada Heitor C\u00e9sar de Oliveira, membro do Comit\u00ea Central do PCB, representa o Partido nas reuni\u00f5es do Operativo Nacional das frentes, organiza\u00e7\u00f5es populares e partidos de esquerda que se re\u00fane semanalmente para debater a conjuntura nacional e propor a\u00e7\u00f5es de combate ao Governo Bolsonaro, aos ataques do capital contra os direitos da classe trabalhadora e \u00e0s amea\u00e7as \u00e0s liberdades democr\u00e1ticas. Heitor considera fundamental a presen\u00e7a dos comunistas do PCB nesta jornada e nos atos de rua que ocorrer\u00e3o no domingo (12\/07):<\/p>\n<p>&#8220;Precisamos jogar peso na divulga\u00e7\u00e3o das atividades do dia 10, chamando a milit\u00e2ncia das organiza\u00e7\u00f5es populares para atos de rua, a\u00e7\u00f5es simb\u00f3licas e descentralizadas, conversas, banquinhas, com o objetivo de ampliar as movimenta\u00e7\u00f5es e os protestos contra o Governo Bolsonaro e sua pol\u00edtica genocida. Processos locais podem ser embri\u00f5es de comit\u00eas populares por bairros e comunidades. Isso potencializa nossa luta em tempos de pandemia, fazendo chegar mais longe nossa oposi\u00e7\u00e3o ao Governo Bolsonaro\/Mour\u00e3o e apresentando nossas propostas em defesa do Poder Popular. De igual modo \u00e9 preciso engrossar as manifesta\u00e7\u00f5es do domingo, convocadas pelas torcidas antifas e coletivos de luta contra o racismo, pelas liberdades democr\u00e1ticas e pelos nossos direitos.&#8221;<\/p>\n<p>O Comit\u00ea Central do PCB est\u00e1 conclamando a milit\u00e2ncia partid\u00e1ria e dos Coletivos de luta a atuar, juntamente com o F\u00f3rum Sindical, Popular e de Juventude por Direitos e Liberdades Democr\u00e1ticas nos estados a organizar atividades da Jornada Fora Bolsonaro.<\/p>\n<p>Sobre o calend\u00e1rio e as a\u00e7\u00f5es:<\/p>\n<p>Dia 10 de Julho: Construir a\u00e7\u00f5es de rua descentralizadas nos bairros.<br \/>\nDivulgar o Fora Bolsonaro e Mour\u00e3o e defender as propostas de atendimento \u00e0s necessidades prementes do povo trabalhador, como a manuten\u00e7\u00e3o do aux\u00edlio emergencial, garantia de empregos e sal\u00e1rios, manuten\u00e7\u00e3o do isolamento social, contra a carestia e pelo congelamento de pre\u00e7os. Lembrando sempre que \u00e9 preciso garantir os aspectos de seguran\u00e7a f\u00edsica e sanit\u00e1ria, com o uso de m\u00e1scaras, \u00e1lcool gel e o distanciamento devido entre as pessoas.<\/p>\n<p>Dia 11 de Julho: Participar da Plen\u00e1ria Nacional do Fora Bolsonaro, desenvolvendo tamb\u00e9m atividades pr\u00f3prias nas redes sociais e internet para continuar difundindo amplamente as propostas defendidas pelo PCB e seus coletivos.<\/p>\n<p>Dia 12 de Julho: Participar dos atos de rua nas principais cidades do pa\u00eds, nas manifesta\u00e7\u00f5es convocadas pelos coletivos de torcidas antifascistas, movimentos antirracistas, entregadores de aplicativos, organiza\u00e7\u00f5es populares e partidos da esquerda socialista. Seguindo as orienta\u00e7\u00f5es voltadas \u00e0 seguran\u00e7a sanit\u00e1ria de todos, vamos seguir gritando em alto e bom som o FORA BOLSONARO\/MOUR\u00c3O E GUEDES e nossas bandeiras de luta!<\/p>\n<p>FORA BOLSONARO, MOUR\u00c3O E GUEDES!<br \/>\nEM DEFESA DOS EMPREGOS, SAL\u00c1RIOS E DIREITOS!<br \/>\nEM DEFESA DAS LIBERDADES DEMOCR\u00c1TICAS!<br \/>\nCONTRA AS PRIVATIZA\u00c7\u00d5ES, PELO SUS 100% ESTATAL, P\u00daBLICO, UNIVERSAL E GRATUITO!<br \/>\nPELO PODER POPULAR NO RUMO DO SOCIALISMO!<\/p>\n","protected":false},"excerpt":{"rendered":"<a class=\"moretag\" href=\"https:\/\/pcb.org.br\/portal2\/25811\"> <\/a>","protected":false},"author":1,"featured_media":0,"comment_status":"closed","ping_status":"closed","sticky":false,"template":"","format":"standard","meta":{"jetpack_post_was_ever_published":false,"_jetpack_newsletter_access":"","_jetpack_dont_email_post_to_subs":false,"_jetpack_newsletter_tier_id":0,"_jetpack_memberships_contains_paywalled_content":false,"_jetpack_memberships_contains_paid_content":false,"footnotes":"","jetpack_publicize_message":"","jetpack_publicize_feature_enabled":true,"jetpack_social_post_already_shared":true,"jetpack_social_options":{"image_generator_settings":{"template":"highway","default_image_id":0,"font":"","enabled":false},"version":2}},"categories":[7,140],"tags":[219],"class_list":["post-25811","post","type-post","status-publish","format-standard","hentry","category-s8-brasil","category-c140-jornal-o-poder-popular","tag-manchete"],"jetpack_publicize_connections":[],"jetpack_featured_media_url":"","jetpack_shortlink":"https:\/\/wp.me\/p659gw-6Ij","jetpack-related-posts":[],"jetpack_likes_enabled":true,"jetpack_sharing_enabled":true,"_links":{"self":[{"href":"https:\/\/pcb.org.br\/portal2\/wp-json\/wp\/v2\/posts\/25811","targetHints":{"allow":["GET"]}}],"collection":[{"href":"https:\/\/pcb.org.br\/portal2\/wp-json\/wp\/v2\/posts"}],"about":[{"href":"https:\/\/pcb.org.br\/portal2\/wp-json\/wp\/v2\/types\/post"}],"author":[{"embeddable":true,"href":"https:\/\/pcb.org.br\/portal2\/wp-json\/wp\/v2\/users\/1"}],"replies":[{"embeddable":true,"href":"https:\/\/pcb.org.br\/portal2\/wp-json\/wp\/v2\/comments?post=25811"}],"version-history":[{"count":0,"href":"https:\/\/pcb.org.br\/portal2\/wp-json\/wp\/v2\/posts\/25811\/revisions"}],"wp:attachment":[{"href":"https:\/\/pcb.org.br\/portal2\/wp-json\/wp\/v2\/media?parent=25811"}],"wp:term":[{"taxonomy":"category","embeddable":true,"href":"https:\/\/pcb.org.br\/portal2\/wp-json\/wp\/v2\/categories?post=25811"},{"taxonomy":"post_tag","embeddable":true,"href":"https:\/\/pcb.org.br\/portal2\/wp-json\/wp\/v2\/tags?post=25811"}],"curies":[{"name":"wp","href":"https:\/\/api.w.org\/{rel}","templated":true}]}}