{"id":25817,"date":"2020-07-10T20:59:45","date_gmt":"2020-07-10T23:59:45","guid":{"rendered":"https:\/\/pcb.org.br\/portal2\/?p=25817"},"modified":"2020-07-10T20:59:45","modified_gmt":"2020-07-10T23:59:45","slug":"o-fim-dos-mitos-e-das-ilusoes","status":"publish","type":"post","link":"https:\/\/pcb.org.br\/portal2\/25817","title":{"rendered":"O fim dos mitos e das ilus\u00f5es"},"content":{"rendered":"<p><img decoding=\"async\" class=\"imagem\" title=\"imagem\" src=\"https:\/\/i0.wp.com\/resistir.info\/pandemia\/imagens\/marx_c_mascara.jpg\" alt=\"imagem\" \/><!--more-->Enfrentar o presente e preparar o futuro<\/p>\n<p>por Dimitris Koutsoumbas [*]<\/p>\n<p>O MITO QUE TEM SIDO DESFEITO durante a pandemia de coronav\u00edrus \u00e9 o que afirma que o setor p\u00fablico e o privado podem coexistir harmoniosamente e, assim, contribuir para resolver esta situa\u00e7\u00e3o. [\u2026] A necessidade de um sistema de sa\u00fade exclusivamente p\u00fablico e gratuito, com a aboli\u00e7\u00e3o de qualquer neg\u00f3cio privado, ficou dramaticamente demonstrada.<\/p>\n<p>Estamos no meio da pandemia do novo coronav\u00edrus que amea\u00e7a o nosso povo e os povos do mundo inteiro. O nosso partido enfrenta estes acontecimentos sem precedentes com um elevado sentido de responsabilidade. Desde o primeiro momento, adiamos todos os eventos, adaptamos as iniciativas e a atividade das Organiza\u00e7\u00f5es do Partido em fun\u00e7\u00e3o das medidas de preven\u00e7\u00e3o e prote\u00e7\u00e3o da sa\u00fade p\u00fablica. Ao mesmo tempo, exigimos que fossem imediatamente tomadas todas as medidas necess\u00e1rias para proteger a sa\u00fade das pessoas e os direitos dos trabalhadores.<\/p>\n<p>O conte\u00fado da interven\u00e7\u00e3o do nosso Partido nessas dif\u00edceis condi\u00e7\u00f5es est\u00e1 vertido na palavra de ordem: &#8220;Permanecemos fortes, n\u00e3o calados&#8221;,<\/p>\n<p>PERMANECEMOS FORTES, protegendo-nos e \u00e0s nossas fam\u00edlias, os nossos amigos e camaradas, os nossos companheiros. N\u00e3o ficamos calados sobre as defici\u00eancias no sistema p\u00fablico de sa\u00fade. Destacamos e exigimos tudo o que j\u00e1 deveria ter sido feito para lidar com a pandemia.<\/p>\n<p>Destacamos particularmente a necessidade de recrutar milhares de profissionais de sa\u00fade, a requisi\u00e7\u00e3o imediata do setor privado de sa\u00fade para proteger os nossos semelhantes que sofrem nos locais de trabalho, produzindo os meios necess\u00e1rios para a sobreviv\u00eancia do povo, bem como a prote\u00e7\u00e3o daqueles que est\u00e3o travando uma batalha tit\u00e2nica e abnegada nos hospitais e em todas as unidades de sa\u00fade para proteger a nossa sa\u00fade e as nossas vidas.<\/p>\n<p>Permanecemos fortes, n\u00e3o baixamos a resist\u00eancia, a exig\u00eancia e a solidariedade nos locais de trabalho e de moradia, certamente levando em considera\u00e7\u00e3o as medidas de prote\u00e7\u00e3o e as condi\u00e7\u00f5es especiais necess\u00e1rias.<\/p>\n<p>N\u00e3o ficamos calados diante da arbitrariedade dos patr\u00f5es e das pol\u00edticas governamentais que, mais uma vez, procuram colocar o \u00f4nus desta crise sobre os trabalhadores.<\/p>\n<p>ROMPEMOS O SIL\u00caNCIO que o governo e o grande patronato querem impor em nome da palavra de ordem &#8220;vamos superar esta crise juntos&#8221;, que \u00e9 um reflexo da hipocrisia da \u00e9tica burguesa. Simplesmente porque n\u00e3o podemos &#8220;todos juntos&#8221; recrutar profissionais de sa\u00fade, requisitar o setor privado, tomar medidas preventivas e de prote\u00e7\u00e3o fornecendo todas as ferramentas e meios necess\u00e1rios para proteger os trabalhadores. No quadro deste sistema, tudo o que foi dito acima deve ser feito pelo Estado e pelo governo que o lidera, juntamente com a classe que tem o poder e a propriedade reais. Obviamente, at\u00e9 que a classe oper\u00e1ria e os estratos populares, &#8220;todos juntos&#8221; e unidos os afastem permanente e irrevogavelmente e construam uma sociedade na qual os bens sociais ter\u00e3o prioridade, por oposi\u00e7\u00e3o ao lucro capitalista que conduz \u00e0 morte os nossos semelhantes.<\/p>\n<p>EXIGIMOS MEDIDAS para apoiar os assalariados e os trabalhadores por conta pr\u00f3pria que foram atingidos pelas medidas restritivas.<\/p>\n<p>Exigimos o cancelamento de cerca de 40.000 demiss\u00f5es e das demais altera\u00e7\u00f5es prejudiciais anteriores. N\u00e3o legitimaremos medidas tomadas a pretexto da epidemia com o objetivo de se tornarem permanentes, como as que dizem respeito a uma &#8221; flexibilidade &#8221; adicional do trabalho.<\/p>\n<p>N\u00c3O NEGAMOS RESPONSABILIDADE INDIVIDUAL. Mas a responsabilidade individual \u00e9 estabelecida quando um Estado assume em primeiro lugar a sua pr\u00f3pria responsabilidade.<\/p>\n<p>A estrat\u00e9gia de comunica\u00e7\u00e3o do governo da Nova Democracia de transformar tudo em &#8220;responsabilidade individual&#8221; \u00e9 desonesta, precisamente porque esconde a verdade ao povo.<\/p>\n<p>Ela visa ocultar as enormes defici\u00eancias no sistema de sa\u00fade p\u00fablica, devido \u00e0 pol\u00edtica geral da UE, que foi aceite e defendida por todos os governos gregos, assim como \u00e0 pol\u00edtica atual de degrada\u00e7\u00e3o, mercantiliza\u00e7\u00e3o e cortes que todos eles, e em primeiro lugar o da ND-PASOK e depois o do SYRIZA, seguiram ao longo do tempo.<\/p>\n<p>N\u00e3o seguiu o governo do SYRIZA a mesma estrat\u00e9gia de comunica\u00e7\u00e3o de &#8220;responsabiliza\u00e7\u00e3o individual&#8221; quando atribuiu a trag\u00e9dia em Mandra e Mati \u00e0 responsabilidade individual?<\/p>\n<p>A hipocrisia do atual governo tamb\u00e9m \u00e9 comprovada pelas medidas restritivas necess\u00e1rias. Porque essas medidas ficam do lado de fora dos &#8220;port\u00f5es&#8221; dos locais de trabalho, hospitais, supermercados e outros locais de trabalho, onde os trabalhadores est\u00e3o em espa\u00e7os superlotados sem as medidas de precau\u00e7\u00e3o necess\u00e1rias.<\/p>\n<p>E tudo isto, enquanto existe o exemplo da vizinha It\u00e1lia, onde, alegadamente, a dissemina\u00e7\u00e3o do v\u00edrus se deve em grande parte ao fato de, sob a responsabilidade dos industriais e do governo, a grande zona industrial do Norte n\u00e3o ter deixado de trabalhar, atuando como o principal centro de dissemina\u00e7\u00e3o da pandemia.<\/p>\n<p>Por tudo isto, precisamos agora de lidar com o governo da ND como com os grandes patr\u00f5es. N\u00e3o devemos adiar isto, em nome das condi\u00e7\u00f5es especiais que hoje implicam o sil\u00eancio de uma &#8220;unidade&#8221; fict\u00edcia, como a que o SYRIZA e os outros partidos burgueses promovem, apelando essencialmente ao desarmamento e \u00e0 submiss\u00e3o do povo. E isto tamb\u00e9m diz respeito ao pensamento, \u00e0 consci\u00eancia de classe dos trabalhadores e, na pr\u00e1tica, \u00e0 atitude militante perante a vida, para que ningu\u00e9m se sinta sozinho nestas condi\u00e7\u00f5es dif\u00edceis.<\/p>\n<p>A nossa pr\u00f3pria unidade, a unidade da classe oper\u00e1ria e do povo que sofre, \u00e9 a que se constr\u00f3i diariamente, com paci\u00eancia e perseveran\u00e7a, constantemente, contra as pol\u00edticas da UE, do grande capital e dos seus governos, que p\u00f5em em risco a vida do povo e dos seus filhos.<\/p>\n<p>E, sobretudo a oposi\u00e7\u00e3o de partidos como o SYRIZA, permanecer\u00e1 na hist\u00f3ria como a oposi\u00e7\u00e3o da &#8221; cumplicidade &#8221; em todas as etapas perigosas que afetam, em \u00faltima an\u00e1lise, os interesses do povo grego.<\/p>\n<p>Desde as rela\u00e7\u00f5es perigosas com os EUA e a OTAN, as rela\u00e7\u00f5es greco-turcas e o modo de enfrentar a agress\u00e3o imperialista, evoluindo juntas e paralelamente \u00e0 agress\u00e3o e provoca\u00e7\u00e3o turcas, a gest\u00e3o do drama dos refugiados-imigrantes, at\u00e9 \u00e0 gest\u00e3o da pr\u00f3pria pandemia, o SYRIZA, por causa da sua estrat\u00e9gia de alinhamento e concord\u00e2ncia, \u00e9 c\u00famplice do governo da ND em todas essas quest\u00f5es cr\u00edticas para a vida do povo.<\/p>\n<p>Afinal, a dissolu\u00e7\u00e3o do sistema p\u00fablico de sa\u00fade, desde os obsoletos ou inexistentes Cuidados Prim\u00e1rios de Sa\u00fade, at\u00e9 aos principais hospitais que j\u00e1 tinham atingido os seus limites, independentemente da pandemia, tem agora a sua pr\u00f3pria chancela:<\/p>\n<p>O governo anterior da ND fechou hospitais e o SYRIZA deixou-os continuar fechados.<br \/>\nA ND reduziu os fundos para a sa\u00fade e o SYRIZA reduziu-os ainda mais.<br \/>\nOs dois juntos n\u00e3o contrataram o necess\u00e1rio pessoal m\u00e9dico e de cuidados de sa\u00fade.<br \/>\nAmbos disseram ao povo que o setor privado pode ajudar a &#8221; melhorar &#8221; o setor p\u00fablico de sa\u00fade.<br \/>\nO MITO QUE TEM SIDO DESFEITO durante a pandemia de coronav\u00edrus \u00e9 o que afirma que o setor p\u00fablico e o privado podem coexistir harmoniosamente e, assim, contribuir para resolver esta situa\u00e7\u00e3o. Esse mito \u00e9 refutado pelos lucros dos centros de sa\u00fade privados que realizam os testes de coronav\u00edrus, acess\u00edveis apenas \u00e0queles que podem pagar, privando o planeamento estatal de recursos valiosos e, ao mesmo tempo, aumentando o risco de dissemina\u00e7\u00e3o do v\u00edrus.<\/p>\n<p>Esse mito tamb\u00e9m \u00e9 refutado pelo fato de o Estado depender da &#8220;guerra&#8221; do mercado mundial conduzida pelas grandes empresas, que encontraram a oportunidade de obter um neg\u00f3cio muito lucrativo de fornecimento de material b\u00e1sico e medicamentos.<\/p>\n<p>A necessidade de um sistema de sa\u00fade exclusivamente p\u00fablico e gratuito, com a aboli\u00e7\u00e3o de qualquer neg\u00f3cio privado, ficou dramaticamente demonstrada.<\/p>\n<p>Mesmo agora, que todas as aten\u00e7\u00f5es est\u00e3o viradas para o sistema p\u00fablico de sa\u00fade, o recrutamento de pessoal de sa\u00fade anunciado pelo governo n\u00e3o \u00e9 suficiente para atender \u00e0s necessidades b\u00e1sicas em condi\u00e7\u00f5es normais, muito menos em condi\u00e7\u00f5es de pandemia.<\/p>\n<p>As condi\u00e7\u00f5es atuais exigem:<br \/>\nRequisi\u00e7\u00e3o imediata de unidades privadas de sa\u00fade e a sua integra\u00e7\u00e3o no planeamento central do Estado.<br \/>\nFornecimento imediato de hospitais com todos os meios necess\u00e1rios de que os profissionais de sa\u00fade necessitam, pois sabem melhor do que ningu\u00e9m o que \u00e9 necess\u00e1rio.<br \/>\nA abertura de todas as UCI.<br \/>\nO recrutamento de todo o pessoal de sa\u00fade necess\u00e1rio.<br \/>\nO que o l\u00edder da oposi\u00e7\u00e3o afirmou sobre a &#8221; requisi\u00e7\u00e3o &#8221; de hospitais privados, na verdade, diz respeito \u00e0 extens\u00e3o do contrato da EOPYY (Organiza\u00e7\u00e3o Nacional de Presta\u00e7\u00e3o de Servi\u00e7os de Sa\u00fade). Obviamente, o SYRIZA nem se atreve a propor a requisi\u00e7\u00e3o real e imediata do setor privado de sa\u00fade.<\/p>\n<p>O SEGUNDO MITO DESFEITO \u00e9 o do &#8220;regresso \u00e0 normalidade&#8221; e das altas taxas de crescimento. Tudo isso agora d\u00e1 lugar \u00e0 confirma\u00e7\u00e3o de que a economia grega tamb\u00e9m est\u00e1 em profunda recess\u00e3o.<\/p>\n<p>A desacelera\u00e7\u00e3o da economia na UE e em outras grandes economias capitalistas, \u00e9 claro, era anterior a estes acontecimentos, aumentando o risco de uma nova crise capitalista.<\/p>\n<p>Obviamente, a atual pandemia n\u00e3o \u00e9 sua principal causa, mas serve apenas como catalisador. \u00c9 certo que a economia grega tamb\u00e9m ser\u00e1 afetada pela &#8220;monocultura&#8221; do turismo, acusando todos aqueles que defenderam a total abertura da economia grega ao exterior.<\/p>\n<p>As medidas tomadas pela UE e pelos governos dos seus Estados-membros, adotando medidas protecionistas, fechando fronteiras e financiando os seus pr\u00f3prios grupos monopolistas com pacotes de financiamento, n\u00e3o interromper\u00e3o este curso.<\/p>\n<p>Temos de saber que essa interven\u00e7\u00e3o estatal do tipo keynesiano, bem como o al\u00edvio fiscal promovido para apoiar a economia capitalista, ser\u00e3o pagos mais uma vez pelos trabalhadores, que ser\u00e3o chamados a preencher as novas lacunas fiscais e os novos empr\u00e9stimos.<\/p>\n<p>Quanto \u00e0 famosa &#8220;solidariedade europeia&#8221;, parece ser uma piada, mesmo entre os c\u00edrculos burgueses do pa\u00eds. Especialmente quando, na Uni\u00e3o Europeia da &#8220;liberdade de circula\u00e7\u00e3o de mercadorias&#8221;, a Alemanha e a Fran\u00e7a proibiram a exporta\u00e7\u00e3o do material sanit\u00e1rio necess\u00e1rio para outros pa\u00edses!<\/p>\n<p>Portanto, fica tamb\u00e9m provado desta maneira, e mesmo em tempos tr\u00e1gicos para os povos da Europa, que a UE n\u00e3o \u00e9 uma uni\u00e3o de povos, mas uma &#8220;alian\u00e7a predat\u00f3ria&#8221; e um &#8220;covil de le\u00f5es&#8221;, uma uni\u00e3o imperialista de Estados, demonstrando a necessidade n\u00e3o apenas de uma posi\u00e7\u00e3o mais dura contra ela, como v\u00e1rios partidos burgueses promovem quando est\u00e3o na oposi\u00e7\u00e3o, mas de uma escolha pol\u00edtica e estrat\u00e9gica que levar\u00e1 ao seu desmantelamento, com a classe trabalhadora e o povo de cada pa\u00eds tendo o poder e a propriedade dos meios de produ\u00e7\u00e3o.<\/p>\n<p>Acima de tudo, por\u00e9m, a pandemia mostra, a cada dia que passa, os limites do sistema capitalista.<\/p>\n<p>Acontece que as necessidades contempor\u00e2neas e os bens sociais, como a sa\u00fade, n\u00e3o podem ser deixados \u00e0 merc\u00ea dos mercados e do lucro.<\/p>\n<p>Esta decad\u00eancia n\u00e3o pode ser ocultada pelos adjetivos que algumas pessoas usam para descrever o capitalismo, como &#8220;capitalismo neoliberal&#8221;, &#8220;capitalismo extremo&#8221; e assim por diante, em \u00faltima an\u00e1lise apenas para ocultar que eles apoiam totalmente o pr\u00f3prio sistema capitalista.<\/p>\n<p>Porque agora j\u00e1 n\u00e3o se pode dizer que &#8220;pode ser uma abordagem errada&#8221;, um &#8220;simples erro de estrat\u00e9gia pol\u00edtica&#8221; que talvez possa ser &#8220;corrigido por melhorias individuais&#8221; ou &#8220;mudando alguns gestores do poder burgu\u00eas pela altern\u00e2ncia entre liberais e social-democratas&#8221; e vice-versa &#8230;<\/p>\n<p>\u00c9 sempre a mesma velha hist\u00f3ria&#8230;<\/p>\n<p>Mas o povo, neste caso, est\u00e1 permanentemente entubado, preso numa pandemia de coronav\u00edrus que pode n\u00e3o ser t\u00e3o dif\u00edcil, mas em qualquer caso sob condi\u00e7\u00f5es capitalistas.<\/p>\n<p>Essas situa\u00e7\u00f5es ultrajantes, com m\u00e9dicos sendo for\u00e7ados a escolher entre quem vive e quem morre, existem tanto em pa\u00edses com governos &#8220;neoliberais&#8221; como a It\u00e1lia, como tamb\u00e9m em pa\u00edses onde governam falsas &#8220;alian\u00e7as progressistas&#8221; como a Espanha.<\/p>\n<p>Hoje \u00e9 o pr\u00f3prio capitalismo que est\u00e1 falido, a economia de mercado em todas as suas vers\u00f5es que est\u00e1 falida, o que anula todas as possibilidades de a classe oper\u00e1ria e o povo usufru\u00edrem de servi\u00e7os de sa\u00fade de alta qualidade, em linha com a evolu\u00e7\u00e3o da ci\u00eancia e da tecnologia, justamente porque o seu crit\u00e9rio principal \u00e9 o lucro capitalista.<\/p>\n<p>Mesmo em condi\u00e7\u00f5es de pandemia, tudo est\u00e1 submetido ao lucro do capital. \u00c9 por isso que os trabalhadores das ind\u00fastrias do norte da It\u00e1lia t\u00eam sido obrigados a trabalhar, apesar das proibi\u00e7\u00f5es, sem medidas de prote\u00e7\u00e3o, com os tr\u00e1gicos resultados conhecidos.<\/p>\n<p>\u00c9 por isso que a concorr\u00eancia entre os monop\u00f3lios transnacionais sobre quem patentear\u00e1 a nova vacina est\u00e1 se agudizando, num momento em que deve haver coopera\u00e7\u00e3o e esfor\u00e7os conjuntos dos melhores cientistas e centros de investiga\u00e7\u00e3o do mundo.<\/p>\n<p>\u00c9 por isso tamb\u00e9m que, mesmo agora, os grandes patr\u00f5es atropelam quaisquer direitos dos trabalhadores ainda existentes, tentam novas formas de explora\u00e7\u00e3o, como o teletrabalho, e recorrem a demiss\u00f5es em massa.<\/p>\n<p>Em contraponto com a decad\u00eancia do capitalismo falido, podemos ver claramente a superioridade do socialismo, que garantiu sa\u00fade e assist\u00eancia m\u00e9dica a todos no s\u00e9culo anterior, e tamb\u00e9m em pa\u00edses que iniciaram a sua constru\u00e7\u00e3o sob condi\u00e7\u00f5es de grande atraso em todos os n\u00edveis.<\/p>\n<p>Os n\u00fameros na R\u00fassia sovi\u00e9tica h\u00e1 30 anos, que nem sequer podem ser comparados com a situa\u00e7\u00e3o prevalecente no nosso pa\u00eds e nos pa\u00edses da UE, s\u00e3o esmagadores: mais de 1,1 milh\u00e3o de m\u00e9dicos, assist\u00eancia m\u00e9dica gratuita para toda a popula\u00e7\u00e3o, 1.387 leitos hospitalares por 10.000 habitantes.<\/p>\n<p>Ainda hoje, a miss\u00e3o dos m\u00e9dicos cubanos na It\u00e1lia, as infraestruturas de sa\u00fade em pa\u00edses como a Alemanha existem gra\u00e7as ao sistema socialista de metade da Alemanha da \u00e9poca, a Rep\u00fablica Democr\u00e1tica Alem\u00e3, e at\u00e9 a gest\u00e3o da pandemia na China capitalista, que ainda tem resqu\u00edcios socialistas, mostram que o socialismo deixou a sua poderosa marca social, mesmo tr\u00eas d\u00e9cadas ap\u00f3s o seu decl\u00ednio.<\/p>\n<p>Portanto, nestas condi\u00e7\u00f5es sem precedentes, continuamos fortes, lutamos por medidas de prote\u00e7\u00e3o da vida e dos direitos dos trabalhadores, apresentamos a \u00fanica perspectiva para a classe trabalhadora, a maioria do nosso povo, que \u00e9 a nova sociedade, ou seja, o socialismo.<\/p>\n<p>A superioridade vis\u00edvel do socialismo, a propriedade social e o planejamento cient\u00edfico central s\u00e3o o grande legado para os dias que se seguir\u00e3o.<\/p>\n<p>Que isso prevale\u00e7a no nosso pensamento e na a\u00e7\u00e3o pol\u00edtica durante estes dias de &#8220;quarentena&#8221;. Negamos qualquer &#8220;quarentena&#8221; pol\u00edtica, opomo-nos \u00e0 &#8220;quarentena&#8221; no pensamento. Pensamos, estudamos e agimos, enfrentando o dia de hoje, adaptando a nossa a\u00e7\u00e3o, mas tamb\u00e9m olhando para o futuro, preparando o amanh\u00e3.<\/p>\n<p>31\/Mar\u00e7o\/2020<\/p>\n<p>[*] Secret\u00e1rio-geral do CC do Partido Comunista da Gr\u00e9cia (KKE)<\/p>\n<p>A vers\u00e3o em ingl\u00eas encontra-se em inter.kke.gr\/en\/&#8230;<br \/>\ne a tradu\u00e7\u00e3o em pelosocialismo.blogs.sapo.pt\/o-fim-dos-mitos-e-das-ilusoes-98068<\/p>\n<p>Este artigo encontra-se em https:\/\/resistir.info\/<\/p>\n","protected":false},"excerpt":{"rendered":"<a class=\"moretag\" href=\"https:\/\/pcb.org.br\/portal2\/25817\"> <\/a>","protected":false},"author":1,"featured_media":0,"comment_status":"closed","ping_status":"closed","sticky":false,"template":"","format":"standard","meta":{"jetpack_post_was_ever_published":false,"_jetpack_newsletter_access":"","_jetpack_dont_email_post_to_subs":false,"_jetpack_newsletter_tier_id":0,"_jetpack_memberships_contains_paywalled_content":false,"_jetpack_memberships_contains_paid_content":false,"footnotes":"","jetpack_publicize_message":"","jetpack_publicize_feature_enabled":true,"jetpack_social_post_already_shared":true,"jetpack_social_options":{"image_generator_settings":{"template":"highway","default_image_id":0,"font":"","enabled":false},"version":2}},"categories":[9],"tags":[226],"class_list":["post-25817","post","type-post","status-publish","format-standard","hentry","category-s10-internacional","tag-4b"],"jetpack_publicize_connections":[],"jetpack_featured_media_url":"","jetpack_shortlink":"https:\/\/wp.me\/p659gw-6Ip","jetpack-related-posts":[],"jetpack_likes_enabled":true,"jetpack_sharing_enabled":true,"_links":{"self":[{"href":"https:\/\/pcb.org.br\/portal2\/wp-json\/wp\/v2\/posts\/25817","targetHints":{"allow":["GET"]}}],"collection":[{"href":"https:\/\/pcb.org.br\/portal2\/wp-json\/wp\/v2\/posts"}],"about":[{"href":"https:\/\/pcb.org.br\/portal2\/wp-json\/wp\/v2\/types\/post"}],"author":[{"embeddable":true,"href":"https:\/\/pcb.org.br\/portal2\/wp-json\/wp\/v2\/users\/1"}],"replies":[{"embeddable":true,"href":"https:\/\/pcb.org.br\/portal2\/wp-json\/wp\/v2\/comments?post=25817"}],"version-history":[{"count":0,"href":"https:\/\/pcb.org.br\/portal2\/wp-json\/wp\/v2\/posts\/25817\/revisions"}],"wp:attachment":[{"href":"https:\/\/pcb.org.br\/portal2\/wp-json\/wp\/v2\/media?parent=25817"}],"wp:term":[{"taxonomy":"category","embeddable":true,"href":"https:\/\/pcb.org.br\/portal2\/wp-json\/wp\/v2\/categories?post=25817"},{"taxonomy":"post_tag","embeddable":true,"href":"https:\/\/pcb.org.br\/portal2\/wp-json\/wp\/v2\/tags?post=25817"}],"curies":[{"name":"wp","href":"https:\/\/api.w.org\/{rel}","templated":true}]}}