{"id":2586,"date":"2012-03-24T16:18:12","date_gmt":"2012-03-24T16:18:12","guid":{"rendered":"http:\/\/pcb.org.br\/portal2\/?p=2586"},"modified":"2012-03-24T16:18:12","modified_gmt":"2012-03-24T16:18:12","slug":"uma-grande-greve-geral-uma-poderosa-jornada-de-luta","status":"publish","type":"post","link":"https:\/\/pcb.org.br\/portal2\/2586","title":{"rendered":"Uma grande greve geral, uma poderosa jornada de luta"},"content":{"rendered":"\n<p>O PCP sa\u00fada os trabalhadores portugueses por este marco de grande significado na hist\u00f3ria da sua luta. O PCP sa\u00fada a CGTP-IN e todos os sindicatos e demais organiza\u00e7\u00f5es dos trabalhadores que se uniram nesta grande demonstra\u00e7\u00e3o de for\u00e7a e combatividade.<\/p>\n<p>Uma grande greve geral, ao n\u00edvel das greves gerais anteriores, com uma grande participa\u00e7\u00e3o de trabalhadores em todos os sectores e todas as regi\u00f5es do Pa\u00eds. Uma greve com uma ades\u00e3o constru\u00edda a pulso, assente na ac\u00e7\u00e3o colectiva e em m\u00faltiplos exemplos de iniciativa e coragem individual.<\/p>\n<p>Uma greve geral com um grande impacto. Com uma forte ades\u00e3o na \u00e1rea industrial nos mais diversos sectores de que s\u00e3o exemplo a Portucel Viana do Castelo, a Centralcer, a Exide, Valorsul, Sakthi, Groz Beckert, Browning, Funfrap, os Estaleiros de Viana do Castelo, a Lisnave, Arsenal do Alfeite, a Vestion, a Parmalat, a Eical, a Paulo de Oliveira, o sector corticeiro\/Grupo Amorim, minas da Panasqueira, Impormol, INCM, Cavan, Saint Gobain\/Sekurit.<\/p>\n<p>Com express\u00e3o no sector dos servi\u00e7os, uma elevada ades\u00e3o no sector dos correios, nos centros de contacto da EDP, importantes express\u00f5es em outros sectores, incluindo no sector do com\u00e9rcio e hotelaria. O sector da pesca fortemente afectado.<\/p>\n<p>Uma elevada ades\u00e3o na administra\u00e7\u00e3o p\u00fablica, na administra\u00e7\u00e3o local com muitas ades\u00f5es totais ou superiores a 90%, nomeadamente na recolha de lixo, transportes urbanos municipais e sectores oper\u00e1rios e auxiliares, na administra\u00e7\u00e3o central, com centenas de escolas dos v\u00e1rios n\u00edveis de ensino e jardins-de-inf\u00e2ncia encerrados e muitos outros estabelecimento de ensino profundamente afectados no seu funcionamento e importantes incid\u00eancias nos servi\u00e7os de sa\u00fade, na justi\u00e7a, nas finan\u00e7as e na seguran\u00e7a social.<\/p>\n<p>Uma grande ades\u00e3o no sector dos transportes com paralisa\u00e7\u00f5es totais ou acima dos 70% e 80%, de que \u00e9 exemplo o sector mar\u00edtimo\/portu\u00e1rio, o Metro de Lisboa, a CP em todo o Pa\u00eds com grande ades\u00e3o, os transportes fluviais com mais de 75% na Soflusa e 70% na Transtejo, o STCP e o Metro do Porto, as transportadoras rodovi\u00e1rias de passageiros regionais, o Metro Sul do Tejo com a maior paralisa\u00e7\u00e3o de sempre e registando-se nos transportes a\u00e9reos uma ades\u00e3o mais baixa.<\/p>\n<p>Uma greve geral que, em algumas regi\u00f5es, atingiu globalmente express\u00f5es superiores ao de anteriores greves gerais, bem como em alguns sectores de que \u00e9 exemplo a administra\u00e7\u00e3o local, nomeadamente no sector da recolha de lixos e em outras \u00e1reas da administra\u00e7\u00e3o p\u00fablica, bem como no sector industrial e dos servi\u00e7os.<\/p>\n<p>Uma greve geral tanto mais significativa quanto se verificou nas condi\u00e7\u00f5es do maior n\u00edvel de desemprego desde o fascismo, da precariedade, de empobrecimento, de car\u00eancia em que cada dia de sal\u00e1rio conta, de sofisticadas formas de condicionamento e coa\u00e7\u00e3o ideol\u00f3gica, de amea\u00e7a, repress\u00e3o, arbitrariedade e viola\u00e7\u00e3o da lei da greve, de desvaloriza\u00e7\u00e3o e silenciamento quer antes quer durante a greve. Os elevados \u00edndices de ades\u00e3o nas condi\u00e7\u00f5es de hoje s\u00e3o uma inapag\u00e1vel demonstra\u00e7\u00e3o de descontentamento e protesto.<\/p>\n<p>Nesta greve geral salienta-se e sa\u00fada-se o destacado envolvimento de jovens e de trabalhadores com v\u00ednculos prec\u00e1rios, a elevada participa\u00e7\u00e3o nos piquetes de greve e a forte express\u00e3o de rua nas concentra\u00e7\u00f5es, manifesta\u00e7\u00f5es e desfiles j\u00e1 realizados e em curso.<\/p>\n<p>Quero daqui saudar todos aqueles que se associaram das mais diversas formas a esta importante jornada de luta, nomeadamente muitos dos trabalhadores que integram os mais de um milh\u00e3o e duzentos mil desempregados impedidos de fazer greve porque lhe liquidaram o posto de trabalho, bem como reformados e pensionistas, pequemos e m\u00e9dios empres\u00e1rios e jovens estudantes.<\/p>\n<p>A greve geral \u00e9 uma clara rejei\u00e7\u00e3o do pacto de agress\u00e3o subscrito pelo PS, PSD e CDS-PP, com o FMI, a UE e o BCE, com o apoio do Presidente da Rep\u00fablica, cujas consequ\u00eancias dia a dia se aprofundam agravando a explora\u00e7\u00e3o, o empobrecimento e empurrando o Pa\u00eds para o desastre.<\/p>\n<p>A greve geral \u00e9 uma clara rejei\u00e7\u00e3o dos ataques aos trabalhadores, do corte nos sal\u00e1rios, nos subs\u00eddios, nos direitos, nos apoios sociais, nos servi\u00e7os p\u00fablicos.<\/p>\n<p>A greve geral \u00e9 uma clara rejei\u00e7\u00e3o da recess\u00e3o econ\u00f3mica que est\u00e1 a destruir capacidade produtiva, emprego e produ\u00e7\u00e3o de riqueza, da retirada de milhares de milh\u00f5es de euros ao povo para entregar no BPN, de roubo de somas colossais para engordar os lucros do grande capital a pretexto de pagamento de juros de uma d\u00edvida em grande parte ileg\u00edtima.<\/p>\n<p>A greve geral \u00e9 uma clara rejei\u00e7\u00e3o do pacote da altera\u00e7\u00e3o para pior da legisla\u00e7\u00e3o de trabalho e que visa atingir todos os trabalhadores.<\/p>\n<p>Rejei\u00e7\u00e3o do trabalho for\u00e7ado e gratuito com a elimina\u00e7\u00e3o de feriados, redu\u00e7\u00e3o de dias de f\u00e9rias e corte de dias de descanso obrigat\u00f3rio.<\/p>\n<p>Rejei\u00e7\u00e3o da diminui\u00e7\u00e3o de sal\u00e1rios, designadamente com o corte no pagamento do trabalho em dias de descanso e nas horas extraordin\u00e1rias.<\/p>\n<p>Rejei\u00e7\u00e3o da tentativa de generaliza\u00e7\u00e3o do banco de horas, que poderia significar trabalhar 12 horas por dia e 60 horas por semana, visando o prolongamento do hor\u00e1rio de trabalho.<\/p>\n<p>Rejei\u00e7\u00e3o da facilita\u00e7\u00e3o dos despedimentos, com a possibilidade de invoca\u00e7\u00e3o da baixa de produtividade do trabalhador e a diminui\u00e7\u00e3o do valor das indemniza\u00e7\u00f5es.<\/p>\n<p>Rejei\u00e7\u00e3o do ataque \u00e0 contrata\u00e7\u00e3o colectiva.<\/p>\n<p>Rejei\u00e7\u00e3o de um pacote laboral que significa mais despedimentos, desemprego, precariedade, cortes dos sal\u00e1rios e pens\u00f5es, degrada\u00e7\u00e3o das condi\u00e7\u00f5es de trabalho, um imenso retrocesso social e civilizacional.<\/p>\n<p>A rejei\u00e7\u00e3o deste pacote teve hoje uma clara exig\u00eancia para que n\u00e3o seja aprovado nem promulgado. Uma exig\u00eancia que prossegue na luta para que, em qualquer caso, n\u00e3o seja aplicado.<\/p>\n<p>No seguimento da grande manifesta\u00e7\u00e3o nacional de 11 de Fevereiro, a Greve Geral de hoje representa uma inequ\u00edvoca exig\u00eancia duma vida melhor, dum Portugal com futuro.<\/p>\n<p>Rejeitar o pacto de agress\u00e3o, promover a ruptura com a pol\u00edtica de direita, assegurar uma pol\u00edtica patri\u00f3tica e de esquerda, com a renegocia\u00e7\u00e3o da d\u00edvida nos montantes, nos prazos e nos juros, a aposta no sector produtivo e na produ\u00e7\u00e3o nacional, o controlo p\u00fablico sobre os sectores estrat\u00e9gicos, a valoriza\u00e7\u00e3o do trabalho e dos trabalhadores, designadamente o aumento dos sal\u00e1rios e das pens\u00f5es, a garantia dos apoios sociais, a defesa dos servi\u00e7os p\u00fablicos, o apoio aos micro pequenos e m\u00e9dios empres\u00e1rios, a afirma\u00e7\u00e3o da soberania nacional \u00e9 o \u00fanico caminho para Portugal.<\/p>\n<p>O PCP reafirmando a confian\u00e7a de que \u00e9 poss\u00edvel um Portugal mais desenvolvido e mais justo, apela aos trabalhadores, \u00e0 juventude, ao povo portugu\u00eas para que prossigam, multipliquem e intensifiquem a sua ac\u00e7\u00e3o e luta e desde j\u00e1 sublinha a import\u00e2ncia da participa\u00e7\u00e3o na manifesta\u00e7\u00e3o nacional da juventude trabalhadora e na manifesta\u00e7\u00e3o nacional em defesa das freguesias e do poder local que se realizam dia 31 de Mar\u00e7o em Lisboa.<\/p>\n<p>O PCP apela a todos os democratas e patriotas para que se mobilizem, na rejei\u00e7\u00e3o do pacto de agress\u00e3o, por um Portugal com futuro.<\/p>\n<p>http:\/\/www.pcp.pt\/node\/256156<\/p>\n","protected":false},"excerpt":{"rendered":"\n\n\n  Cr\u00e9dito: PCP\n\n\n\n\n\n\n\n\nA Greve Geral de hoje constitui uma grande greve geral, uma poderosa afirma\u00e7\u00e3o de descontentamento e protesto, de exig\u00eancia de mudan\u00e7a por parte dos trabalhadores e do povo portugu\u00eas.\n<a class=\"moretag\" href=\"https:\/\/pcb.org.br\/portal2\/2586\"> <\/a>","protected":false},"author":1,"featured_media":0,"comment_status":"open","ping_status":"open","sticky":false,"template":"","format":"standard","meta":{"jetpack_post_was_ever_published":false,"_jetpack_newsletter_access":"","_jetpack_dont_email_post_to_subs":false,"_jetpack_newsletter_tier_id":0,"_jetpack_memberships_contains_paywalled_content":false,"_jetpack_memberships_contains_paid_content":false,"footnotes":"","jetpack_publicize_message":"","jetpack_publicize_feature_enabled":true,"jetpack_social_post_already_shared":false,"jetpack_social_options":{"image_generator_settings":{"template":"highway","default_image_id":0,"font":"","enabled":false},"version":2}},"categories":[98],"tags":[],"class_list":["post-2586","post","type-post","status-publish","format-standard","hentry","category-c111-portugal"],"jetpack_publicize_connections":[],"jetpack_featured_media_url":"","jetpack_shortlink":"https:\/\/wp.me\/p659gw-FI","jetpack-related-posts":[],"jetpack_likes_enabled":true,"jetpack_sharing_enabled":true,"_links":{"self":[{"href":"https:\/\/pcb.org.br\/portal2\/wp-json\/wp\/v2\/posts\/2586","targetHints":{"allow":["GET"]}}],"collection":[{"href":"https:\/\/pcb.org.br\/portal2\/wp-json\/wp\/v2\/posts"}],"about":[{"href":"https:\/\/pcb.org.br\/portal2\/wp-json\/wp\/v2\/types\/post"}],"author":[{"embeddable":true,"href":"https:\/\/pcb.org.br\/portal2\/wp-json\/wp\/v2\/users\/1"}],"replies":[{"embeddable":true,"href":"https:\/\/pcb.org.br\/portal2\/wp-json\/wp\/v2\/comments?post=2586"}],"version-history":[{"count":0,"href":"https:\/\/pcb.org.br\/portal2\/wp-json\/wp\/v2\/posts\/2586\/revisions"}],"wp:attachment":[{"href":"https:\/\/pcb.org.br\/portal2\/wp-json\/wp\/v2\/media?parent=2586"}],"wp:term":[{"taxonomy":"category","embeddable":true,"href":"https:\/\/pcb.org.br\/portal2\/wp-json\/wp\/v2\/categories?post=2586"},{"taxonomy":"post_tag","embeddable":true,"href":"https:\/\/pcb.org.br\/portal2\/wp-json\/wp\/v2\/tags?post=2586"}],"curies":[{"name":"wp","href":"https:\/\/api.w.org\/{rel}","templated":true}]}}