{"id":2595,"date":"2012-03-29T01:52:51","date_gmt":"2012-03-29T01:52:51","guid":{"rendered":"http:\/\/pcb.org.br\/portal2\/?p=2595"},"modified":"2012-03-29T01:52:51","modified_gmt":"2012-03-29T01:52:51","slug":"latifundiarios-assassinam-mais-trabalhadores-sem-terra","status":"publish","type":"post","link":"https:\/\/pcb.org.br\/portal2\/2595","title":{"rendered":"LATIF\u00daNDI\u00c1RIOS ASSASSINAM MAIS TRABALHADORES SEM TERRA"},"content":{"rendered":"\n<p>No dia 23 de mar\u00e7o, tr\u00eas trabalhadores rurais sem-terra ligados ao MLST foram covardemente emboscados e assassinados a mando do latif\u00fandio na regi\u00e3o do Tri\u00e2ngulo Mineiro.<\/p>\n<p>Lamentavelmente, continua valendo muito pouco a vida dos trabalhadores e trabalhadoras que se levantam contra a propriedade privada, seja no campo ou nas grandes cidades, lutando contra os grandes empres\u00e1rios e propriet\u00e1rios mantenedores da ordem do capital.<\/p>\n<p>Ao contr\u00e1rio do que os bajuladores do governo Dilma dizem, no Brasil a quest\u00e3o da terra continua sendo uma quest\u00e3o de conflitos e desigualdades gritantes que perpetuam a fome, a mis\u00e9ria e a viol\u00eancia no campo.<\/p>\n<p>A op\u00e7\u00e3o de classe do governo em investir no agroneg\u00f3cio e retardar a reforma agr\u00e1ria \u00e9 mais um elemento decisivo nessa criminosa realidade da luta de classes no interior do Brasil.<\/p>\n<p>At\u00e9 hoje, passados mais de cinco anos do assassinato dos fiscais da Delegacia Regional do Trabalho em UNA\u00cd, que investigavam den\u00fancias de trabalho escravo contra os latif\u00fandios da regi\u00e3o, ningu\u00e9m foi punido, sobressaindo mais uma vez a impunidade e a coniv\u00eancia do poder p\u00fablico com a ordem criminosa a servi\u00e7o do capital.<\/p>\n<p>O PCB se solidariza com o MLST e com todos os trabalhadores e trabalhadoras sem-terra da regi\u00e3o, exigindo severa investiga\u00e7\u00e3o sobre esse b\u00e1rbaro crime e a desapropria\u00e7\u00e3o imediata da fazenda S\u00e3o Jos\u00e9 dos Cravos no munic\u00edpio do Prata, a favor das fam\u00edlias acampadas.<\/p>\n<p>PCB \u2013 Partido Comunista Brasileiro, 27 de mar\u00e7o de 2012<\/p>\n<p>Comiss\u00e3o Pol\u00edtica Nacional<\/p>\n","protected":false},"excerpt":{"rendered":"\n\n\nCr\u00e9dito: 2.bp.blogspot\n\n\n\n\n\n\n\n\n(Nota Pol\u00edtica do PCB)\n<a class=\"moretag\" href=\"https:\/\/pcb.org.br\/portal2\/2595\"> <\/a>","protected":false},"author":1,"featured_media":0,"comment_status":"open","ping_status":"open","sticky":false,"template":"","format":"standard","meta":{"jetpack_post_was_ever_published":false,"_jetpack_newsletter_access":"","_jetpack_dont_email_post_to_subs":false,"_jetpack_newsletter_tier_id":0,"_jetpack_memberships_contains_paywalled_content":false,"_jetpack_memberships_contains_paid_content":false,"footnotes":"","jetpack_publicize_message":"","jetpack_publicize_feature_enabled":true,"jetpack_social_post_already_shared":false,"jetpack_social_options":{"image_generator_settings":{"template":"highway","default_image_id":0,"font":"","enabled":false},"version":2}},"categories":[26],"tags":[],"class_list":["post-2595","post","type-post","status-publish","format-standard","hentry","category-c25-notas-politicas-do-pcb"],"jetpack_publicize_connections":[],"jetpack_featured_media_url":"","jetpack_shortlink":"https:\/\/wp.me\/p659gw-FR","jetpack-related-posts":[],"jetpack_likes_enabled":true,"jetpack_sharing_enabled":true,"_links":{"self":[{"href":"https:\/\/pcb.org.br\/portal2\/wp-json\/wp\/v2\/posts\/2595","targetHints":{"allow":["GET"]}}],"collection":[{"href":"https:\/\/pcb.org.br\/portal2\/wp-json\/wp\/v2\/posts"}],"about":[{"href":"https:\/\/pcb.org.br\/portal2\/wp-json\/wp\/v2\/types\/post"}],"author":[{"embeddable":true,"href":"https:\/\/pcb.org.br\/portal2\/wp-json\/wp\/v2\/users\/1"}],"replies":[{"embeddable":true,"href":"https:\/\/pcb.org.br\/portal2\/wp-json\/wp\/v2\/comments?post=2595"}],"version-history":[{"count":0,"href":"https:\/\/pcb.org.br\/portal2\/wp-json\/wp\/v2\/posts\/2595\/revisions"}],"wp:attachment":[{"href":"https:\/\/pcb.org.br\/portal2\/wp-json\/wp\/v2\/media?parent=2595"}],"wp:term":[{"taxonomy":"category","embeddable":true,"href":"https:\/\/pcb.org.br\/portal2\/wp-json\/wp\/v2\/categories?post=2595"},{"taxonomy":"post_tag","embeddable":true,"href":"https:\/\/pcb.org.br\/portal2\/wp-json\/wp\/v2\/tags?post=2595"}],"curies":[{"name":"wp","href":"https:\/\/api.w.org\/{rel}","templated":true}]}}