{"id":25952,"date":"2020-08-08T00:16:37","date_gmt":"2020-08-08T03:16:37","guid":{"rendered":"https:\/\/pcb.org.br\/portal2\/?p=25952"},"modified":"2020-08-08T00:16:37","modified_gmt":"2020-08-08T03:16:37","slug":"sc-o-impeachment-de-moises-e-as-forcas-politicas","status":"publish","type":"post","link":"https:\/\/pcb.org.br\/portal2\/25952","title":{"rendered":"SC: o impeachment de Mois\u00e9s e as for\u00e7as pol\u00edticas"},"content":{"rendered":"<p><img decoding=\"async\" class=\"imagem\" title=\"imagem\" src=\"https:\/\/i0.wp.com\/lh3.googleusercontent.com\/pw\/ACtC-3edd5fVu1Ms2zEe3jfMdiHDa7nrLpK7yHowSJGxelDHBvspHdMFab_jUUo7jPMySoCQ5_owLoyEsMyz-wa72aLk38iJlaKeX-uaQG_y1tA78nkM00VrZl0A2rqGmT5UmEJxnr1mVP2jTcbSwRVX42d2=w960-h677-no\" alt=\"imagem\" \/><!--more-->N\u00e3o pode haver ilus\u00f5es quanto \u00e0s movimenta\u00e7\u00f5es do jogo pol\u00edtico burgu\u00eas<\/p>\n<p>Por: Eduardo de Oliveira da Costa \u2013 UJC Florian\u00f3polis\/SC<\/p>\n<p>Na \u00faltima semana (30) foi oficializado o processo de impeachment contra o governador de Santa Catarina, Carlos Mois\u00e9s (PSL). O pedido de destitui\u00e7\u00e3o, entretanto, n\u00e3o pode ser interpretado nos limites das suas quest\u00f5es t\u00e9cnicas, como o crime de responsabilidade que consta no argumento do processo, mas deve ir al\u00e9m e levar em conta as disputas pelo poder pol\u00edtico no Estado, sendo a reforma da previd\u00eancia estadual colocada recentemente pelo governador a sua moeda de troca em busca de governabilidade.<\/p>\n<p>A m\u00eddia burguesa, em coro com a oposi\u00e7\u00e3o de direita ao governador, ao centralizar o pedido de impeachment de Carlos Mois\u00e9s e sua vice-governadora em seus argumentos jur\u00eddicos, desvirtua o processo de sua quest\u00e3o central, que \u00e9 a investida do setor pol\u00edtico tradicional catarinense (dito \u201ccentr\u00e3o\u201d), principal for\u00e7a parlamentar no Estado, pela retomada do seu poder pol\u00edtico, concomitantemente \u00e0 perda por parte do governador de toda base que o pudesse defender.<\/p>\n<p>Vejamos: Mois\u00e9s \u00e9 eleito em 2018 por meio da onda de votos nos candidatos do PSL que ocorreu em n\u00edvel nacional, desbancando com facilidade os candidatos das for\u00e7as pol\u00edticas que historicamente det\u00eam o poder no Estado de Santa Catarina, como Gelson Mer\u00edsio (PSD) e Mauro Mariani (MDB). Representando a repulsa ao sistema pol\u00edtico tradicional e a \u201ctudo que est\u00e1 a\u00ed\u201d, Mois\u00e9s, assim como Bolsonaro, foi visto por boa parte do eleitorado catarinense como o candidato da mudan\u00e7a, e assim como o \u00faltimo, chega ao poder sem qualquer perspectiva de conseguir mudar o modus operandi do velho sistema, n\u00e3o sendo capaz sequer de tocar no caso das ren\u00fancias fiscais exorbitantes como colocou que faria em sua campanha, impedido pela elite empresarial.<\/p>\n<p>Essa promessa de mudan\u00e7a que foi feita \u00e0 popula\u00e7\u00e3o catarinense fica cada vez mais evidente como falsa, junto com o aprofundamento do desemprego e da mis\u00e9ria frente \u00e0 crise econ\u00f4mica capitalista, al\u00e9m do ataque promovido por ele [Mois\u00e9s] sobre os servidores p\u00fablicos estaduais com o congelamento da folha de sal\u00e1rio e anteriormente pela proposta de reforma nas suas aposentadorias. O resultado para Carlos Mois\u00e9s foi a perda da base social que antes tinha em parte da popula\u00e7\u00e3o do Estado. Por outro lado, Mois\u00e9s, ao buscar romper com a figura de Bolsonaro, a mesma na qual se ligou durante sua elei\u00e7\u00e3o, perde a fra\u00e7\u00e3o da direita \u201cbolsonarista\u201d que antes tinha em sua base, composta em parte pelo eleitorado, parte por parlamentares, e que agora se apresenta como forte for\u00e7a opositora ao seu governo, principalmente por compor atualmente parcela significativa da Assembleia Legislativa do Estado, sendo assim uma importante amea\u00e7a para o governador frente ao pedido de impeachment.<\/p>\n<p>Diante disso, Mois\u00e9s busca estabilidade pol\u00edtica atrav\u00e9s de uma aproxima\u00e7\u00e3o cada vez maior com os setores empresariais, principalmente por meio de reuni\u00f5es com a FIESC (Federa\u00e7\u00e3o das Ind\u00fastrias do Estado de Santa Catarina), FASISC (Federa\u00e7\u00e3o das Associa\u00e7\u00f5es Empresariais de Santa Catarina), entre outros \u00f3rg\u00e3os do empresariado local. O pr\u00f3prio COFEM &#8211; Conselho das Federa\u00e7\u00f5es Empresariais de Santa Catarina (que re\u00fane Fecom\u00e9rcio \u2013 SC, FIESC, FAESC, Fetransesc, FASISC, FCDL, Fampesce e SEBRAE) encontrou-se com o governador no dia 28 de julho para tratar, entre alguns temas, da reforma da previd\u00eancia estadual, vista pelo Conselho como \u201celemento central para o ajuste fiscal do estado e a possibilidade de amplia\u00e7\u00e3o da capacidade de investimento, sobretudo ap\u00f3s a crise nas contas p\u00fablicas agravada pelo Covid-19\u201d[1]. No mesmo dia, o COFEM solta uma nota manifestando preocupa\u00e7\u00e3o com o processo de impeachment do governador Carlos Mois\u00e9s, pois \u201cdispensa energia num momento em que todos os esfor\u00e7os do governo, da Assembleia Legislativa e da sociedade deveriam estar concentrados nas estrat\u00e9gias para cuidar da sa\u00fade dos catarinenses e da retomada da economia\u201d[2].<\/p>\n<p>A reforma da previd\u00eancia estadual em Santa Catarina, portanto, entra em cena como medida para angariar apoio do empresariado por parte de um governador que se v\u00ea desprovido de uma base forte que o defenda em uma conjuntura de instabilidade para sua gest\u00e3o. Mois\u00e9s coloca sobre o balc\u00e3o de neg\u00f3cios a vida dos trabalhadores catarinenses em troca de governabilidade, como vemos se repetir dentro da democracia burguesa e de forma ainda mais acentuada nos per\u00edodos de crise.<\/p>\n<p>Cita\u00e7\u00f5es:<\/p>\n<p>[1] http:\/\/www.cnc.org.br\/editorias\/sistema-comercio\/noticias\/reforma-da-previdencia-e-retomada-da-economia-sao-temas-de<\/p>\n<p>[2] https:\/\/fiesc.com.br\/pt-br\/imprensa\/setor-produtivo-manifesta-preocupacao-com-processo-de-impeachment<\/p>\n<p>Fontes:<\/p>\n<p>. https:\/\/g1.globo.com\/sc\/santa-catarina\/noticia\/2020\/07\/30\/alesc-abre-oficialmente-processo-de-impeachment-contra-o-governador-carlos-moises.ghtml<\/p>\n<p>. https:\/\/pcbsc.wordpress.com\/2020\/08\/01\/olhar-comunista-no-7\/<\/p>\n<p>. https:\/\/www.nsctotal.com.br\/colunistas\/pedro-machado\/desemprego-sobe-mesmo-apos-flexibilizacao-e-sc-ja-soma-530-mil-demissoes<\/p>\n<p>. https:\/\/www.nsctotal.com.br\/colunistas\/upiara-boschi\/critica-de-bolsonaro-a-moises-sela-distanciamento-de-dois-politicos-que<\/p>\n<p>. http:\/\/www.sindsaudesc.com.br\/posts_exibe.php?id_post=2856<\/p>\n<p>. https:\/\/www.nsctotal.com.br\/colunistas\/renato-igor\/coronavirus-governo-de-santa-catarina-congela-salario-dos-servidores<\/p>\n","protected":false},"excerpt":{"rendered":"<a class=\"moretag\" href=\"https:\/\/pcb.org.br\/portal2\/25952\"> <\/a>","protected":false},"author":1,"featured_media":0,"comment_status":"closed","ping_status":"closed","sticky":false,"template":"","format":"standard","meta":{"jetpack_post_was_ever_published":false,"_jetpack_newsletter_access":"","_jetpack_dont_email_post_to_subs":false,"_jetpack_newsletter_tier_id":0,"_jetpack_memberships_contains_paywalled_content":false,"_jetpack_memberships_contains_paid_content":false,"footnotes":"","jetpack_publicize_message":"","jetpack_publicize_feature_enabled":true,"jetpack_social_post_already_shared":true,"jetpack_social_options":{"image_generator_settings":{"template":"highway","default_image_id":0,"font":"","enabled":false},"version":2}},"categories":[27],"tags":[223],"class_list":["post-25952","post","type-post","status-publish","format-standard","hentry","category-c27-ujc","tag-3a"],"jetpack_publicize_connections":[],"jetpack_featured_media_url":"","jetpack_shortlink":"https:\/\/wp.me\/p659gw-6KA","jetpack-related-posts":[],"jetpack_likes_enabled":true,"jetpack_sharing_enabled":true,"_links":{"self":[{"href":"https:\/\/pcb.org.br\/portal2\/wp-json\/wp\/v2\/posts\/25952","targetHints":{"allow":["GET"]}}],"collection":[{"href":"https:\/\/pcb.org.br\/portal2\/wp-json\/wp\/v2\/posts"}],"about":[{"href":"https:\/\/pcb.org.br\/portal2\/wp-json\/wp\/v2\/types\/post"}],"author":[{"embeddable":true,"href":"https:\/\/pcb.org.br\/portal2\/wp-json\/wp\/v2\/users\/1"}],"replies":[{"embeddable":true,"href":"https:\/\/pcb.org.br\/portal2\/wp-json\/wp\/v2\/comments?post=25952"}],"version-history":[{"count":0,"href":"https:\/\/pcb.org.br\/portal2\/wp-json\/wp\/v2\/posts\/25952\/revisions"}],"wp:attachment":[{"href":"https:\/\/pcb.org.br\/portal2\/wp-json\/wp\/v2\/media?parent=25952"}],"wp:term":[{"taxonomy":"category","embeddable":true,"href":"https:\/\/pcb.org.br\/portal2\/wp-json\/wp\/v2\/categories?post=25952"},{"taxonomy":"post_tag","embeddable":true,"href":"https:\/\/pcb.org.br\/portal2\/wp-json\/wp\/v2\/tags?post=25952"}],"curies":[{"name":"wp","href":"https:\/\/api.w.org\/{rel}","templated":true}]}}