{"id":25960,"date":"2020-08-10T21:17:26","date_gmt":"2020-08-11T00:17:26","guid":{"rendered":"https:\/\/pcb.org.br\/portal2\/?p=25960"},"modified":"2020-08-10T21:17:26","modified_gmt":"2020-08-11T00:17:26","slug":"crimes-contra-a-humanidade-hiroshima-nagasaki-e-brasil","status":"publish","type":"post","link":"https:\/\/pcb.org.br\/portal2\/25960","title":{"rendered":"Crimes contra a humanidade: Hiroshima, Nagasaki e Brasil"},"content":{"rendered":"<p><img decoding=\"async\" class=\"imagem\" title=\"imagem\" src=\"https:\/\/i0.wp.com\/fatos.d2cdn.com\/wp-content\/uploads\/2017\/08\/5-61.jpg\" alt=\"imagem\" \/><!--more-->Humberto Carvalho &#8211; C\u00e9lula Internacionalista do PCB-RS<\/p>\n<p>Hiroshima e Nagasaki<\/p>\n<p>Em 6 e 9 de agosto deste terr\u00edvel ano de 2020, completaram-se 75 anos do cometimento de crimes contra a humanidade perpetrados nas cidades de Hiroshima e Nagasaki.<\/p>\n<p>O Tribunal de Nuremberg julgou e condenou a altos oficiais e personalidades da Alemanha Nazista a diversas penas, de morte e de pris\u00e3o. Mas faltou um r\u00e9u em Nuremberg: o Presidente Harry Truman, dos Estados Unidos.<\/p>\n<p>Com a segunda guerra mundial nos seus estertores, em fevereiro de 1945, no Pal\u00e1cio de Livadia, em Ialta, na Crimeia, reuniram-se Franklin D. Roosevelt, Winston Churchill e Josef St\u00e1lin. Essa reuni\u00e3o passou para a hist\u00f3ria como a Confer\u00eancia de Ialta. Nela se decidiu a redemocratiza\u00e7\u00e3o da Europa, o restabelecimento de fronteiras anteriores \u00e0s conquistas nazistas e que, ap\u00f3s 90 dias da rendi\u00e7\u00e3o da Alemanha, a Uni\u00e3o Sovi\u00e9tica declararia guerra ao Jap\u00e3o e auxiliaria no esfor\u00e7o militar da invas\u00e3o daquele pa\u00eds.<\/p>\n<p>Mas, em abril de 1945, F. D. Roosevelt faleceu e foi sucedido por Harry Truman. Churchill, por sua vez, foi substitu\u00eddo por Clement Atlee, ap\u00f3s elei\u00e7\u00f5es gerais de 5 de julho do mesmo ano, no Reino Unido.<\/p>\n<p>O clima de entendimento entre as pot\u00eancias foi substitu\u00eddo pela desconfian\u00e7a rec\u00edproca, para dizer o m\u00ednimo. Era o come\u00e7o da esquentada Guerra Fria que ocorreu antes do fim da 2\u00aa GM.<\/p>\n<p>Apesar de o Jap\u00e3o estar sem condi\u00e7\u00f5es de continuar a guerra, temendo um predom\u00ednio sovi\u00e9tico na \u00e1rea a sudeste da URSS (Jap\u00e3o, Cor\u00e9ia e China), Truman se apressa a encerrar a guerra com o Jap\u00e3o de forma criminosa. Envia um ultimato, anunciando a exist\u00eancia de uma arma de excepcional capacidade destrutiva. Exigia a rendi\u00e7\u00e3o do Jap\u00e3o ou sua destrui\u00e7\u00e3o. O Jap\u00e3o n\u00e3o responde e Truman determina o lan\u00e7amento da bomba at\u00f4mica em Hiroshima.<\/p>\n<p>Nagasaki n\u00e3o estava no rol das cidades escolhidas para o lan\u00e7amento da segunda bomba. O alvo era a cidade de Kokura, mas esta n\u00e3o tinha condi\u00e7\u00f5es de visibilidade. Ent\u00e3o, em 9 de agosto de 1945, lan\u00e7ou-se a bomba em Nagasaki, uma cidade sem qualquer import\u00e2ncia militar.<\/p>\n<p>Em Hiroshima, a explos\u00e3o de 60 kg de U 235, equivalente a 12.500 toneladas de TNT, provocou a morte de 140.000 civis. O n\u00famero de sobreviventes foi superior a 300.000, que apresentaram efeitos de curto e longo termo decorrentes de doen\u00e7as provenientes da exposi\u00e7\u00e3o \u00e0 radia\u00e7\u00e3o.<\/p>\n<p>As bombas at\u00f4micas produziram efeitos arrasadores. No solo, a temperatura atingiu v\u00e1rios milh\u00f5es de graus sob o epicentro da explos\u00e3o. Num raio de 1 km, tudo foi instantaneamente vaporizado e reduzido a cinzas; at\u00e9 4 km do epicentro os pr\u00e9dios e os seres humanos sofreram combust\u00e3o instant\u00e2nea; num raio de 8 km, as pessoas sofreram queimaduras de 3\u00ba grau.<\/p>\n<p>Ap\u00f3s o calor, ocorreu uma onda de choque que provocou um efeito devastador, causado pela enorme press\u00e3o devida \u00e0 expans\u00e3o dos gases; essa onda de choque progrediu a uma velocidade de 1.000 km por hora, como se fosse um muro de ar s\u00f3lido. Ela reduziu a p\u00f3 tudo o que se encontrava num raio de dois quil\u00f4metros. Dos 90 mil pr\u00e9dios da cidade, 62 mil foram completamente destru\u00eddos.<\/p>\n<p>Um efeito ainda pouco conhecido em 1945 foi a radioatividade espalhada pela explos\u00e3o nuclear, que provocou c\u00e2ncer, leucemia e outras doen\u00e7as. Ela disseminou um terror muito maior do que outras conseq\u00fc\u00eancias, pois suas manifesta\u00e7\u00f5es s\u00f3 apareceriam dias, meses e at\u00e9 mesmo anos ap\u00f3s a explos\u00e3o.<\/p>\n<p>Atingindo, proposital e indiscriminadamente, a popula\u00e7\u00e3o civil das cidades bombardeadas, Harry Truman cometeu o crime de genoc\u00eddio, crime de guerra e contra a humanidade, mas nunca foi julgado a n\u00e3o ser pela hist\u00f3ria.<\/p>\n<p>Como justificativa desses crimes, Truman e outros americanos defensores do imperialismo, sob a hegemonia americana, afirmavam (e ainda alguns afirmam o mesmo hoje em dia) que o lan\u00e7amento das bombas nucleares em Hiroshima e Nagasaki evitou a morte de centenas de milhares de militares e civis. Isto \u00e9 uma fal\u00e1cia, pois \u00e9 imposs\u00edvel comensurar esses alegados n\u00fameros.<\/p>\n<p>Apesar dos lan\u00e7amentos criminosos, os EUA n\u00e3o intimidaram a URSS que, no mesmo dia 9 de agosto de 1945, come\u00e7ou a retomar a Manch\u00faria e, posteriormente, a invadir a as Ilhas Curilas. Em agosto de 1949, a URSS j\u00e1 possu\u00eda a bomba at\u00f4mica. Em outubro de 1949 foi proclamada a Rep\u00fablica Popular da China e em 1950 come\u00e7ou a Guerra da Cor\u00e9ia.<\/p>\n<p>Brasil<\/p>\n<p>Em 20 de julho deste ano, um membro do Supremo Tribunal Federal, o ministro Gilmar Mendes, em entrevista, afirmou que as for\u00e7as armadas brasileiras est\u00e3o em conluio com um genoc\u00eddio que estaria acontecendo no Brasil.<\/p>\n<p>\u00c9 muito importante que um membro da Suprema Corte, conhecido como algu\u00e9m politicamente conservador, use essa palavra, porque ele certamente n\u00e3o a usou por acaso. Ele \u00e9 algu\u00e9m que conhece o conceito de genoc\u00eddio, conhece a lei e n\u00e3o \u00e9 novo no mundo jur\u00eddico ou pol\u00edtico.<\/p>\n<p>Nosso infeliz desgoverno, desde o in\u00edcio da pandemia, a considerou um resfriado simples. N\u00e3o tentou salvar vidas humanas, mas reabrir a economia.<\/p>\n<p>E em agosto deste malfadado ano, atingimos a inacredit\u00e1vel cifra superior a 100 mil mortes e a mais de 3 milh\u00f5es de infectados em nosso triste pa\u00eds.<\/p>\n<p>Por outro \u00e2ngulo, n\u00e3o foram tomadas medidas sanit\u00e1rias para proteger a popula\u00e7\u00e3o ind\u00edgena brasileira.<\/p>\n<p>Na nova lei sobre a \u00e1gua, no Brasil, Bolsonaro vetou a distribui\u00e7\u00e3o de \u00e1gua pot\u00e1vel para os ind\u00edgenas.<\/p>\n<p>A pandemia de Covid-19 j\u00e1 afetou pelo menos 111 povos ind\u00edgenas, segundo o Comit\u00ea Nacional de Vida e Mem\u00f3ria Ind\u00edgenas. No balan\u00e7o do grupo, formado por l\u00edderes ind\u00edgenas, o n\u00famero total de infectados nestes grupos pelo novo coronav\u00edrus j\u00e1 atingiu 7.753 e o n\u00famero de mortes em 349.<\/p>\n<p>Al\u00e9m da pandemia, a popula\u00e7\u00e3o ind\u00edgena brasileira sofre com a queima de florestas em seus territ\u00f3rios.<\/p>\n<p>O Brasil encerrou 2019 com 318 mil km\u00b2 de \u00e1rea florestal consumida pelo fogo, segundo dados do Programa Queimadas, do INPE (Instituto Nacional de Pesquisas Espaciais). O n\u00famero \u00e9 quase o dobro do registrado no ano anterior: 86% superior ao de 2018 (170 mil km\u00b2). O ano passado foi o primeiro em que o INPE verificou um aumento na \u00e1rea queimada nos seis biomas brasileiros medidos em compara\u00e7\u00e3o com o per\u00edodo anterior.<\/p>\n<p>Os inc\u00eandios florestais s\u00e3o realizados por mineradores, madeireiros e propriet\u00e1rios ilegais de terras (grileiros) que exploram o agroneg\u00f3cio.<\/p>\n<p>Mas, a \u201cbomba\u201d destruidora desatada no Brasil, n\u00e3o para, lamentavelmente, por a\u00ed. Segundo, o G1, da Globo, em edi\u00e7\u00e3o do dia 6 de agosto, a taxa oficial de desemprego subiu para 13,3%, atingindo 12,8 milh\u00f5es de pessoas, com a observa\u00e7\u00e3o de que o \u201cdesemprego s\u00f3 n\u00e3o foi maior porque muita gente deixou de procurar emprego\u2026\u201d<\/p>\n<p>O desgoverno brasileiro aproveita a situa\u00e7\u00e3o para \u201cpassar a boiada\u201d neoliberal, com mais privatiza\u00e7\u00f5es e reforma tribut\u00e1ria, prevendo, entre outros, um novo tipo da velha CPMF. Ou seja, na realidade, confisco de sal\u00e1rios.<\/p>\n<p>Do ponto de vista econ\u00f4mico, para sair da situa\u00e7\u00e3o em que o Pa\u00eds se encontra, o \u201cmercado\u201d precisa de aumento do consumo para girar a roda da economia. Mas como haver\u00e1 aumento do consumo se h\u00e1 uma enorme taxa de desemprego e ainda pretendem, atrav\u00e9s da nova CPMF, \u201cconfiscar\u201d sal\u00e1rios?!<\/p>\n<p>\u00c9, no m\u00ednimo, uma outra burrice, entre as tantas desse desgoverno!<\/p>\n<p>Apesar de j\u00e1 longo este texto, falemos, um pouco, sobre a noticiada nota de 200 reais, deixando de lado se deve conter a figura do lobo-guar\u00e1 ou se deve ter a do vira-lata porque isso \u00e9 uma distra\u00e7\u00e3o do problema real.<\/p>\n<p>Parece uma coisa inocente, n\u00e3o \u00e9 mesmo? Mas n\u00e3o \u00e9. Embora possa haver recolhimento de notas velhas, a introdu\u00e7\u00e3o da nota de 200 reais implica na indesejada INFLA\u00c7\u00c3O, pois aumenta o meio circulante. At\u00e9 porque a infla\u00e7\u00e3o j\u00e1 chegou antes da nota de 200 reais. O IGP-M subiu 2,2% em julho passado , no acumulado, dos 12 \u00faltimos meses, atinge 9,3%! O IPCA acumulado est\u00e1 em 4,1%.<\/p>\n<p>Ent\u00e3o, some-se o desemprego, o confisco de sal\u00e1rios e a infla\u00e7\u00e3o e o resultado ser\u00e1 aumento da pobreza e diminui\u00e7\u00e3o da classe m\u00e9dia, bem como deteriora\u00e7\u00e3o da sa\u00fade p\u00fablica.<\/p>\n<p>Assim como em Hiroshima e Nagasaki, o Brasil sofre os efeitos de uma bomba devastadora \u2013 o neoliberalismo e os governos de tend\u00eancia fascist\u00f3ide, pois s\u00f3 nesses tipos de governo \u00e9 que o neoliberalismo pode se implantar.<\/p>\n","protected":false},"excerpt":{"rendered":"<a class=\"moretag\" href=\"https:\/\/pcb.org.br\/portal2\/25960\"> <\/a>","protected":false},"author":1,"featured_media":0,"comment_status":"closed","ping_status":"closed","sticky":false,"template":"","format":"standard","meta":{"jetpack_post_was_ever_published":false,"_jetpack_newsletter_access":"","_jetpack_dont_email_post_to_subs":false,"_jetpack_newsletter_tier_id":0,"_jetpack_memberships_contains_paywalled_content":false,"_jetpack_memberships_contains_paid_content":false,"footnotes":"","jetpack_publicize_message":"","jetpack_publicize_feature_enabled":true,"jetpack_social_post_already_shared":true,"jetpack_social_options":{"image_generator_settings":{"template":"highway","default_image_id":0,"font":"","enabled":false},"version":2}},"categories":[165,240],"tags":[227],"class_list":["post-25960","post","type-post","status-publish","format-standard","hentry","category-eua","category-urss","tag-5a"],"jetpack_publicize_connections":[],"jetpack_featured_media_url":"","jetpack_shortlink":"https:\/\/wp.me\/p659gw-6KI","jetpack-related-posts":[],"jetpack_likes_enabled":true,"jetpack_sharing_enabled":true,"_links":{"self":[{"href":"https:\/\/pcb.org.br\/portal2\/wp-json\/wp\/v2\/posts\/25960","targetHints":{"allow":["GET"]}}],"collection":[{"href":"https:\/\/pcb.org.br\/portal2\/wp-json\/wp\/v2\/posts"}],"about":[{"href":"https:\/\/pcb.org.br\/portal2\/wp-json\/wp\/v2\/types\/post"}],"author":[{"embeddable":true,"href":"https:\/\/pcb.org.br\/portal2\/wp-json\/wp\/v2\/users\/1"}],"replies":[{"embeddable":true,"href":"https:\/\/pcb.org.br\/portal2\/wp-json\/wp\/v2\/comments?post=25960"}],"version-history":[{"count":0,"href":"https:\/\/pcb.org.br\/portal2\/wp-json\/wp\/v2\/posts\/25960\/revisions"}],"wp:attachment":[{"href":"https:\/\/pcb.org.br\/portal2\/wp-json\/wp\/v2\/media?parent=25960"}],"wp:term":[{"taxonomy":"category","embeddable":true,"href":"https:\/\/pcb.org.br\/portal2\/wp-json\/wp\/v2\/categories?post=25960"},{"taxonomy":"post_tag","embeddable":true,"href":"https:\/\/pcb.org.br\/portal2\/wp-json\/wp\/v2\/tags?post=25960"}],"curies":[{"name":"wp","href":"https:\/\/api.w.org\/{rel}","templated":true}]}}