{"id":26,"date":"2009-12-05T02:19:40","date_gmt":"2009-12-05T02:19:40","guid":{"rendered":"http:\/\/pcb.org.br\/portal2\/?p=26"},"modified":"2009-12-05T02:19:40","modified_gmt":"2009-12-05T02:19:40","slug":"colombia-ampliar-as-bases-da-unidade-para-a-mudanca-democratica","status":"publish","type":"post","link":"https:\/\/pcb.org.br\/portal2\/26","title":{"rendered":"Col\u00f4mbia: Ampliar as bases da unidade para a mudan\u00e7a democr\u00e1tica"},"content":{"rendered":"\n<p>O regime uribista cavalgou sobre um ambiente econ\u00f4mico externo favor\u00e1vel, mas essa circunst\u00e2ncia n\u00e3o existe mais. No final do seu segundo mandato, as medidas governamentais mostram sua brutal \u00edndole de classe, favorecendo, subsidiando ou isentando de impostos os mais ricos e as multinacionais. Est\u00e1 sendo preparado um pacote de medidas trabalhistas, previdenci\u00e1rias e na \u00e1rea de sa\u00fade que favorecer\u00e3o o desemprego, a instabilidade no setor trabalhista, a informalidade, o desrespeito aos direitos trabalhistas, o empobrecimento dos n\u00facleos familiares, a evas\u00e3o escolar e a desesperan\u00e7a da juventude. <\/p>\n<p>Neste contexto, o imperialismo deu um passo a mais na Am\u00e9rica Latina depois do seu claro envolvimento no golpe de estado contra o presidente leg\u00edtimo de Honduras. Imp\u00f4s \u00e0 Col\u00f4mbia as condi\u00e7\u00f5es de um vergonhoso conv\u00eanio de coopera\u00e7\u00e3o militar de car\u00e1ter ilegal, configurado na utiliza\u00e7\u00e3o de sete bases militares, cinco a\u00e9reas e duas navais, que converte o territ\u00f3rio nacional em uma plataforma da pol\u00edtica intervencionista do Pent\u00e1gono e do Estado, num ap\u00eandice de suas provoca\u00e7\u00f5es diante dos pa\u00edses irm\u00e3os do continente, em particular contra o processo de mudan\u00e7as que avan\u00e7a na Venezuela. O governo de Uribe traiu a soberania e agravou a desconfian\u00e7a, a provoca\u00e7\u00e3o e a tentativa de se fazer dois povos irm\u00e3os se enfrentarem. Washington tentou se justificar ao acusar a Venezuela de cumplicidade com o terrorismo e o narcotr\u00e1fico, no marco de uma estrat\u00e9gia de guerra preventiva, rejeitada por todo o continente. <\/p>\n<p>Os comunistas e internacionalistas conseq\u00fcentes reafirmam o caminho da amizade e da solidariedade bolivarianas, chamam para unir todos os esfor\u00e7os dos povos e governos latino-americanos para expulsar a presen\u00e7a ianque das bases destinadas \u00e0 defesa da soberania; para rejeitar a IV Frota em \u00e1guas continentais; para alcan\u00e7ar a paz sem interfer\u00eancia dos Estados Unidos; para consolidar a coopera\u00e7\u00e3o e a conviv\u00eancia pac\u00edfica entre os povos e seu pleno direito de adotar o regime social e pol\u00edtico que livremente decidam. <\/p>\n<p>O regime uribista se consolidou como o da pior corrup\u00e7\u00e3o e desrespeito \u00e0 legalidade. A repress\u00e3o, legal e ilegal, se mostrou em sua escandalosa realidade nas den\u00fancias sobre a espionagem do DAS, os v\u00ednculos dos aparelhos de seguran\u00e7a com o paramilitarismo, os assassinatos de sindicalistas, as amea\u00e7as nos bairros e nas universidades, a persegui\u00e7\u00e3o aos defensores dos direitos humanos, a persist\u00eancia dos crimes de Estado, e paralelamente a isso a impunidade que ampara as altas autoridades. Aumentam o n\u00famero de presos de consci\u00eancia nas pris\u00f5es, as viola\u00e7\u00f5es dos direitos humanos, os bombardeios sobre a popula\u00e7\u00e3o civil e a neglig\u00eancia do direito internacional humanit\u00e1rio, o que torna mais urgente a solu\u00e7\u00e3o pol\u00edtica e o di\u00e1logo para o interc\u00e2mbio humanit\u00e1rio. <\/p>\n<p>Uribe se agarra \u00e0 reelei\u00e7\u00e3o pela via do referendo, amplamente deslegitimado pelas investiga\u00e7\u00f5es judiciais e as maquina\u00e7\u00f5es fraudulentas, tentando passar por cima da Constitui\u00e7\u00e3o e da lei. De fato, sucessivas contra-reformas constitucionais foram recortando ainda mais a Carta e a atua\u00e7\u00e3o ditatorial criou choques com a Corte Suprema de Justi\u00e7a. Ao renunciar a continuar governando como antes e configurar um regime arbitr\u00e1rio de conten\u00e7\u00e3o social, contr\u00e1rio \u00e0s mudan\u00e7as democr\u00e1ticas necess\u00e1rias, as classes dominantes buscam fechar o caminho \u00e0s for\u00e7as populares. <\/p>\n<p>A luta popular se expressou com for\u00e7a na Minga1 ind\u00edgena, nas greves trabalhistas, nas mobiliza\u00e7\u00f5es do magist\u00e9rio, dos universit\u00e1rios, no encontro de Cali pelo acordo humanit\u00e1rio e nas propostas contra as bases ianques. <\/p>\n<p>A tarefa da hora \u00e9 a luta social e pol\u00edtica, que ponha no centro a campanha eleitoral para avan\u00e7ar rumo a um governo democr\u00e1tico e popular que substitua e retifique o rumo guerreirista. Seu compromisso com a solu\u00e7\u00e3o pol\u00edtica \u00e9 insepar\u00e1vel das reformas essenciais, em particular a reforma agr\u00e1ria democr\u00e1tica, a amplia\u00e7\u00e3o dos direitos e liberdades, o respeito pelos direitos humanos, as medidas para enfrentar a crise econ\u00f4mica e a espolia\u00e7\u00e3o dos trabalhadores e seus efeitos na popula\u00e7\u00e3o. O P\u00f3lo decidiu lan\u00e7ar uma candidatura presidencial com o senador Gustavo Petro como candidato e deve convocar, em torno de seu programa democr\u00e1tico, as for\u00e7as do povo e os setores pol\u00edticos dispostos a se comprometer com a mudan\u00e7a. Entendemos a consulta com outras for\u00e7as como um processo de acordos e compromissos com os interesses populares na dire\u00e7\u00e3o da mudan\u00e7a democr\u00e1tica. O Congresso do Povo pode ser o cen\u00e1rio que reafirme a candidatura presidencial unit\u00e1ria da esquerda. <\/p>\n<p>Para os comunistas \u00e9 um dever trabalhar para fortalecer sua presen\u00e7a como for\u00e7a unit\u00e1ria do P\u00f3lo, comprometida com sua orienta\u00e7\u00e3o de esquerda e com uma representativa a\u00e7\u00e3o parlamentar. Para o senado levantamos o nome de Gloria In\u00eas Ram\u00edrez; para a c\u00e2mara de Bogot\u00e1, a candidatura de Carlos Lozano; de Ever Rodr\u00edguez, na Cundinamarca, e Omar Romero, no Valle; assim como aliados em outras prov\u00edncias com o compromisso do apoio a Gloria In\u00eas Ram\u00edrez e a presid\u00eancia de Gustavo Petro. <\/p>\n<p>A luta por um novo pa\u00eds passa hoje por uma amplia\u00e7\u00e3o dos processos unit\u00e1rios, a a\u00e7\u00e3o conjunta de novas for\u00e7as, especialmente quando o imp\u00e9rio avassala e pretende subjugar a Col\u00f4mbia e os irm\u00e3os latino- americanos. O PCC convoca os colombianos (as), de todos os partidos e setores da sociedade, para construir o caminho da mudan\u00e7a democr\u00e1tica, da paz com justi\u00e7a social, da solidariedade continental, para honrar os 80 anos de sua exist\u00eancia no marco da comemora\u00e7\u00e3o do Bicenten\u00e1rio das lutas libertadoras. <\/p>\n<p>FORA BASES IANQUES DA COL\u00d4MBIA!dvdvd VIVA O POLO DEMOCR\u00c1TICO ALTERNATIVO!dvdvd VIVA A UNIDADE DO POVO COLOMBIANO!dvdvd <\/p>\n<p>Comit\u00ea Central, Bogot\u00e1, novembro, 27 de 2009 <\/p>\n<p>Minga[1]: palavra quichua utilizada para referir-se a atividades de trabalho comunit\u00e1rio em que participam homens, mulheres e crian\u00e7as.<\/p>\n","protected":false},"excerpt":{"rendered":"\n\n\nCr\u00e9dito: 3.bp.blogspot.com\n\n\n\n\n(Declara\u00e7\u00e3o do Comit\u00ea Central do Partido Comunista Colombiano)\nA realidade econ\u00f4mica, social e pol\u00edtica do pa\u00eds confirma as afirma\u00e7\u00f5es sobre o impacto da crise econ\u00f4mica do sistema capitalista e o agravamento da situa\u00e7\u00e3o das maiorias populares, em particular dos trabalhadores, em conseq\u00fc\u00eancia do modelo fundado na seguran\u00e7a democr\u00e1tica, na confian\u00e7a investidora, na suposta coes\u00e3o social e no Estado comunit\u00e1rio. Nem o pa\u00eds estava blindado, como bradavam os porta-vozes oficiais, nem \u00e9 certo que o pior j\u00e1 passou.\n<a class=\"moretag\" href=\"https:\/\/pcb.org.br\/portal2\/26\"> <\/a>","protected":false},"author":1,"featured_media":0,"comment_status":"open","ping_status":"open","sticky":false,"template":"","format":"standard","meta":{"jetpack_post_was_ever_published":false,"_jetpack_newsletter_access":"","_jetpack_dont_email_post_to_subs":false,"_jetpack_newsletter_tier_id":0,"_jetpack_memberships_contains_paywalled_content":false,"_jetpack_memberships_contains_paid_content":false,"footnotes":"","jetpack_publicize_message":"","jetpack_publicize_feature_enabled":true,"jetpack_social_post_already_shared":false,"jetpack_social_options":{"image_generator_settings":{"template":"highway","default_image_id":0,"font":"","enabled":false},"version":2}},"categories":[34],"tags":[],"class_list":["post-26","post","type-post","status-publish","format-standard","hentry","category-c39-colombia"],"jetpack_publicize_connections":[],"jetpack_featured_media_url":"","jetpack_shortlink":"https:\/\/wp.me\/p659gw-q","jetpack-related-posts":[],"jetpack_likes_enabled":true,"jetpack_sharing_enabled":true,"_links":{"self":[{"href":"https:\/\/pcb.org.br\/portal2\/wp-json\/wp\/v2\/posts\/26","targetHints":{"allow":["GET"]}}],"collection":[{"href":"https:\/\/pcb.org.br\/portal2\/wp-json\/wp\/v2\/posts"}],"about":[{"href":"https:\/\/pcb.org.br\/portal2\/wp-json\/wp\/v2\/types\/post"}],"author":[{"embeddable":true,"href":"https:\/\/pcb.org.br\/portal2\/wp-json\/wp\/v2\/users\/1"}],"replies":[{"embeddable":true,"href":"https:\/\/pcb.org.br\/portal2\/wp-json\/wp\/v2\/comments?post=26"}],"version-history":[{"count":0,"href":"https:\/\/pcb.org.br\/portal2\/wp-json\/wp\/v2\/posts\/26\/revisions"}],"wp:attachment":[{"href":"https:\/\/pcb.org.br\/portal2\/wp-json\/wp\/v2\/media?parent=26"}],"wp:term":[{"taxonomy":"category","embeddable":true,"href":"https:\/\/pcb.org.br\/portal2\/wp-json\/wp\/v2\/categories?post=26"},{"taxonomy":"post_tag","embeddable":true,"href":"https:\/\/pcb.org.br\/portal2\/wp-json\/wp\/v2\/tags?post=26"}],"curies":[{"name":"wp","href":"https:\/\/api.w.org\/{rel}","templated":true}]}}