{"id":2604,"date":"2012-03-30T15:45:16","date_gmt":"2012-03-30T15:45:16","guid":{"rendered":"http:\/\/pcb.org.br\/portal2\/?p=2604"},"modified":"2012-03-30T15:45:16","modified_gmt":"2012-03-30T15:45:16","slug":"venha-se-manifestar-contra-a-privataria-da-cultura","status":"publish","type":"post","link":"https:\/\/pcb.org.br\/portal2\/2604","title":{"rendered":"Venha se manifestar contra a privataria da Cultura!"},"content":{"rendered":"\n<p>As r\u00e1dios e a TV Cultura de S\u00e3o Paulo se consolidaram historicamente como uma alternativa aos meios de comunica\u00e7\u00e3o privados. As r\u00e1dios AM e FM ficaram conhecidas pela excelente programa\u00e7\u00e3o de m\u00fasica popular brasileira e de m\u00fasica cl\u00e1ssica. A televis\u00e3o criou alguns dos principais programas de debates de temas nacionais, como o Roda Viva e o Opini\u00e3o Nacional, e constituiu n\u00facleos de refer\u00eancia na produ\u00e7\u00e3o de programas infantis e na de musicais, como o Ensaio e o Viola, Minha Viola. As emissoras tornaram-se, apesar dos percal\u00e7os, um patrim\u00f4nio da popula\u00e7\u00e3o paulista.<\/p>\n<p>Contudo, nos \u00faltimos anos, a TV e as r\u00e1dios Cultura est\u00e3o passando por um processo de desmonte e privatiza\u00e7\u00e3o, com a degrada\u00e7\u00e3o de seu car\u00e1ter p\u00fablico. Esse e outros fatos se destacam:<\/p>\n<ul>\n<li>mais de mil demiss\u00f5es, entre contratados e prestadores de servi\u00e7o (PJs);<\/li>\n<li>extin\u00e7\u00e3o de programas (Zoom, Grandes Momentos do Esporte, Vitrine, Cultura Retr\u00f4, Login) e tentativa de extin\u00e7\u00e3o do Manos e Minas;<\/li>\n<li>demiss\u00e3o da equipe do Entrelinhas e extin\u00e7\u00e3o do programa, sem garantias de que ele seja quadro fixo do Metr\u00f3polis;<\/li>\n<li>aniquila\u00e7\u00e3o das equipes da R\u00e1dio Cultura e estrangulamento da equipe de jornalismo;<\/li>\n<li>enfraquecimento da produ\u00e7\u00e3o pr\u00f3pria de conte\u00fado, inclusive dos infantis;<\/li>\n<li>entrega, sem crit\u00e9rios p\u00fablicos, de hor\u00e1rios na programa\u00e7\u00e3o para meios de comunica\u00e7\u00e3o privados, como a Folha de S.Paulo;<\/li>\n<li>cancelamento de contratos de presta\u00e7\u00e3o de servi\u00e7os (TV Justi\u00e7a, Assembleia e outros);<\/li>\n<li>doa\u00e7\u00e3o da pinacoteca e biblioteca;<\/li>\n<li>sucateamento da cenografia, da marcenaria, de maquinaria e efeitos, al\u00e9m do setor de transportes.<\/li>\n<\/ul>\n<p>Pela sua composi\u00e7\u00e3o e formato de indica\u00e7\u00e3o, o Conselho Curador da Funda\u00e7\u00e3o Padre Anchieta n\u00e3o tem a independ\u00eancia necess\u00e1ria para defender a Cultura das a\u00e7\u00f5es predat\u00f3rias vindas de sua pr\u00f3pria presid\u00eancia. Mesmo que tivesse, sobre alguns desses pontos o Conselho Curador da Funda\u00e7\u00e3o Padre Anchieta sequer foi consultado.<\/p>\n<p>N\u00e3o podemos deixar esse patrim\u00f4nio do povo de S\u00e3o Paulo ser dilapidado, v\u00edtima de sucateamento promovido por sucessivas gest\u00f5es sem compromisso com o interesse p\u00fablico, seriamente agravado na gest\u00e3o Sayad.<\/p>\n<p>Nesse momento, \u00e9 preciso afirmar seu car\u00e1ter p\u00fablico e lutar pelos seguintes pontos:<\/p>\n<p>Contra o desmonte geral da r\u00e1dio e TV Cultura e pela retomada dos programas.<\/p>\n<p>Em defesa do pluralismo e da diversidade na programa\u00e7\u00e3o.<\/p>\n<p>Por uma pol\u00edtica transparente e democr\u00e1tica para abertura \u00e0 programa\u00e7\u00e3o independente, com realiza\u00e7\u00e3o de pitchings e editais.<\/p>\n<p>Pela democratiza\u00e7\u00e3o do Conselho Curador da Funda\u00e7\u00e3o Padre Anchieta<\/p>\n<p>ATO CONTRA A PRIVATARIA DA CULTURA<\/p>\n<p><strong>3 de abril, ter\u00e7a-feira, \u00e0s 19h<\/strong><\/p>\n<p>Sindicato dos Engenheiros de S\u00e3o Paulo<\/p>\n<p>Rua Genebra, 25 \u2013 Centro (ao lado da C\u00e2mara Municipal)<\/p>\n","protected":false},"excerpt":{"rendered":"\n\n\nCr\u00e9dito: CM\n\n\n\n\n\n\n\n\nAto acontece no dia 3 de abril, ter\u00e7a-feira, no Sindicato dos Engenheiros de SP\n<a class=\"moretag\" href=\"https:\/\/pcb.org.br\/portal2\/2604\"> <\/a>","protected":false},"author":1,"featured_media":0,"comment_status":"open","ping_status":"open","sticky":false,"template":"","format":"standard","meta":{"jetpack_post_was_ever_published":false,"_jetpack_newsletter_access":"","_jetpack_dont_email_post_to_subs":false,"_jetpack_newsletter_tier_id":0,"_jetpack_memberships_contains_paywalled_content":false,"_jetpack_memberships_contains_paid_content":false,"footnotes":"","jetpack_publicize_message":"","jetpack_publicize_feature_enabled":true,"jetpack_social_post_already_shared":false,"jetpack_social_options":{"image_generator_settings":{"template":"highway","default_image_id":0,"font":"","enabled":false},"version":2}},"categories":[20],"tags":[],"class_list":["post-2604","post","type-post","status-publish","format-standard","hentry","category-c1-popular"],"jetpack_publicize_connections":[],"jetpack_featured_media_url":"","jetpack_shortlink":"https:\/\/wp.me\/p659gw-G0","jetpack-related-posts":[],"jetpack_likes_enabled":true,"jetpack_sharing_enabled":true,"_links":{"self":[{"href":"https:\/\/pcb.org.br\/portal2\/wp-json\/wp\/v2\/posts\/2604","targetHints":{"allow":["GET"]}}],"collection":[{"href":"https:\/\/pcb.org.br\/portal2\/wp-json\/wp\/v2\/posts"}],"about":[{"href":"https:\/\/pcb.org.br\/portal2\/wp-json\/wp\/v2\/types\/post"}],"author":[{"embeddable":true,"href":"https:\/\/pcb.org.br\/portal2\/wp-json\/wp\/v2\/users\/1"}],"replies":[{"embeddable":true,"href":"https:\/\/pcb.org.br\/portal2\/wp-json\/wp\/v2\/comments?post=2604"}],"version-history":[{"count":0,"href":"https:\/\/pcb.org.br\/portal2\/wp-json\/wp\/v2\/posts\/2604\/revisions"}],"wp:attachment":[{"href":"https:\/\/pcb.org.br\/portal2\/wp-json\/wp\/v2\/media?parent=2604"}],"wp:term":[{"taxonomy":"category","embeddable":true,"href":"https:\/\/pcb.org.br\/portal2\/wp-json\/wp\/v2\/categories?post=2604"},{"taxonomy":"post_tag","embeddable":true,"href":"https:\/\/pcb.org.br\/portal2\/wp-json\/wp\/v2\/tags?post=2604"}],"curies":[{"name":"wp","href":"https:\/\/api.w.org\/{rel}","templated":true}]}}