{"id":26061,"date":"2020-08-30T22:02:59","date_gmt":"2020-08-31T01:02:59","guid":{"rendered":"https:\/\/pcb.org.br\/portal2\/?p=26061"},"modified":"2020-09-03T01:22:09","modified_gmt":"2020-09-03T04:22:09","slug":"por-que-os-comunistas-se-lancam-as-eleicoes","status":"publish","type":"post","link":"https:\/\/pcb.org.br\/portal2\/26061","title":{"rendered":"Por que os comunistas se lan\u00e7am \u00e0s elei\u00e7\u00f5es"},"content":{"rendered":"<p><img decoding=\"async\" class=\"imagem\" title=\"imagem\" src=\"https:\/\/i0.wp.com\/pbs.twimg.com\/media\/EgnWzjpXgAA9Je1.jpg\" alt=\"imagem\" \/><!--more-->E por que a juventude trabalhadora deve apoi\u00e1-los<\/p>\n<p>[\u2026] a participa\u00e7\u00e3o num parlamento democr\u00e1tico-burgu\u00eas, longe de prejudicar o proletariado revolucion\u00e1rio, permite-lhe demonstrar mais facilmente \u00e0s massas atrasadas porque semelhantes parlamentos devem ser dissolvidos, facilita o \u00eaxito da sua dissolu\u00e7\u00e3o, facilita a \u201csupress\u00e3o pol\u00edtica\u201d do parlamentarismo burgu\u00eas.<\/p>\n<p>\u2013 Vladimir L\u00eanin<\/p>\n<p>Gabriel Lazzari &#8211; Secret\u00e1rio Pol\u00edtico Nacional da Uni\u00e3o da Juventude Comunista<\/p>\n<p>O movimento revolucion\u00e1rio segue enfraquecido em n\u00edvel global. No Brasil, apesar de mandos e desmandos da burguesia e do Estado capitalista, gerido em n\u00edvel nacional pelo governo de extrema-direita encabe\u00e7ado por Jair Bolsonaro e Hamilton Mour\u00e3o, teremos elei\u00e7\u00f5es no final deste ano. O que est\u00e1 em jogo nessas elei\u00e7\u00f5es? Como agir\u00e3o os jovens comunistas nessa luta? A Uni\u00e3o da Juventude Comunista apresenta sua an\u00e1lise sobre o assunto.<\/p>\n<p>Elei\u00e7\u00f5es 2020: quais s\u00e3o as cartas sobre a mesa?<br \/>\nVivemos um momento das lutas de classes internacionais em que a extrema-direita conquistou posi\u00e7\u00f5es de destaque tanto nas estruturas estatais quanto na consci\u00eancia m\u00e9dia da popula\u00e7\u00e3o em geral. Isso n\u00e3o se deu de forma imediata: \u00e9 fruto da necess\u00e1ria ofensiva das classes dominantes do mundo todo para recuperarem suas taxas de lucro, abaladas com a crise sist\u00eamica do capitalismo, assim como do baixo grau de organiza\u00e7\u00e3o dos trabalhadores. O momento que vivemos \u00e9, portanto, de uma ofensiva dos capitalistas contra nossa classe, a classe trabalhadora. A pandemia do coronav\u00edrus veio para agravar ainda mais essa situa\u00e7\u00e3o. Na imensa maioria dos pa\u00edses capitalistas, os governos (de direita ou de \u201cesquerda\u201d) n\u00e3o conseguiram prestar o suporte necess\u00e1rio ao combate \u00e0 doen\u00e7a, nem nos seus aspectos imediatamente m\u00e9dicos, nem nos aspectos socioecon\u00f4micos (como prote\u00e7\u00e3o do emprego, garantia de alimenta\u00e7\u00e3o, isen\u00e7\u00e3o de alugu\u00e9is e tarifas cotidianas etc.).<\/p>\n<p>Mesmo assim, em uma conjuntura de golpes de estado, amea\u00e7as \u00e0s liberdades democr\u00e1ticas, desmonte de direitos e conquistas dos trabalhadores de d\u00e9cadas passadas, teremos elei\u00e7\u00f5es municipais no nosso pa\u00eds. De um lado e de outro, diversas press\u00f5es s\u00e3o feitas aos trabalhadores: setores da social-democracia, a esquerda hoje hegem\u00f4nica em nosso pa\u00eds, apelam para uma necess\u00e1ria \u201cunidade\u201d em torno de seus candidatos; ao mesmo tempo, setores irrespons\u00e1veis diminuem (ou simplesmente negam) a import\u00e2ncia da disputa eleitoral na situa\u00e7\u00e3o atual.<\/p>\n<p>Para entendermos a fundo a quest\u00e3o, \u00e9 preciso entender o que est\u00e1 em jogo nas elei\u00e7\u00f5es de 2020.<\/p>\n<p>A primeira quest\u00e3o, \u00f3bvia a qualquer um, \u00e9 que os ataques mencionados est\u00e3o ocorrendo em escala global. A defensiva dos trabalhadores \u00e9 uma realidade: estamos lutando para manter as conquistas que duramente arrancamos \u00e0s m\u00e3os dos capitalistas durante d\u00e9cadas de luta em nosso pa\u00eds. N\u00e3o ser\u00e1 poss\u00edvel mobilizar amplos setores da classe trabalhadora para uma ofensiva (qualquer que seja ela \u2013 j\u00e1 falaremos adiante disso) sem que consigamos ter vit\u00f3rias significativas nessa nossa luta defensiva. Ao mesmo tempo, temos que dar um rumo claro ao resultado dessas vit\u00f3rias: a classe trabalhadora deve sair mais articulada, mais organizada e mais consciente. S\u00f3 assim poderemos iniciar um novo ciclo de lutas que inicie uma verdadeira ofensiva contra a classe dos capitalistas \u2013 uma ofensiva n\u00e3o apenas econ\u00f4mica, de retomada de nossos direitos, mas pol\u00edtica, de tomada do Poder. A esse processo chamamos: a constru\u00e7\u00e3o do Poder Popular para a revolu\u00e7\u00e3o socialista.<\/p>\n<p>Esse dif\u00edcil movimento \u00e9 o que queremos: passar da defensiva \u00e0 ofensiva. Mas n\u00e3o apenas a classe trabalhadora est\u00e1 desmobilizada (d\u00e9cadas de hegemonia do reformismo cobram seu pre\u00e7o na consci\u00eancia e na organiza\u00e7\u00e3o da classe), como ainda tem esperan\u00e7as no regime burgu\u00eas, ainda mant\u00e9m seus preconceitos democr\u00e1tico-republicanos. A isso dizemos: \u00e9 normal que assim o seja! Estranho seria se os trabalhadores j\u00e1 n\u00e3o mais aceitassem essa farsa capitalista nas suas ideias e aceitassem na pr\u00e1tica. Ao contr\u00e1rio, inclusive, \u00e9 por desconfiarem, mesmo que seja um pouco, dessa farsa que muitos votaram em Bolsonaro em 2018 \u2013 afinal, era dos poucos que se dizia \u201cinimigo do sistema\u201d. Mal sabiam os milh\u00f5es de trabalhadores que nele votaram que era um inimigo, sim, mas da nossa classe.<\/p>\n<p>Por que os jovens comunistas se lan\u00e7am \u00e0s elei\u00e7\u00f5es em 2020?<br \/>\n\u00c9 nessa dif\u00edcil conjuntura, cheia de atravancos e puxadas de tapete que os capitalistas tentam dar contra os trabalhadores, que teremos as elei\u00e7\u00f5es municipais em 2020. Essas elei\u00e7\u00f5es j\u00e1 come\u00e7am como um jogo de cartas marcadas: as \u00faltimas \u201creformas\u201d eleitorais nada fizeram sen\u00e3o diminuir o espa\u00e7o dos partidos de esquerda que t\u00eam uma pol\u00edtica independente e privilegiar a fus\u00e3o em torno dos grandes \u201cburacos negros\u201d que s\u00e3o os partidos de direita. PSOL e PCdoB escaparam por um triz da \u201ccl\u00e1usula de barreira\u201d e mantiveram os espa\u00e7os democr\u00e1ticos concedidos pela burguesia. N\u00f3s, os comunistas do PCB, como em outros momentos da hist\u00f3ria, fomos tolhidos do direito de receber fundo partid\u00e1rio e de ter propaganda partid\u00e1ria veiculada. Os comunistas brasileiros, aos olhos da burguesia, seguem sendo uma pedra no sapato. Al\u00e9m disso, as coliga\u00e7\u00f5es para disputas de elei\u00e7\u00f5es proporcionais, como \u00e9 o caso das C\u00e2maras de Vereadores, tamb\u00e9m foram proibidas \u2013 aumentando a press\u00e3o para fus\u00f5es eleitoreiras em detrimento das coliga\u00e7\u00f5es apresentadas abertamente, como foram as que o PCB desenvolveu nos \u00faltimos anos, principalmente ao lado dos companheiros do PSOL.<\/p>\n<p>O cerco est\u00e1 fechado e o circo (da democracia burguesa) est\u00e1 armado. Como ent\u00e3o far\u00e3o os comunistas?<\/p>\n<p>A primeira coisa que apontamos \u00e9 que n\u00e3o podemos desprezar nenhum espa\u00e7o, nenhuma trincheira, nem um m\u00ednimo ponto de apoio para fazermos den\u00fancias e levarmos os interesses dos trabalhadores para a opini\u00e3o p\u00fablica. Negar participar desses espa\u00e7os \u2013 n\u00e3o para lhes dar legitimidade, mas, ao contr\u00e1rio, para apontar seus limites \u2013 \u00e9 se negar a falar com uma ampla massa do povo trabalhador, que muitas vezes s\u00f3 toma ci\u00eancia das manobras burguesas atrav\u00e9s da publiciza\u00e7\u00e3o de uma ou outra pol\u00eamica dentro do parlamento. Essas pequenas oportunidades, os comunistas agarrar\u00e3o para denunciar por dentro como j\u00e1 o fazemos por fora. Assim, combinando a luta parlamentar com a extraparlamentar, a luta de massas nos sindicatos, entidades estudantis, movimentos sociais na cidade e no campo, poderemos auxiliar na reorganiza\u00e7\u00e3o da classe trabalhadora \u2013 como j\u00e1 fazemos por meio do F\u00f3rum Sindical, Popular e de Juventudes pelos Direitos Sociais e Liberdades Democr\u00e1ticas, como j\u00e1 fazemos na defesa de um Encontro Nacional da Classe Trabalhadora.<\/p>\n<p>A segunda coisa \u00e9, portanto, porque o PCB, nessas elei\u00e7\u00f5es, aposta em dezenas de jovens comunistas como seus futuros candidatos?<\/p>\n<p>Um passo atr\u00e1s na an\u00e1lise da conjuntura \u00e9 importante. A gera\u00e7\u00e3o que estreou nos palcos das lutas de classes nos \u00faltimos anos p\u00f4de observar a olhos nus uma s\u00e9rie de processos pol\u00edticos definidores: vimos a fal\u00eancia da estrat\u00e9gia democr\u00e1tico-popular estourar em junho de 2013, come\u00e7ando a perdendo a dire\u00e7\u00e3o pol\u00edtica efetiva dos trabalhadores do pa\u00eds ao se negar a tomar o lado do povo incondicionalmente, e dando de bandeja para a direita com quem tentaram fazer alian\u00e7as por governabilidade; vimos um processo de desestabiliza\u00e7\u00e3o dessa mesma governabilidade a partir de 2015, que culmina com o golpe que derruba a presidente Dilma e instaura Temer na Presid\u00eancia da Rep\u00fablica; vimos uma elei\u00e7\u00e3o cheia de fraudes e irregularidades levar ao governo o miliciano e ex-militar Jair Bolsonaro e o General do Ex\u00e9rcito Hamilton Mour\u00e3o; vimos uma pandemia desmascarar completamente a efici\u00eancia do mercado e das reformas neoliberais, literalmente matando mais de 100 mil pessoas apenas no nosso pa\u00eds (e ainda \u00e9 preciso, depois de tudo isso, reafirmar que a imensa maioria era da classe trabalhadora?).<\/p>\n<p>Os jovens comunistas, no intenso processo de formula\u00e7\u00e3o e s\u00edntese, sob a lideran\u00e7a do Partido Comunista Brasileiro e com a clara visada da necessidade de uma Revolu\u00e7\u00e3o Socialista no Brasil, colheram os frutos dessa conturbada sucess\u00e3o de eventos na pol\u00edtica nacional e internacional \u2013 s\u00e3o eles que poder\u00e3o oferecer ao povo trabalhador brasileiro \u2013 sobretudo aos jovens trabalhadores que, por conta das j\u00e1 mencionadas d\u00e9cadas de hegemonia reformista, est\u00e3o afastados dos sindicatos, dos movimentos, da luta de classes direta \u2013 uma sa\u00edda, uma dire\u00e7\u00e3o revolucion\u00e1ria, que n\u00e3o mais se contente com pequenas representa\u00e7\u00f5es no poder burgu\u00eas, mas que s\u00f3 v\u00e3o parar quando estiver todo o poder da sociedade nas m\u00e3os dos pr\u00f3prios trabalhadores.<\/p>\n<p>\u00c9 com essa visada de longo prazo que apresentamos, junto do PCB, um Programa Anticapitalista para as Cidades, expressando os interesses da maioria trabalhadora \u2013 n\u00e3o buscando as migalhas que nos d\u00e3o os capitalistas, mas combatendo duramente os interesses deles no dia a dia, na gest\u00e3o das nossas cidades, nas c\u00e2maras de vereadores, e em todos os espa\u00e7os de luta e vida dos trabalhadores.<\/p>\n<p>\u00c9 com esse programa que pautaremos, desde o princ\u00edpio, a estatiza\u00e7\u00e3o completa dos transportes p\u00fablicos; brigaremos lado a lado com condutores, cobradores, t\u00e9cnicos pelo controle popular e pelo direito \u00e0 cidade para estudantes, trabalhadores, jovens das periferias.<\/p>\n<p>\u00c9 com esse programa que pautaremos, desde o princ\u00edpio, o investimento exclusivo na educa\u00e7\u00e3o p\u00fablica, laica e de qualidade! Chega de conv\u00eanios alimentando os empres\u00e1rios da educa\u00e7\u00e3o e que, ainda por cima, servem de desculpa para o desinvestimento na escola p\u00fablica. Queremos a universaliza\u00e7\u00e3o da educa\u00e7\u00e3o infantil e do ensino fundamental, com gest\u00e3o comunit\u00e1ria e popular de todo o sistema!<\/p>\n<p>\u00c9 com esse programa que pautaremos, desde o princ\u00edpio, o uso social da propriedade privada \u2013 superando assim tanto o d\u00e9ficit habitacional quanto expandindo a produ\u00e7\u00e3o cooperativada. Chega da especula\u00e7\u00e3o imobili\u00e1ria mantendo dezenas de milhares de pr\u00e9dios desocupados! Os trabalhadores precisam de moradia!<\/p>\n<p>\u00c9, enfim, com esse programa \u2013 que n\u00e3o se limita a esses pontos, e que ser\u00e1 em breve publicizado a partir da Plataforma Comunista \u2013 21 Pontos para Construir o Poder Popular nas Cidades \u2013 que os jovens comunistas v\u00e3o armados at\u00e9 os dentes lutar onde quer que seja pelos interesses dos trabalhadores, pela constru\u00e7\u00e3o do Poder Popular, no rumo do Socialismo.<\/p>\n<p>Por que a juventude trabalhadora deve apoiar os comunistas nessa luta? E como?<br \/>\nQuando falamos de apoio a candidatos e candidatas, v\u00e1rios motivos aparecem na cabe\u00e7a das pessoas. Indo desde as compras de votos praticamente diretas por meio de distribui\u00e7\u00f5es de cestas b\u00e1sicas e outras benesses \u2013 o famoso \u201ccurral eleitoral\u201d \u2013 at\u00e9 os mais novos apelos identitaristas (\u201cmulher vota em mulher\u201d, \u201cLGBT vota em LGBT\u201d e suas varia\u00e7\u00f5es), passando por candidatos monotem\u00e1ticos sem firmeza ideol\u00f3gica (algu\u00e9m ainda se lembra da Tabata Amaral e seu \u201cMapa Educa\u00e7\u00e3o\u201d?). Em v\u00e1rios casos, a defesa das pessoas \u00e9 na linha do \u201cPrecisamos colocar _________ nos espa\u00e7os de poder\u201d, preenchendo a lacuna conforme os interesses da educa\u00e7\u00e3o, das mulheres, dos negros e negras etc.<\/p>\n<p>Nossas futuras campanhas tamb\u00e9m ter\u00e3o esses mesmos indiv\u00edduos: jovens trabalhadores, profissionais da educa\u00e7\u00e3o, estudantes, mulheres, LGBTs, negros e negras, sindicalistas, trabalhadores da sa\u00fade e muitos outros. Mas ela n\u00e3o se restringe a isso, n\u00e3o se restringe a dividir a classe trabalhadora por nichos ou por temas espec\u00edficos. Todos os jovens comunistas que disputar\u00e3o as elei\u00e7\u00f5es em 2020 ter\u00e3o os interesses do conjunto da classe trabalhadora como guia de suas futuras campanhas, de suas lutas e de suas interven\u00e7\u00f5es nas c\u00e2maras e prefeituras em que formos eleitos.<\/p>\n<p>Al\u00e9m disso, um outro tema tem aparecido cada vez mais: o tema das candidaturas coletivas, das bancadas, dos blocos para verean\u00e7a, principalmente. Para os comunistas, nada disso \u00e9 novidade: todas as nossas candidaturas s\u00e3o coletivas, porque s\u00e3o apenas um momento de uma discuss\u00e3o e uma pr\u00e1tica pol\u00edtica que envolve milhares de militantes em todo o pa\u00eds. E os comunistas tamb\u00e9m alertam: n\u00e3o somente as nossas candidaturas s\u00e3o coletivas, todas s\u00e3o! Os pol\u00edticos que est\u00e3o no poder defendendo os interesses do empresariado tamb\u00e9m tem a sua coletividade \u2013 s\u00e3o as empresas que financiam suas campanhas, s\u00e3o os lobistas internacionais que lhes d\u00e3o as pautas, s\u00e3o os \u201cinstitutos de forma\u00e7\u00e3o de lideran\u00e7as\u201d que lhes moldam para defender o liberalismo, mesmo que pintado com as cores da esquerda. Eles desejam esconder essa coletividade, porque n\u00e3o pega bem, afinal, ser como Paulo Guedes, Ministro da Economia e capacho imperialista nas horas vagas, que \u00e9 dono de um banco de investimentos e quer uma Reforma da Previd\u00eancia que vai possibilitar seu enriquecimento. N\u00f3s, os comunistas, n\u00e3o escondemos nossa coletividade \u2013 vamos de peito aberto, demonstrando a todo momento que nossa campanha \u00e9 de trabalhadores, por trabalhadores, para trabalhadores.<\/p>\n<p>\u00c9 por esses motivos (e outros ainda) que o PCB trabalha sempre na l\u00f3gica da Campanha-Movimento \u2013 nossa pol\u00edtica n\u00e3o \u00e9 a dos candidatos \u201chumanos geniais, salvadores da p\u00e1tria\u201d, mas do trabalho coletivo intenso e extenso, do v\u00ednculo direto com as lutas dos trabalhadores. Para os comunistas, uma campanha eleitoral \u00e9 apenas mais um momento para fazermos o que fazemos todos os dias: ir aonde o povo est\u00e1. E nesses lugares, ajudarmos a organizar a luta e fazermos a disputa pol\u00edtica honesta, aberta e revolucion\u00e1ria, levando de peito aberto nosso programa e dispostos a constru\u00ed-lo no dia a dia com cada trabalhador e cada trabalhadora. Nossa campanha n\u00e3o \u00e9 quando sa\u00edmos de gabinetes encastelados e vamos comer pastel no meio do pov\u00e3o; a Campanha-Movimento \u00e9 onde estamos mais \u00e0 vontade, no meio da nossa classe, apresentando nossas propostas e aqueles que poder\u00e3o encamp\u00e1-las em todos os lugares \u2013 seja no sindicato, na associa\u00e7\u00e3o de moradores, na entidade estudantil e tamb\u00e9m nas prefeituras e c\u00e2maras de vereadores.<\/p>\n<p>Quem quiser ver trabalhadores e trabalhadoras lutando nas trincheiras das lutas que s\u00e3o as institui\u00e7\u00f5es do Estado \u2013 trincheiras que soterraremos assim que os trabalhadores fizerem a revolu\u00e7\u00e3o \u2013, ter\u00e1 nos jovens comunistas lutadores incans\u00e1veis pelos interesses da classe trabalhadora.<\/p>\n<p>\u201cBeleza, mas e a\u00ed? Concordei com tudo o que voc\u00ea disse. Como eu ajudo ent\u00e3o?\u201d<\/p>\n<p>Como Campanha-Movimento, as campanhas dos jovens comunistas s\u00e3o campanhas dos trabalhadores, constru\u00eddas a partir do esfor\u00e7o coletivo de centenas e milhares de militantes que doam seu tempo e seu trabalho para refor\u00e7ar a luta cotidiana. Assim, todos aqueles que quiserem refor\u00e7ar essa trincheira de luta, est\u00e3o mais do que convidados a construir as campanhas! Estamos j\u00e1 criando diversos Comit\u00eas Populares de campanha para nossas futuras candidaturas, para construir em todas as cidades e territ\u00f3rios um trabalho militante, pol\u00edtico, revolucion\u00e1rio que aumente a organiza\u00e7\u00e3o dos trabalhadores para a luta pelos interesses objetivos da nossa classe.<\/p>\n<p>Da mesma forma, como vivemos na sociedade capitalista, uma campanha eleitoral custa dinheiro. Mas a Campanha-Movimento do PCB n\u00e3o segue a l\u00f3gica (j\u00e1 muito bem estabelecida nos partidos da ordem) de receber dinheiro de empres\u00e1rios e lobistas para favorecer seus interesses. Nossa campanha, at\u00e9 mesmo na quest\u00e3o da arrecada\u00e7\u00e3o financeira, \u00e9 uma campanha de trabalhadores, por trabalhadores, para trabalhadores. Quer ajudar a eleger um comunista mas est\u00e1 sem tempo? Seus dez reais de contribui\u00e7\u00e3o ser\u00e3o um passo em frente no rumo da revolu\u00e7\u00e3o socialista. Parece exagerado, mas \u00e9 nas pequenas tarefas do dia a dia que constru\u00edmos uma alternativa \u00e0 sociedade capitalista.<\/p>\n<p>\u00c9 claro que, para essa Campanha-Movimento, importam tanto a Campanha como o Movimento. Assim, tamb\u00e9m chamamos os companheiros e companheiras que queiram engrossar as fileiras da luta pelo socialismo, nos dar os bra\u00e7os e apertar firmes para fazermos desse momento eleitoral o primeiro passo em suas trajet\u00f3rias individuais de luta organizada. Temos a certeza de que os milhares de jovens que hoje constroem o Movimento por uma Universidade Popular e o Movimento por uma Escola Popular ver\u00e3o os programas que eles constroem no dia a dia, em cada escola e cada universidade, refletidos na nossa campanha; que os jovens que constroem conosco os movimentos anti-imperialistas, de solidariedade aos povos do mundo todo, ver\u00e3o a luta pela paz mundial refletida no nosso programa; que os jovens que constroem conosco o movimento nos bairros, contra a viol\u00eancia policial direcionada aos jovens negros e perif\u00e9ricos, ver\u00e3o a luta pela igualdade e contra a opress\u00e3o refletida nas nossas propostas; e que os jovens que desejam o fim da explora\u00e7\u00e3o ver\u00e3o em nossos candidatos n\u00e3o apenas representantes do povo trabalhador \u2013 ver\u00e3o neles companheiros de luta por um mundo melhor.<\/p>\n<p>Essas s\u00e3o as cartas na mesa, esses s\u00e3o os motivos dos jovens comunistas disputarem essas elei\u00e7\u00f5es, esses s\u00e3o os motivos por que os trabalhadores podem confiar em n\u00f3s, votar em n\u00f3s e lutar conosco, nas elei\u00e7\u00f5es e depois delas.<\/p>\n<p>De peito aberto, venceremos a barb\u00e1rie. O socialismo \u00e9 mais do que poss\u00edvel: \u00e9 urgente.<\/p>\n","protected":false},"excerpt":{"rendered":"<a class=\"moretag\" href=\"https:\/\/pcb.org.br\/portal2\/26061\"> <\/a>","protected":false},"author":1,"featured_media":0,"comment_status":"closed","ping_status":"closed","sticky":false,"template":"","format":"standard","meta":{"jetpack_post_was_ever_published":false,"_jetpack_newsletter_access":"","_jetpack_dont_email_post_to_subs":false,"_jetpack_newsletter_tier_id":0,"_jetpack_memberships_contains_paywalled_content":false,"_jetpack_memberships_contains_paid_content":false,"footnotes":"","jetpack_publicize_message":"","jetpack_publicize_feature_enabled":true,"jetpack_social_post_already_shared":true,"jetpack_social_options":{"image_generator_settings":{"template":"highway","default_image_id":0,"font":"","enabled":false},"version":2}},"categories":[27],"tags":[247,219],"class_list":["post-26061","post","type-post","status-publish","format-standard","hentry","category-c27-ujc","tag-jd","tag-manchete"],"jetpack_publicize_connections":[],"jetpack_featured_media_url":"","jetpack_shortlink":"https:\/\/wp.me\/p659gw-6Ml","jetpack-related-posts":[],"jetpack_likes_enabled":true,"jetpack_sharing_enabled":true,"_links":{"self":[{"href":"https:\/\/pcb.org.br\/portal2\/wp-json\/wp\/v2\/posts\/26061","targetHints":{"allow":["GET"]}}],"collection":[{"href":"https:\/\/pcb.org.br\/portal2\/wp-json\/wp\/v2\/posts"}],"about":[{"href":"https:\/\/pcb.org.br\/portal2\/wp-json\/wp\/v2\/types\/post"}],"author":[{"embeddable":true,"href":"https:\/\/pcb.org.br\/portal2\/wp-json\/wp\/v2\/users\/1"}],"replies":[{"embeddable":true,"href":"https:\/\/pcb.org.br\/portal2\/wp-json\/wp\/v2\/comments?post=26061"}],"version-history":[{"count":0,"href":"https:\/\/pcb.org.br\/portal2\/wp-json\/wp\/v2\/posts\/26061\/revisions"}],"wp:attachment":[{"href":"https:\/\/pcb.org.br\/portal2\/wp-json\/wp\/v2\/media?parent=26061"}],"wp:term":[{"taxonomy":"category","embeddable":true,"href":"https:\/\/pcb.org.br\/portal2\/wp-json\/wp\/v2\/categories?post=26061"},{"taxonomy":"post_tag","embeddable":true,"href":"https:\/\/pcb.org.br\/portal2\/wp-json\/wp\/v2\/tags?post=26061"}],"curies":[{"name":"wp","href":"https:\/\/api.w.org\/{rel}","templated":true}]}}