{"id":26068,"date":"2020-09-01T22:13:45","date_gmt":"2020-09-02T01:13:45","guid":{"rendered":"https:\/\/pcb.org.br\/portal2\/?p=26068"},"modified":"2020-09-01T22:13:45","modified_gmt":"2020-09-02T01:13:45","slug":"mulheres-meninas-e-professoras-na-pandemia","status":"publish","type":"post","link":"https:\/\/pcb.org.br\/portal2\/26068","title":{"rendered":"Mulheres-meninas e professoras na pandemia"},"content":{"rendered":"<p><img decoding=\"async\" class=\"imagem\" title=\"imagem\" src=\"https:\/\/i0.wp.com\/pbs.twimg.com\/media\/EU62jz8WsAAKhCD.jpg\" alt=\"imagem\" \/><!--more-->AS MULHERES &#8211; MENINAS NA PANDEMIA e as PROFESSORAS NO TRABALHO REMOTO<\/p>\n<p>A luta contra opress\u00e3o \u00e0s mulheres est\u00e1 inserida na luta contra \u00e0 explora\u00e7\u00e3o de classe, uma vez que ambas se contrap\u00f5em a elementos da mesma totalidade; modo de produ\u00e7\u00e3o e reprodu\u00e7\u00e3o social capitalista. O Brasil continua a ser um dos pa\u00edses mais violentos para as mulheres, com uma taxa de 4 assassinatos por 100 mil habitantes.<\/p>\n<p>Segundo o F\u00f3rum Brasileiro de Seguran\u00e7a P\u00fablica,(FBSP), desde de mar\u00e7o\/20, com a pandemia de Covid19 e o isolamento social adotado com o objetivo de minimizar a contamina\u00e7\u00e3o na popula\u00e7\u00e3o pelo novo v\u00edrus, o isolamento domiciliar tem provocado um efeito colateral, consequ\u00eancias perversas para as milhares de mulheres brasileiras em situa\u00e7\u00e3o de viol\u00eancia dom\u00e9stica, na medida em que elas n\u00e3o apenas s\u00e3o obrigadas a permanecer em casa com seus agressores, mas sobretudo encontram barreiras no acesso \u00e0s redes de prote\u00e7\u00e3o e aos canais de den\u00fancia.<\/p>\n<p>O FBSP observou m\u00eas a m\u00eas uma redu\u00e7\u00e3o nas den\u00fancias de viol\u00eancia contra a mulher, em compara\u00e7\u00e3o a anos anteriores, por\u00e9m h\u00e1 um aumento de feminic\u00eddios e\/ou homic\u00eddios. Em S\u00e3o Paulo registrou-se uma diminui\u00e7\u00e3o de registros de viol\u00eancia contra a mulher em quase 27%, num sinal de que as mulheres est\u00e3o sofrendo mais no domic\u00edlio com seus agressores e tendo com maior dificuldade em denunci\u00e1-los. Sabemos que o Brasil \u00e9 um dos pa\u00edses com maiores n\u00famero de \u00edndices de feminic\u00eddios e viol\u00eancia dom\u00e9stica e essa situa\u00e7\u00e3o tem se agravado com a onda conservadora que oprime mais as mulheres, particularmente as negras, as GLBTs \u2013 l\u00e9sbicas, trans, travestis.<\/p>\n<p>Na educa\u00e7\u00e3o somos maioria, aproximadamente 80% da categoria. Num trabalho em EAD extremamente estressante, com uma enorme demanda, onde temos que dar conta na Central de M\u00eddias (CMSP), nos WhatsApp, nos e-mails e nas atividades em papel. Somado a isso, ficamos angustiadas com as dificuldades encontradas pelos alunos, s\u00e3o quase 60% deles acessando precariamente ou n\u00e3o acessando as plataformas digitais. Professoras est\u00e3o tamb\u00e9m em exaust\u00e3o, pois temos dificuldades em acesso digital, falta de bons equipamentos, como a internet, que deixa muito a desejar. Sofremos, em algumas escolas da regi\u00e3o, ass\u00e9dio moral por parte da dire\u00e7\u00e3o, levando inclusive professoras a procurar ajuda m\u00e9dica. O quadro pior \u00e9 que sabemos que o ensino remoto \u00e9 prec\u00e1rio, promove uma \u201cuberiza\u00e7\u00e3o\u201d do conhecimento na medida que aplica atividade, corrige atividade, devolve atividade, e as professoras alfabetizadoras sofrem mais ainda porque sabem das dificuldades imensas com a alfabetiza\u00e7\u00e3o \u00e0 dist\u00e2ncia.<\/p>\n<p>Embora o governo Doria\/Rossieli n\u00e3o nos considere humanas, somos mulheres sim: m\u00e3es, temos filhos, esposos, ou somos arrimo de fam\u00edlia, ou moramos com pais idosos, temos todos os trabalhos dom\u00e9sticos ainda sob nossas responsabilidades. A \u00faltima estat\u00edstica 2018 \u2013 Ipea), constatou que 45% dos lares s\u00e3o chefiados por mulheres, acredita-se que hoje em 2020 esse dado pode ter aumentado. N\u00e3o temos um estudo em nossa categoria sobre viol\u00eancia dom\u00e9stica contra as professoras, mas com certeza temos: viol\u00eancia de ac\u00famulo de trabalho ou intensifica\u00e7\u00e3o da explora\u00e7\u00e3o na carga de trabalho, ou seja, duplas, triplas jornadas de trabalho, os cuidados dom\u00e9sticos, a sa\u00fade, o bem estar dos filhos e da fam\u00edlia e at\u00e9 mesmo o cuidado com o idosos, enfermos e deficientes.<\/p>\n<p>Segundo quadro da Seduc\/CGRH\/Deplan\/Cepea de 30\/07\/19 \u2013 No estado de S\u00e3o Paulo: Do total de professoras, temos:<\/p>\n<p>Professoras por idade: de 20 a 49 anos de idade&#8230;&#8230;&#8230;&#8230;&#8230;&#8230;61,5%<\/p>\n<p>Mais de 50 anos de idade &#8230;&#8230;&#8230;&#8230;&#8230; 38,5%<\/p>\n<p>Quase 40% das professoras estariam em idade para aposentadoria, por\u00e9m, com a reforma da previd\u00eancia de BolsoD\u00f3ria, trabalhar\u00e3o aproximadamente mais 10 anos. Como sempre, toda reforma, as que recebem mais ataques s\u00e3o as mulheres. Tivemos uma participa\u00e7\u00e3o importante de resist\u00eancia de luta contra as reformas da previd\u00eancia, tanto contra Bolsonaro como de D\u00f3ria.<\/p>\n<p>Nossa luta continuar\u00e1 contra projetos educacionais conservadores, privatistas, com redu\u00e7\u00e3o massiva do quadro de servidores, com contrata\u00e7\u00e3o prec\u00e1ria de professoras, com fechamentos de salas de aula, principalmente contra \u201cpacotes\u201d de planejamento pedag\u00f3gicos advindo de agentes externos \u00e0 educa\u00e7\u00e3o, contra a redu\u00e7\u00e3o das disciplinas de modo a precarizar uma educa\u00e7\u00e3o emancipadora, neste sentido pela revoga\u00e7\u00e3o da reforma do ensino m\u00e9dio.<\/p>\n<p>E defendemos tamb\u00e9m:<\/p>\n<p>\u25ba O N\u00c3O retorno \u00e0s aulas presenciais durante a pandemia.<br \/>\n\u25ba Que os servi\u00e7os de atendimento \u00e0s mulheres em situa\u00e7\u00e3o de viol\u00eancia sejam considerados essenciais.<br \/>\n\u25ba Que canais de den\u00fancia online com maior facilidade de acesso \u00e0s v\u00edtimas sejam criados em todas as localidades.<br \/>\n\u25ba Que as medidas protetivas \u00e0s mulheres sejam ampliadas e que haja um crescimento no potencial de atendimento em abrigos e lares destinados \u00e0s mulheres trabalhadoras nesta situa\u00e7\u00e3o.<br \/>\n\u25ba Pela garantia de fornecimento de \u00e1gua, luz, energia, internet e g\u00e1s de forma gratuita a toda a popula\u00e7\u00e3o.<br \/>\n\u25ba todos os materiais usados pelas professoras\/professores como computador, celular, internet, energia el\u00e9trica seja subsidiado pelo estado.<br \/>\n\u25ba Que seja amplamente divulgado uma planilha dos gastos com o CMSP, TV Gazeta, etc.<br \/>\n\u25ba Que se garanta sigilo a todos os dados pessoais, de imagem e do trabalho intelectual das professoras\/res no trabalho a dist\u00e2ncia.<br \/>\n\u25ba N\u00c3O \u00e0 educa\u00e7\u00e3o em EAD na educa\u00e7\u00e3o B\u00e1sica.<\/p>\n<p>Ma\u00edsa \u2013 UC-Unidade Classista \u2013 CER \u2013 Subsede Tatuap\u00e9 Apeoesp<\/p>\n<p>Comit\u00ea UC dos Professores\/Apeoesp<\/p>\n<p>Agosto\/2020<\/p>\n","protected":false},"excerpt":{"rendered":"<a class=\"moretag\" href=\"https:\/\/pcb.org.br\/portal2\/26068\"> <\/a>","protected":false},"author":1,"featured_media":0,"comment_status":"closed","ping_status":"closed","sticky":false,"template":"","format":"standard","meta":{"jetpack_post_was_ever_published":false,"_jetpack_newsletter_access":"","_jetpack_dont_email_post_to_subs":false,"_jetpack_newsletter_tier_id":0,"_jetpack_memberships_contains_paywalled_content":false,"_jetpack_memberships_contains_paid_content":false,"footnotes":"","jetpack_publicize_message":"","jetpack_publicize_feature_enabled":true,"jetpack_social_post_already_shared":true,"jetpack_social_options":{"image_generator_settings":{"template":"highway","default_image_id":0,"font":"","enabled":false},"version":2}},"categories":[31],"tags":[224],"class_list":["post-26068","post","type-post","status-publish","format-standard","hentry","category-c31-unidade-classista","tag-3b"],"jetpack_publicize_connections":[],"jetpack_featured_media_url":"","jetpack_shortlink":"https:\/\/wp.me\/p659gw-6Ms","jetpack-related-posts":[],"jetpack_likes_enabled":true,"jetpack_sharing_enabled":true,"_links":{"self":[{"href":"https:\/\/pcb.org.br\/portal2\/wp-json\/wp\/v2\/posts\/26068","targetHints":{"allow":["GET"]}}],"collection":[{"href":"https:\/\/pcb.org.br\/portal2\/wp-json\/wp\/v2\/posts"}],"about":[{"href":"https:\/\/pcb.org.br\/portal2\/wp-json\/wp\/v2\/types\/post"}],"author":[{"embeddable":true,"href":"https:\/\/pcb.org.br\/portal2\/wp-json\/wp\/v2\/users\/1"}],"replies":[{"embeddable":true,"href":"https:\/\/pcb.org.br\/portal2\/wp-json\/wp\/v2\/comments?post=26068"}],"version-history":[{"count":0,"href":"https:\/\/pcb.org.br\/portal2\/wp-json\/wp\/v2\/posts\/26068\/revisions"}],"wp:attachment":[{"href":"https:\/\/pcb.org.br\/portal2\/wp-json\/wp\/v2\/media?parent=26068"}],"wp:term":[{"taxonomy":"category","embeddable":true,"href":"https:\/\/pcb.org.br\/portal2\/wp-json\/wp\/v2\/categories?post=26068"},{"taxonomy":"post_tag","embeddable":true,"href":"https:\/\/pcb.org.br\/portal2\/wp-json\/wp\/v2\/tags?post=26068"}],"curies":[{"name":"wp","href":"https:\/\/api.w.org\/{rel}","templated":true}]}}