{"id":26124,"date":"2020-09-12T00:44:24","date_gmt":"2020-09-12T03:44:24","guid":{"rendered":"https:\/\/pcb.org.br\/portal2\/?p=26124"},"modified":"2020-09-12T00:44:24","modified_gmt":"2020-09-12T03:44:24","slug":"o-virus-como-janela-de-oportunidade","status":"publish","type":"post","link":"https:\/\/pcb.org.br\/portal2\/26124","title":{"rendered":"O v\u00edrus como &#8220;janela de oportunidade&#8221;"},"content":{"rendered":"<p><img decoding=\"async\" class=\"imagem\" title=\"imagem\" src=\"https:\/\/i0.wp.com\/www.oladooculto.com\/noticias\/1599336616_davos2001.jpg\" alt=\"imagem\" \/><!--more-->Cr\u00e9ditos \/ CNBC<\/p>\n<p>Por Jos\u00e9 Goul\u00e3o<\/p>\n<p>ABRIL ABRIL<\/p>\n<p>Os que depauperam a Terra e os seus habitantes ao mesmo tempo que enriquecem de maneira obscena v\u00e3o surgir como salvadores, prometendo um futuro risonho constru\u00eddo por um capitalismo autorregenerado.<\/p>\n<p>Quando a elite dos predadores que conduziram o mundo ao estado desgra\u00e7ado em que se encontra se prop\u00f5em agora salv\u00e1-lo tirando proveito da \u00abjanela de oportunidade\u00bb que \u00e9 a pandemia de COVID-19, podemos deduzir que h\u00e1 nuvens ainda mais negras no horizonte.<\/p>\n<p>The Great Reset, o Grande Rein\u00edcio ou a Grande Restaura\u00e7\u00e3o, como preferirem, \u00e9 o tema da pr\u00f3xima reuni\u00e3o do F\u00f3rum Econ\u00f4mico Mundial (FEM), a grande cimeira dos principais agentes globais do neoliberalismo que decorre anualmente em Davos na Su\u00ed\u00e7a, a realizar em Janeiro de 2021.<\/p>\n<p>\u00abO suposto combate \u00e0s altera\u00e7\u00f5es clim\u00e1ticas e o aproveitamento das potencialidades da chamada \u00abQuarta Revolu\u00e7\u00e3o Industrial\u00bb [&#8230;] s\u00e3o plataformas essenciais para relan\u00e7amento do capitalismo para l\u00e1 dos grandes neg\u00f3cios realizados segundo as abordagens habituais, uma vez que, de acordo com um outro relat\u00f3rio do mesmo F\u00f3rum, a m\u00e1xima do \u201cbusiness as usual j\u00e1 n\u00e3o funciona\u201d\u00bb<\/p>\n<p>\u00abPrecisamos renovar todos os aspectos das nossas sociedades e da economia, desde a educa\u00e7\u00e3o aos contratos sociais e condi\u00e7\u00f5es de trabalho\u00bb, explica o presidente do FEM, o multimilion\u00e1rio alem\u00e3o Klaus Schwab, a prop\u00f3sito do tema central da pr\u00f3xima reuni\u00e3o. O an\u00fancio da agenda aconteceu em junho passado e teve a colabora\u00e7\u00e3o de figuras extremamente recomend\u00e1veis para a sanidade do planeta como s\u00e3o o pr\u00edncipe Carlos, herdeiro do trono de Inglaterra, o secret\u00e1rio-geral da ONU, Ant\u00f3nio Guterres, a chefe em fun\u00e7\u00f5es do FMI, Kristalina Georgieva, os presidentes da BP, da Mastercard, da Microsoft, entre outros. \u00abPrecisamos de um grande rein\u00edcio do capitalismo\u00bb, resume Schwab em nome do FEM, entidade que se considera uma \u00aborganiza\u00e7\u00e3o internacional para a coopera\u00e7\u00e3o p\u00fablico-privada\u00bb; uma defini\u00e7\u00e3o que assenta tamb\u00e9m muito bem a outras inst\u00e2ncias como o Grupo de Bilderberg e at\u00e9 o Evento 201, acontecimento com dotes de adivinha\u00e7\u00e3o pois conseguiu, em outubro de 2019, prever a pandemia de um \u00abcoronav\u00edrus SARS-CoV-2\u00bb que s\u00f3 veio a ser proclamada mais de tr\u00eas meses depois.<\/p>\n<p>\u00abBusiness as usual j\u00e1 n\u00e3o funciona\u00bb<br \/>\nDepois de no in\u00edcio de 2020 ter discutido as repercuss\u00f5es pand\u00eamicas do novo coronav\u00edrus quando ent\u00e3o havia apenas 150 casos confirmados \u2013 revelando dotes de presci\u00eancia absolutamente esmagadores \u2013 o F\u00f3rum Econ\u00f4mico Mundial prepara agora o \u00abgrande reset\u00bb do capitalismo neoliberal.<\/p>\n<p>\u00abNovos neg\u00f3cios v\u00e3o sucedendo assim aos velhos e desgastados, ao ritmo da apropria\u00e7\u00e3o da vertiginosa inova\u00e7\u00e3o tecnol\u00f3gica por uma rede p\u00fablico-privada com malha cada vez mais fina na qual os cidad\u00e3os s\u00e3o apanhados at\u00e9 deixarem de se debater, submetidos ent\u00e3o \u00e0 tal prometida \u201cvida que nunca foi melhor\u201d\u00bb<\/p>\n<p>\u00abA pandemia\u00bb, explica Schwab, \u00abrepresenta uma rara mas estreita janela de oportunidade para refletir, reimaginar e redefinir o nosso mundo de modo a criar um futuro mais saud\u00e1vel, mais justo, mais pr\u00f3spero\u00bb. E recorrendo a um relat\u00f3rio do FEM sobre o tema da pr\u00f3xima cimeira do neoliberalismo, intitulado \u00abFuturo da Natureza e dos Neg\u00f3cios\u00bb, fica se sabendo que a COVID-19 \u00e9 \u00abuma oportunidade para mudar a forma como comemos, vivemos, crescemos, constru\u00edmos e alimentamos as nossas vidas de modo a alcan\u00e7ar uma economia neutra em carbono, \u201cpositiva para a natureza\u201d e contra a perda de biodiversidade at\u00e9 2030\u00bb. \u00d3timas inten\u00e7\u00f5es, sem d\u00favida, manifestadas por grandes respons\u00e1veis pela destrui\u00e7\u00e3o do planeta.<\/p>\n<p>O suposto combate \u00e0s altera\u00e7\u00f5es clim\u00e1ticas e o aproveitamento das potencialidades da chamada \u00abQuarta Revolu\u00e7\u00e3o Industrial\u00bb \u2013 conceito exposto pelo pr\u00f3prio presidente do FEM em 2015 \u2013 s\u00e3o plataformas essenciais para relan\u00e7amento do capitalismo para l\u00e1 dos grandes neg\u00f3cios realizados segundo as abordagens habituais, uma vez que, de acordo com um outro relat\u00f3rio do mesmo F\u00f3rum, a m\u00e1xima do \u00abbusiness as usual j\u00e1 n\u00e3o funciona\u00bb.<\/p>\n<p>Pelo que depois de admitirem a fal\u00eancia do ultraliberalismo e consequente apodrecimento do planeta em v\u00e1rias frentes, incluindo a ambiental, os grandes predadores preparam-se agora para surgir como seus salvadores em pleno inverno tenebroso decorrente das segunda, terceira, quarta ou en\u00e9simas vagas de COVID-19 e respectiva explora\u00e7\u00e3o em termos de p\u00e2nico social.<\/p>\n<p>Os que depauperam a Terra e os seus habitantes ao mesmo tempo que enriquecem de maneira obscena \u2013 nunca as fortunas dos predadores cresceram t\u00e3o rapidamente como nestes tempos de pandemia \u2013 s\u00e3o os mesmos que v\u00e3o surgir como salvadores prometendo um futuro risonho constru\u00eddo por um capitalismo autorregenerado. Acredite quem quiser, quem n\u00e3o pensa, quem se deixa intoxicar pela comunica\u00e7\u00e3o corporativa.<\/p>\n<p>\u00abBem-vindos a 2030\u00bb<br \/>\nJ\u00e1 existem vis\u00f5es desse futuro localizado \u00e0 escassa dist\u00e2ncia de dez anos.<\/p>\n<p>\u00abBem-vindos a 2030! Sou dono de nada, n\u00e3o tenho privacidade e a vida nunca foi melhor\u00bb \u2013 eis o t\u00edtulo de um texto exposto no website oficial do F\u00f3rum Econ\u00f4mico Mundial, bastante anterior \u00e0 pandemia mas partindo do princ\u00edpio de que \u00abjanelas de oportunidade\u00bb como esta iriam surgir.<\/p>\n<p>\u00abQuando lhe disserem, caro leitor, que as abordagens cr\u00edticas da narrativa oficial da pandemia de coronav\u00edrus s\u00e3o fruto \u201cde teorias de conspira\u00e7\u00e3o\u201d recorde-se de que o neoliberalismo v\u00ea nela uma \u201cjanela de oportunidade\u201d para novos e rent\u00e1veis neg\u00f3cios que assentam ainda mais na especula\u00e7\u00e3o e no controle dos cidad\u00e3os do que na economia real\u00bb<\/p>\n<p>Um futuro erguido atrav\u00e9s da \u00abQuarta Revolu\u00e7\u00e3o Industrial\u00bb, isto \u00e9, supercomputa\u00e7\u00e3o, robotiza\u00e7\u00e3o, intelig\u00eancia artificial e utiliza\u00e7\u00e3o sem entraves dos dados pessoais dos cidad\u00e3os, que assim abdicariam da sua privacidade em troca de uma \u00abvida melhor\u00bb onde cada bem \u00e9 transformado num servi\u00e7o comercial tutelado, naturalmente, pelos predadores de sempre. Novos neg\u00f3cios, sem d\u00favida.<\/p>\n<p>O artigo citado remete, ali\u00e1s, para uma sess\u00e3o da reuni\u00e3o do F\u00f3rum de Davos de 2017 na qual o tema em debate foi \u00ab\u2026E se a privacidade se tornar um bem de luxo?\u00bb.<\/p>\n<p>Atrav\u00e9s destes caminhos n\u00e3o \u00e9 dif\u00edcil deduzir aonde ir\u00e3o desaguar os milh\u00f5es de exerc\u00edcios de ca\u00e7a aos dados pessoais, de identifica\u00e7\u00e3o centralizada, de persegui\u00e7\u00e3o de todos n\u00f3s e de que a aplica\u00e7\u00e3o \u00abStay Away COVID\u00bb, t\u00e3o recomendada pelo senhor primeiro-ministro como exerc\u00edcio \u00abde cidadania\u00bb, \u00e9 apenas uma faixa de uma muito ampla autoestrada sem fim.<\/p>\n<p>Novos neg\u00f3cios v\u00e3o sucedendo assim aos velhos e desgastados, ao ritmo da apropria\u00e7\u00e3o da vertiginosa inova\u00e7\u00e3o tecnol\u00f3gica por uma rede p\u00fablico-privada com malha cada vez mais fina na qual os cidad\u00e3os s\u00e3o apanhados at\u00e9 deixarem de se debater, submetidos ent\u00e3o \u00e0 tal prometida \u00abvida que nunca foi melhor\u00bb.<\/p>\n<p>E o F\u00f3rum Econ\u00f4mico Mundial \u00e9 a grande feira global onde se centraliza a constru\u00e7\u00e3o desse \u00abnovo futuro\u00bb.<\/p>\n<p>Como funciona?<br \/>\nO FEM \u00e9 uma realidade muito mais vasta do que a cimeira anual propriamente dita. A organiza\u00e7\u00e3o tem uma \u00abintelig\u00eancia estrat\u00e9gica\u00bb elaborada com a participa\u00e7\u00e3o de institui\u00e7\u00f5es de car\u00e1ter global, algumas das quais t\u00eam estado particularmente em evid\u00eancia nestas eras de pandemia, o que torna obrigat\u00f3rio refletir muito para l\u00e1 das perip\u00e9cias do v\u00edrus e respectivos aproveitamentos. Entre essas entidades figuram, por exemplo, a Universidade de Harvard, o Instituto de Tecnologia do Massachusetts (MIT), o Imperial College de Londres, o Centro John Hopkins, a Universidade de Oxford, o Conselho Europeu de Rela\u00e7\u00f5es Externas e os plutocratas\/filantropos\/funda\u00e7\u00f5es do costume como Bill Gates, George Soros, Rockfeller, Ford, Johnson &amp; Johnson e alguns outros \u2013 institui\u00e7\u00f5es que est\u00e3o presentes em tudo o que mexe no mundo em escala global, desde a guerra das vacinas \u00e0s \u00abrevolu\u00e7\u00f5es coloridas\u00bb ou mesmo at\u00e9 ao \u00abdamos o golpe quando e onde for preciso\u00bb. A frase, recorda-se, pertence a Elon Musk, o fundador da Tesla e, por sinal, o plutocrata cuja fortuna tem crescido a maior velocidade durante a pandemia.<\/p>\n<p>O FEM tem, portanto, os seus \u00abparceiros\u00bb, empresas e outras institui\u00e7\u00f5es que \u00abmoldam o futuro por meio de ampla colabora\u00e7\u00e3o para o desenvolvimento e implementa\u00e7\u00e3o das propostas do F\u00f3rum e do di\u00e1logo p\u00fablico-privado\u00bb. Os \u00abparceiros\u00bb, para o serem, devem \u00abalinhar com os valores do F\u00f3rum\u00bb, leia-se as normas do ultraliberalismo estatu\u00eddas no \u00abConsenso de Washington\u00bb nas suas vers\u00f5es cl\u00e1ssica ou \u00abregenerada\u00bb.<\/p>\n<p>Os materiais e iniciativas do FEM n\u00e3o escondem o potencial representado pela pandemia de COVID-19 como \u00abjanela de oportunidade\u00bb. A rede de intelig\u00eancia estrat\u00e9gica do F\u00f3rum produziu uma extensa e pormenorizada Plataforma de A\u00e7\u00e3o COVID, definida como \u00abgoverno global para resposta \u00e0 pandemia (\u2026) moldando o futuro no s\u00e9culo XXI desde os media \u00e0s vacinas\u00bb. Ou, por outras palavras, de como levar as pessoas pelos caminhos que interessam aos predadores transformados em salvadores enquanto refinam e ampliam a explora\u00e7\u00e3o e o controle centralizado da sociedade globalizada.<\/p>\n<p>O F\u00f3rum Econ\u00f4mico Mundial n\u00e3o actua por sua conta e risco na defini\u00e7\u00e3o das agendas das cimeiras, mesmo tratando-se de uma ampla rede que interliga os principais agentes do neoliberalismo global.<\/p>\n<p>O an\u00fancio do Great Reset do capitalismo como tema da reuni\u00e3o de janeiro de 2021 em Davos, feito em 3 de junho deste ano, foi seguido, seis dias depois, pelo lan\u00e7amento de um relat\u00f3rio do Fundo Monet\u00e1rio Internacional (FMI) intitulado \u00abda grande quarentena \u00e0 grande transforma\u00e7\u00e3o\u00bb.<\/p>\n<p>Conhecendo-se, atrav\u00e9s de vasta experi\u00eancia, como atua o FMI, percebe-se de que \u00abgrande transforma\u00e7\u00e3o\u00bb fala e do papel desempenhado pela \u00abgrande quarentena\u00bb no seu lan\u00e7amento.<\/p>\n<p>Quando lhe disserem, caro leitor, que as abordagens cr\u00edticas da narrativa oficial da pandemia de coronav\u00edrus s\u00e3o fruto \u00abde teorias de conspira\u00e7\u00e3o\u00bb recorde-se de que o neoliberalismo v\u00ea nela uma \u00abjanela de oportunidade\u00bb para novos e rent\u00e1veis neg\u00f3cios que assentam ainda mais na especula\u00e7\u00e3o e no controle dos cidad\u00e3os do que na economia real.<\/p>\n<p>Se ainda assim tiver d\u00favidas lembre-se do que o F\u00f3rum Econ\u00f4mico Mundial e o FMI andam sempre tramando.<\/p>\n<p>Jos\u00e9 Goul\u00e3o, Exclusivo O Lado Oculto\/AbrilAbril<\/p>\n","protected":false},"excerpt":{"rendered":"<a class=\"moretag\" href=\"https:\/\/pcb.org.br\/portal2\/26124\"> <\/a>","protected":false},"author":1,"featured_media":0,"comment_status":"closed","ping_status":"closed","sticky":false,"template":"","format":"standard","meta":{"jetpack_post_was_ever_published":false,"_jetpack_newsletter_access":"","_jetpack_dont_email_post_to_subs":false,"_jetpack_newsletter_tier_id":0,"_jetpack_memberships_contains_paywalled_content":false,"_jetpack_memberships_contains_paid_content":false,"footnotes":"","jetpack_publicize_message":"","jetpack_publicize_feature_enabled":true,"jetpack_social_post_already_shared":true,"jetpack_social_options":{"image_generator_settings":{"template":"highway","default_image_id":0,"font":"","enabled":false},"version":2}},"categories":[9],"tags":[234],"class_list":["post-26124","post","type-post","status-publish","format-standard","hentry","category-s10-internacional","tag-6b"],"jetpack_publicize_connections":[],"jetpack_featured_media_url":"","jetpack_shortlink":"https:\/\/wp.me\/p659gw-6Nm","jetpack-related-posts":[],"jetpack_likes_enabled":true,"jetpack_sharing_enabled":true,"_links":{"self":[{"href":"https:\/\/pcb.org.br\/portal2\/wp-json\/wp\/v2\/posts\/26124","targetHints":{"allow":["GET"]}}],"collection":[{"href":"https:\/\/pcb.org.br\/portal2\/wp-json\/wp\/v2\/posts"}],"about":[{"href":"https:\/\/pcb.org.br\/portal2\/wp-json\/wp\/v2\/types\/post"}],"author":[{"embeddable":true,"href":"https:\/\/pcb.org.br\/portal2\/wp-json\/wp\/v2\/users\/1"}],"replies":[{"embeddable":true,"href":"https:\/\/pcb.org.br\/portal2\/wp-json\/wp\/v2\/comments?post=26124"}],"version-history":[{"count":0,"href":"https:\/\/pcb.org.br\/portal2\/wp-json\/wp\/v2\/posts\/26124\/revisions"}],"wp:attachment":[{"href":"https:\/\/pcb.org.br\/portal2\/wp-json\/wp\/v2\/media?parent=26124"}],"wp:term":[{"taxonomy":"category","embeddable":true,"href":"https:\/\/pcb.org.br\/portal2\/wp-json\/wp\/v2\/categories?post=26124"},{"taxonomy":"post_tag","embeddable":true,"href":"https:\/\/pcb.org.br\/portal2\/wp-json\/wp\/v2\/tags?post=26124"}],"curies":[{"name":"wp","href":"https:\/\/api.w.org\/{rel}","templated":true}]}}