{"id":26128,"date":"2020-09-12T00:51:59","date_gmt":"2020-09-12T03:51:59","guid":{"rendered":"https:\/\/pcb.org.br\/portal2\/?p=26128"},"modified":"2020-09-12T10:29:24","modified_gmt":"2020-09-12T13:29:24","slug":"forca-ao-povo-venezuelano-na-defesa-da-soberania","status":"publish","type":"post","link":"https:\/\/pcb.org.br\/portal2\/26128","title":{"rendered":"For\u00e7a ao povo venezuelano na defesa da soberania"},"content":{"rendered":"<p><img decoding=\"async\" class=\"imagem\" title=\"imagem\" src=\"https:\/\/i0.wp.com\/www.pcp.pt\/sites\/default\/files\/imagecache\/twitter_share\/images\/genericas1\/20130308_manifestacao_solidariedade_funeral_hugo_chavez_caracas_venezuela_bandeira_venezuelana.jpg\" alt=\"imagem\" \/><!--more-->Desrespeitando a ONU, o Direito Internacional, a autodetermina\u00e7\u00e3o e a soberania dos povos, os EUA e seus aliados, entre eles o Brasil, realizam uma escalada econ\u00f4mica, midi\u00e1tica, diplom\u00e1tica e militar contra o povo venezuelano, interferem em seus assuntos internos, pregam a guerra civil e a amea\u00e7am com uma agress\u00e3o militar que, se ocorrer, incendiar\u00e1 a Am\u00e9rica Latina, com consequ\u00eancias incalcul\u00e1veis para os nossos povos.<\/p>\n<p>Desde a elei\u00e7\u00e3o de Hugo Ch\u00e1vez para a Presid\u00eancia da Rep\u00fablica Bolivariana da Venezuela, em 1998, ocorreram no pa\u00eds 25 processos eleitorais \u2013 elei\u00e7\u00f5es nacionais, regionais, municipais e diversos referendos, sempre respeitando os seus resultados, mesmo quando foi derrotado. Qual outro pa\u00eds do mundo usufruiu de tanta democracia?<\/p>\n<p>Maduro foi eleito pela primeira vez em abril de 2013, ap\u00f3s a morte de Chavez, concorrendo contra cinco candidatos da oposi\u00e7\u00e3o e obteve 50,62% dos votos. Foi reeleito em maio de 2018, em um pleito em que participaram 16 dos 19 partidos venezuelanos, e venceu tr\u00eas candidatos oposicionistas, obtendo 68% dos votos. Acompanharam essas elei\u00e7\u00f5es 150 observadores internacionais, entre eles o ex-Presidente Espanhol Jos\u00e9 Luis Zapatero e a Funda\u00e7\u00e3o Carter. Todos atestaram a corre\u00e7\u00e3o do pleito, inclusive os candidatos perdedores.<\/p>\n<p>Sempre aberto ao di\u00e1logo com a oposi\u00e7\u00e3o, Maduro fez 338 chamados ao di\u00e1logo e \u00e0 Paz desde 2013, quando assumiu o governo, mas tudo em v\u00e3o. A \u00faltima tentativa \u2013 os \u201cDi\u00e1logos de S\u00e3o Domingos\u201d \u2013 foram realizados em 2018 e mediados por Zapatero. Quando o acordo estava pronto para ser firmado, os EUA interferiram e impediram a sua assinatura, deixando evidente que a sua op\u00e7\u00e3o \u00e9 o confronto, inclusive militar. As agress\u00f5es dos EUA e seus aliados \u00e0 Venezuela n\u00e3o t\u00eam qualquer motivo \u201chumanit\u00e1rio\u201d ou de \u201cdefesa da democracia\u201d. O \u00fanico objetivo \u00e9 apropriar-se de suas reservas petrol\u00edferas, as maiores<br \/>\ndo mundo!<\/p>\n<p>Para derrotar os venezuelanos, os servi\u00e7ais do capital internacional e dos EUA n\u00e3o economizam em suas a\u00e7\u00f5es criminosas: sequestraram o presidente Ch\u00e1vez (2002); realizaram ataques terroristas contra populares (guarimbas), deixando dezenas de mortos; executam um cruel bloqueio econ\u00f4mico, que impede at\u00e9 transa\u00e7\u00f5es financeiras b\u00e1sicas, como a transfer\u00eancia de recursos para as embaixadas espalhadas pelo mundo ou as condi\u00e7\u00f5es necess\u00e1rias para enfrentar a pandemia, chegando ao c\u00famulo de a Inglaterra roubar 33 toneladas de ouro, em um ato de pirataria em pleno s\u00e9culo XXI; escolheram Juan Guaid\u00f3, um desconhecido deputado que se auto intitulou presidente e foi reconhecido pelos EUA, Grupo de Lima (grupo de governos que sustentam as pol\u00edticas ingerencistas imperialista na Am\u00e9rica Latina), OTAN e outros governos reacion\u00e1rios como \u201clegitimo<br \/>\npresidente da Venezuela; a tentativa de magnic\u00eddio contra Maduro, com drones carregados de explosivos; ataques armados, como a Opera\u00e7\u00e3o Gide\u00e3o, quando mercen\u00e1rios norte-americanos foram presos por pescadores e confessaram que haviam sido contratados para assassinar o presidente Maduro; alimentam uma milion\u00e1ria propaganda de guerra, divulgando mentiras e impedindo a circula\u00e7\u00e3o das informa\u00e7\u00f5es verdadeiras. Com a aproxima\u00e7\u00e3o da elei\u00e7\u00e3o parlamentar, prevista pela Constitui\u00e7\u00e3o para 6 de dezembro, como prev\u00ea a Constitui\u00e7\u00e3o Venezuelana, grupos servi\u00e7ais do imperialismo se alvoro\u00e7am em propagar mentiras e em programar a\u00e7\u00f5es terroristas contra esse pa\u00eds soberano, sabem que a organiza\u00e7\u00e3o, unidade e disposi\u00e7\u00e3o c\u00edvico-militar da popula\u00e7\u00e3o n\u00e3o abrir\u00e1 m\u00e3o de seguir defendendo sua autodetermina\u00e7\u00e3o.<\/p>\n<p>Por isso, a solidariedade brasileira ao povo venezuelano, formada por comit\u00eas e movimentos de todo o Brasil, reafirma seu compromisso em seguir o exemplo do general Abreu e Lima, o pernambucano brasileiro, que ao lado de Bol\u00edvar, defendeu o sonho da P\u00e1tria Grande, a amizade e o respeito aos povos latino caribenhos combatendo pela liberdade dos povos contra o colonizador. A luta do povo venezuelano, em defesa de sua dignidade e soberania, \u00e9 a mesma do povo brasileiro no combate ao imperialismo e ao governo de trai\u00e7\u00e3o nacional, genocida e atua contra os interesses da imensa maioria da popula\u00e7\u00e3o, porta-se como agente provocador na regi\u00e3o, propaga mentiras, amea\u00e7a invadir a Venezuela e atua como um verdadeiro servi\u00e7al do imperialismo, seja contra o povo brasileiro ou a na\u00e7\u00e3o de Bol\u00edvar.<\/p>\n<p>PELA PAZ NA REGI\u00c3O!<br \/>\nEM DEFESA DA SOBERANIA E AUTODETERMINA\u00c7\u00c3O DA VENEZUELA!<\/p>\n<p>Brasil, 07 de setembro de 2020<\/p>\n<p>Comit\u00ea anti-imperialista General Abreu e Lima<br \/>\nComit\u00ea Cabano Bolivariano de Solidariedade \u00e0 Venezuela<br \/>\nComit\u00ea Carioca de Solidariedade a Cuba<br \/>\nComit\u00ea Cearense de Solidariedade \u00e0 Venezuela<br \/>\nComit\u00ea Ga\u00facho em Solidariedade ao Povo Venezuelano<br \/>\nComit\u00ea Mineiro de Solidariedade a Revolu\u00e7\u00e3o Bolivariana<br \/>\nComit\u00ea de Solidariedade \u00e0 Revolu\u00e7\u00e3o Bolivariana RJ<br \/>\nAssocia\u00e7\u00e3o Cultural Jos\u00e9 Mart\u00ed Bahia<br \/>\nAssocia\u00e7\u00e3o Cultural Jos\u00e9 Marti de Goi\u00e1s<br \/>\nAssocia\u00e7\u00e3o Cultural Jos\u00e9 Mart\u00ed do Rio de janeiro (ACJM-RJ)<br \/>\nAssocia\u00e7\u00e3o Cultural Jos\u00e9 Mart\u00ed do Rio Grande do Sul<br \/>\nAssocia\u00e7\u00e3o de Solidariedade e pela Autodetermina\u00e7\u00e3o do Povo Saarau\u00ed &#8211; ASAARAUI<br \/>\nCentro Brasileiro de Solidariedade aos Povos e Luta pela Paz &#8211; CEBRAPAZ<br \/>\nComit\u00ea Internacional Paz, Justi\u00e7a e Dignidade aos Povos \u2013 Cap\u00edtulo Brasil<br \/>\nMovimento paulista de Solidariedade a Cuba (MPSC)<br \/>\nNESCUBA-UNB- DF<\/p>\n","protected":false},"excerpt":{"rendered":"<a class=\"moretag\" href=\"https:\/\/pcb.org.br\/portal2\/26128\"> <\/a>","protected":false},"author":1,"featured_media":0,"comment_status":"closed","ping_status":"closed","sticky":false,"template":"","format":"standard","meta":{"jetpack_post_was_ever_published":false,"_jetpack_newsletter_access":"","_jetpack_dont_email_post_to_subs":false,"_jetpack_newsletter_tier_id":0,"_jetpack_memberships_contains_paywalled_content":false,"_jetpack_memberships_contains_paid_content":false,"footnotes":"","jetpack_publicize_message":"","jetpack_publicize_feature_enabled":true,"jetpack_social_post_already_shared":true,"jetpack_social_options":{"image_generator_settings":{"template":"highway","default_image_id":0,"font":"","enabled":false},"version":2}},"categories":[45],"tags":[223],"class_list":["post-26128","post","type-post","status-publish","format-standard","hentry","category-c54-venezuela","tag-3a"],"jetpack_publicize_connections":[],"jetpack_featured_media_url":"","jetpack_shortlink":"https:\/\/wp.me\/p659gw-6Nq","jetpack-related-posts":[],"jetpack_likes_enabled":true,"jetpack_sharing_enabled":true,"_links":{"self":[{"href":"https:\/\/pcb.org.br\/portal2\/wp-json\/wp\/v2\/posts\/26128","targetHints":{"allow":["GET"]}}],"collection":[{"href":"https:\/\/pcb.org.br\/portal2\/wp-json\/wp\/v2\/posts"}],"about":[{"href":"https:\/\/pcb.org.br\/portal2\/wp-json\/wp\/v2\/types\/post"}],"author":[{"embeddable":true,"href":"https:\/\/pcb.org.br\/portal2\/wp-json\/wp\/v2\/users\/1"}],"replies":[{"embeddable":true,"href":"https:\/\/pcb.org.br\/portal2\/wp-json\/wp\/v2\/comments?post=26128"}],"version-history":[{"count":0,"href":"https:\/\/pcb.org.br\/portal2\/wp-json\/wp\/v2\/posts\/26128\/revisions"}],"wp:attachment":[{"href":"https:\/\/pcb.org.br\/portal2\/wp-json\/wp\/v2\/media?parent=26128"}],"wp:term":[{"taxonomy":"category","embeddable":true,"href":"https:\/\/pcb.org.br\/portal2\/wp-json\/wp\/v2\/categories?post=26128"},{"taxonomy":"post_tag","embeddable":true,"href":"https:\/\/pcb.org.br\/portal2\/wp-json\/wp\/v2\/tags?post=26128"}],"curies":[{"name":"wp","href":"https:\/\/api.w.org\/{rel}","templated":true}]}}