{"id":26133,"date":"2020-09-13T21:03:22","date_gmt":"2020-09-14T00:03:22","guid":{"rendered":"https:\/\/pcb.org.br\/portal2\/?p=26133"},"modified":"2020-09-15T20:20:41","modified_gmt":"2020-09-15T23:20:41","slug":"sp-comunistas-com-boulos-e-erundina","status":"publish","type":"post","link":"https:\/\/pcb.org.br\/portal2\/26133","title":{"rendered":"SP: comunistas com Boulos e Erundina"},"content":{"rendered":"<p><img decoding=\"async\" class=\"imagem\" title=\"imagem\" src=\"https:\/\/i0.wp.com\/lh3.googleusercontent.com\/pw\/ACtC-3fohK5y8gA4aQAmTFI1hjiB0chon-D5T2juCP6Xl6pPdmY5XAKGjrALVJnr4GIlpY_i02cR1mn7NoCk7LAsVler3cigLozRod4lz0jk1UyeKRjhD2d1ww-_kueqCCz_RYAoraHdfwPsjgxPDavV_wl5=w1418-h942-no\" alt=\"imagem\" \/><!--more-->UNIR A CLASSE TRABALHADORA SOB UM PROGRAMA DE LUTAS E CONSTRUIR O PODER POPULAR EM S\u00c3O PAULO!<\/p>\n<p>Nota Pol\u00edtica do Partido Comunista Brasileiro &#8211; S\u00e3o Paulo<\/p>\n<p>Em S\u00e3o Paulo e em todo o Brasil, os trabalhadores sofrem com os mesmos problemas que se espalham em todo o mundo capitalista. O desemprego cresce a ritmo acelerado na cidade; a infla\u00e7\u00e3o corr\u00f3i os sal\u00e1rios dos empregados; milhares de fam\u00edlias sofrem sem ter moradia; o transporte, a educa\u00e7\u00e3o e a sa\u00fade p\u00fablicos n\u00e3o atendem \u00e0s necessidades dos trabalhadores e trabalhadoras. A pandemia do covid-19 agravou ainda mais esse quadro, vitimando especialmente os brasileiros pobres.<\/p>\n<p>Avan\u00e7am a passos largos programas de privatiza\u00e7\u00e3o de servi\u00e7os sociais fundamentais, como as OSs na Sa\u00fade e os conv\u00eanios na educa\u00e7\u00e3o. Al\u00e9m disso, os grandes capitalistas empreendem um ataque frontal aos direitos dos trabalhadores, tanto do setor p\u00fablico (como o desmonte da previd\u00eancia p\u00fablica e a aniquila\u00e7\u00e3o do servidorismo p\u00fablico) quanto do privado (aumentando a precariza\u00e7\u00e3o e a explora\u00e7\u00e3o por meio do trabalho informal, como no caso dos trabalhadores de entregas por aplicativo). O d\u00e9ficit habitacional e os pre\u00e7os abusivos dos alugu\u00e9is, jogados nas alturas pela especula\u00e7\u00e3o imobili\u00e1ria, chegam a comer mais de 70% do sal\u00e1rio das fam\u00edlias de trabalhadores. N\u00e3o h\u00e1 um programa de integra\u00e7\u00e3o cultural e comunit\u00e1ria nos bairros, e a maior parte dos aparelhos p\u00fablicos de lazer e cultura encontra-se no centro e regi\u00f5es mais ricas, impedindo o acesso da popula\u00e7\u00e3o da periferia.<\/p>\n<p>Apesar de S\u00e3o Paulo passar h\u00e1 d\u00e9cadas por um processo de desindustrializa\u00e7\u00e3o, a cidade ainda concentra os principais espa\u00e7os de articula\u00e7\u00e3o da classe dominante brasileira e internacional, e \u00e9 onde se encontra a segunda maior Bolsa de Valores do hemisf\u00e9rio sul do mundo. Mas a cidade \u00e9, tamb\u00e9m, um polo de mobiliza\u00e7\u00f5es hist\u00f3ricas da classe trabalhadora brasileira, como as Greves Gerais de 1917 e de 2017.<\/p>\n<p>No \u00faltimo per\u00edodo \u00e9 vis\u00edvel a retomada de lutas e revoltas nas periferias, ainda que muitas vezes de forma embrion\u00e1ria e desarticulada, como foi o caso de manifesta\u00e7\u00f5es contra a viol\u00eancia policial e dos entregadores de aplicativo. Tamb\u00e9m verificamos movimenta\u00e7\u00f5es no \u00e2mbito do sindicalismo classista. Ao contr\u00e1rio daqueles que diziam que a hist\u00f3ria chegara ao seu fim, assim como a classe trabalhadora, as revoltas e manifesta\u00e7\u00f5es de luta por melhores condi\u00e7\u00f5es de vida dos trabalhadores n\u00e3o devem ser negligenciadas.<\/p>\n<p>Construindo a Frente \u00danica dos Trabalhadores<\/p>\n<p>Diante desse cen\u00e1rio desolador, precisamos buscar unir o conjunto da classe trabalhadora, em suas lutas e express\u00f5es pol\u00edticas, sociais e culturais nas elei\u00e7\u00f5es e para al\u00e9m destas. Por isso a necessidade da constru\u00e7\u00e3o de uma Frente \u00danica de esquerda nessas elei\u00e7\u00f5es. Infelizmente, diante das dificuldades de reorganiza\u00e7\u00e3o de uma esquerda combativa ap\u00f3s o golpe de 2016, a constru\u00e7\u00e3o nas elei\u00e7\u00f5es de uma Frente \u00danica de esquerda, na base de uma constru\u00e7\u00e3o program\u00e1tica que represente as diversas lutas de resist\u00eancia da classe trabalhadora, n\u00e3o se efetivou na maioria das principais cidades do pa\u00eds. Contudo, na cidade de S\u00e3o Paulo, diante do apelo de massas da candidatura de Boulos e Erundina, protagonismo de movimentos populares, como o MTST, a constru\u00e7\u00e3o de uma Frente \u00danica se torna vi\u00e1vel e necess\u00e1ria para levarmos essa candidatura \u00e0 vit\u00f3ria nas elei\u00e7\u00f5es.<\/p>\n<p>Essa constru\u00e7\u00e3o, que deve ser program\u00e1tica e ampla, requer uma maior responsabilidade dos companheiros do PSOL, no sentido de soldarem a unidade e incorporarem na campanha os mais diversos apoios de outros partidos de esquerda, movimentos populares e as mais distintas bases de lutadores sociais, o que implica a disposi\u00e7\u00e3o de construir uma unidade realmente coletiva e, ao mesmo tempo, na reafirma\u00e7\u00e3o program\u00e1tica, para fazer frente \u00e0s press\u00f5es da centro direita liberal e da extrema direita, elemento fundamental para viabilizar uma poss\u00edvel vit\u00f3ria pol\u00edtica e at\u00e9 eleitoral da frente de esquerda.<br \/>\nPara o PCB, n\u00e3o basta apenas apresentarmos um projeto reativo de resist\u00eancia, pois entendemos que, a partir das lutas de resist\u00eancia por melhores condi\u00e7\u00f5es de vida, tamb\u00e9m devemos defender a possibilidade e necessidade de uma outra l\u00f3gica de sociedade para al\u00e9m do capitalismo: o socialismo. Por isso, expressamos a independ\u00eancia em nossas duas candidaturas \u00e0 C\u00e2mara dos Vereadores: a Bancada do Poder Popular e a Bancada da Juventude Trabalhadora. Nesse sentido, conclamamos todos os lutadores sociais a constru\u00edrem a resist\u00eancia atrav\u00e9s da Frente \u00danica e das candidaturas de Boulos e Erundina e, para a verean\u00e7a, fortalecer as candidaturas populares e revolucion\u00e1rias do PCB.<\/p>\n<p>Acreditamos e lutaremos para que a constru\u00e7\u00e3o dessa Frente em torno de Boulos e Erundina, com um car\u00e1ter classista, de massas e combativo, tenha a capacidade de aglutinar amplas camadas dos trabalhadores e trabalhadoras da cidade de S\u00e3o Paulo \u2013 trabalhadores e trabalhadoras que buscam n\u00e3o apenas uma candidatura eleitoral a qual apoiar, mas que contribua para a pr\u00f3pria mobiliza\u00e7\u00e3o popular, atrav\u00e9s da radicalidade program\u00e1tica e do chamado \u00e0 a\u00e7\u00e3o de massas.<\/p>\n<p>O Compromisso dos Comunistas<\/p>\n<p>O Partido Comunista Brasileiro em S\u00e3o Paulo reafirma, assim, seu compromisso hist\u00f3rico com a classe trabalhadora para a constru\u00e7\u00e3o do socialismo no Brasil. Os comunistas n\u00e3o medir\u00e3o esfor\u00e7os por uma vit\u00f3ria eleitoral de uma Frente \u00danica dos Trabalhadores na cidade mais populosa do continente. Essa vit\u00f3ria seguramente ser\u00e1 fundamental para o robustecimento e consolida\u00e7\u00e3o de uma forte oposi\u00e7\u00e3o ao Governo Bolsonaro-Mour\u00e3o e aos planos reacion\u00e1rios da burguesia brasileira.<br \/>\nN\u00e3o nos acomodaremos em gabinetes, afastados da classe trabalhadora. Contamos com todos trabalhadores e trabalhadoras conscientes neste desafio de gerir uma cidade em prol da maioria explorada do povo. N\u00e3o se trata apenas de eleger um prefeito: trata-se de abrir caminhos para o fortalecimento da classe trabalhadora, em sua luta pelo socialismo.<\/p>\n<p>PELA CONSTRU\u00c7\u00c3O DA FRENTE DE ESQUERDA!<\/p>\n<p>PELO PODER POPULAR! PELO SOCIALISMO!<\/p>\n<p>Comit\u00ea Regional de S\u00e3o Paulo do Partido Comunista Brasileiro &#8211; PCB<\/p>\n","protected":false},"excerpt":{"rendered":"<a class=\"moretag\" href=\"https:\/\/pcb.org.br\/portal2\/26133\"> <\/a>","protected":false},"author":1,"featured_media":0,"comment_status":"closed","ping_status":"closed","sticky":false,"template":"","format":"standard","meta":{"jetpack_post_was_ever_published":false,"_jetpack_newsletter_access":"","_jetpack_dont_email_post_to_subs":false,"_jetpack_newsletter_tier_id":0,"_jetpack_memberships_contains_paywalled_content":false,"_jetpack_memberships_contains_paid_content":false,"footnotes":"","jetpack_publicize_message":"","jetpack_publicize_feature_enabled":true,"jetpack_social_post_already_shared":true,"jetpack_social_options":{"image_generator_settings":{"template":"highway","default_image_id":0,"font":"","enabled":false},"version":2}},"categories":[26],"tags":[221],"class_list":["post-26133","post","type-post","status-publish","format-standard","hentry","category-c25-notas-politicas-do-pcb","tag-2a"],"jetpack_publicize_connections":[],"jetpack_featured_media_url":"","jetpack_shortlink":"https:\/\/wp.me\/p659gw-6Nv","jetpack-related-posts":[],"jetpack_likes_enabled":true,"jetpack_sharing_enabled":true,"_links":{"self":[{"href":"https:\/\/pcb.org.br\/portal2\/wp-json\/wp\/v2\/posts\/26133","targetHints":{"allow":["GET"]}}],"collection":[{"href":"https:\/\/pcb.org.br\/portal2\/wp-json\/wp\/v2\/posts"}],"about":[{"href":"https:\/\/pcb.org.br\/portal2\/wp-json\/wp\/v2\/types\/post"}],"author":[{"embeddable":true,"href":"https:\/\/pcb.org.br\/portal2\/wp-json\/wp\/v2\/users\/1"}],"replies":[{"embeddable":true,"href":"https:\/\/pcb.org.br\/portal2\/wp-json\/wp\/v2\/comments?post=26133"}],"version-history":[{"count":0,"href":"https:\/\/pcb.org.br\/portal2\/wp-json\/wp\/v2\/posts\/26133\/revisions"}],"wp:attachment":[{"href":"https:\/\/pcb.org.br\/portal2\/wp-json\/wp\/v2\/media?parent=26133"}],"wp:term":[{"taxonomy":"category","embeddable":true,"href":"https:\/\/pcb.org.br\/portal2\/wp-json\/wp\/v2\/categories?post=26133"},{"taxonomy":"post_tag","embeddable":true,"href":"https:\/\/pcb.org.br\/portal2\/wp-json\/wp\/v2\/tags?post=26133"}],"curies":[{"name":"wp","href":"https:\/\/api.w.org\/{rel}","templated":true}]}}