{"id":26143,"date":"2020-09-15T20:31:31","date_gmt":"2020-09-15T23:31:31","guid":{"rendered":"https:\/\/pcb.org.br\/portal2\/?p=26143"},"modified":"2020-09-15T20:31:31","modified_gmt":"2020-09-15T23:31:31","slug":"petroleiros-rj-proximo-passo-e-a-greve","status":"publish","type":"post","link":"https:\/\/pcb.org.br\/portal2\/26143","title":{"rendered":"Petroleiros RJ: pr\u00f3ximo passo \u00e9 a greve!"},"content":{"rendered":"<p><img decoding=\"async\" class=\"imagem\" title=\"imagem\" src=\"https:\/\/i0.wp.com\/secureservercdn.net\/198.71.233.138\/wzb.b3c.myftpupload.com\/wp-content\/uploads\/2020\/05\/blacklivesmatter.png\" alt=\"imagem\" \/><!--more-->Vit\u00f3ria mai\u00fascula da rejei\u00e7\u00e3o na maior parte da categoria petroleira!<\/p>\n<p>Unidade Classista dos Petroleiros RJ<\/p>\n<p>A categoria petroleira est\u00e1 de parab\u00e9ns! Onde as dire\u00e7\u00f5es sindicais permitiram as condi\u00e7\u00f5es para que as bases pudessem se posicionar com seguran\u00e7a, a chantagem, o ass\u00e9dio e o medo foram derrotados! N\u00e3o admitimos que privatizem nosso plano de sa\u00fade. A AMS \u00e9 de alta qualidade, uma conquista hist\u00f3rica, de d\u00e9cadas, dos trabalhadores petroleiros, que s\u00f3 existe em fun\u00e7\u00e3o da luta daqueles que nos antecederam.<\/p>\n<p>Mesmo com a aceita\u00e7\u00e3o nas bases da FUP, a vit\u00f3ria da rejei\u00e7\u00e3o nas bases da FNP foi mai\u00fascula! Hoje a FNP representa a maioria dos trabalhadores petroleiros e suas bases respondem por 70% da produ\u00e7\u00e3o de petr\u00f3leo no Brasil!<\/p>\n<p>Cabe men\u00e7\u00e3o honrosa para os votos dos aposentados, que protagonizaram a vit\u00f3ria, no Rio de Janeiro em especial. Essa vota\u00e7\u00e3o deste setor n\u00e3o expressou um simples sentimento de autodefesa. Os mais vividos votaram em defesa de toda a categoria, inclusive os da ativa que n\u00e3o perceberam a armadilha que poderiam cair mais pra frente. O recado foi dado: os que constru\u00edram essa empresa e esses direitos n\u00e3o deixar\u00e3o essa diretoria destru\u00ed-los! E muito menos que acabem com o sonho do &#8220;Petr\u00f3leo \u00e9 Nosso!&#8221;<\/p>\n<p>Essa derrota para a empresa, e de quebra para a dire\u00e7\u00e3o da FUP, desestabilizou os planos da privatiza\u00e7\u00e3o que previam eliminar os passivos do plano de sa\u00fade e facilitar a vida de eventuais compradores. O petroleiro entendeu que n\u00e3o podemos mais recuar, pois caso fiquemos apenas nos defendendo, n\u00e3o \u00e9 poss\u00edvel conquistar vit\u00f3rias. Vencida essa batalha, vir\u00e3o os cen\u00e1rios espinhosos de contra-ataque e intimida\u00e7\u00e3o. Mas n\u00e3o chegamos t\u00e3o longe para jogar a toalha! Se j\u00e1 driblamos os advers\u00e1rios e abrimos o terreno, \u00e9 hora de chutar para o gol!<\/p>\n<p>O momento pede ousadia. Tentar\u00e3o fechar o cerco com uma &#8220;negocia\u00e7\u00e3o&#8221; prejudicial no TST se n\u00e3o dermos a nossa \u00fanica demonstra\u00e7\u00e3o de for\u00e7a que os faz tremer verdadeiramente: A GREVE PETROLEIRA!<\/p>\n","protected":false},"excerpt":{"rendered":"<a class=\"moretag\" href=\"https:\/\/pcb.org.br\/portal2\/26143\"> <\/a>","protected":false},"author":1,"featured_media":0,"comment_status":"closed","ping_status":"closed","sticky":false,"template":"","format":"standard","meta":{"jetpack_post_was_ever_published":false,"_jetpack_newsletter_access":"","_jetpack_dont_email_post_to_subs":false,"_jetpack_newsletter_tier_id":0,"_jetpack_memberships_contains_paywalled_content":false,"_jetpack_memberships_contains_paid_content":false,"footnotes":"","jetpack_publicize_message":"","jetpack_publicize_feature_enabled":true,"jetpack_social_post_already_shared":true,"jetpack_social_options":{"image_generator_settings":{"template":"highway","default_image_id":0,"font":"","enabled":false},"version":2}},"categories":[31],"tags":[225],"class_list":["post-26143","post","type-post","status-publish","format-standard","hentry","category-c31-unidade-classista","tag-4a"],"jetpack_publicize_connections":[],"jetpack_featured_media_url":"","jetpack_shortlink":"https:\/\/wp.me\/p659gw-6NF","jetpack-related-posts":[],"jetpack_likes_enabled":true,"jetpack_sharing_enabled":true,"_links":{"self":[{"href":"https:\/\/pcb.org.br\/portal2\/wp-json\/wp\/v2\/posts\/26143","targetHints":{"allow":["GET"]}}],"collection":[{"href":"https:\/\/pcb.org.br\/portal2\/wp-json\/wp\/v2\/posts"}],"about":[{"href":"https:\/\/pcb.org.br\/portal2\/wp-json\/wp\/v2\/types\/post"}],"author":[{"embeddable":true,"href":"https:\/\/pcb.org.br\/portal2\/wp-json\/wp\/v2\/users\/1"}],"replies":[{"embeddable":true,"href":"https:\/\/pcb.org.br\/portal2\/wp-json\/wp\/v2\/comments?post=26143"}],"version-history":[{"count":0,"href":"https:\/\/pcb.org.br\/portal2\/wp-json\/wp\/v2\/posts\/26143\/revisions"}],"wp:attachment":[{"href":"https:\/\/pcb.org.br\/portal2\/wp-json\/wp\/v2\/media?parent=26143"}],"wp:term":[{"taxonomy":"category","embeddable":true,"href":"https:\/\/pcb.org.br\/portal2\/wp-json\/wp\/v2\/categories?post=26143"},{"taxonomy":"post_tag","embeddable":true,"href":"https:\/\/pcb.org.br\/portal2\/wp-json\/wp\/v2\/tags?post=26143"}],"curies":[{"name":"wp","href":"https:\/\/api.w.org\/{rel}","templated":true}]}}