{"id":26145,"date":"2020-09-15T20:34:31","date_gmt":"2020-09-15T23:34:31","guid":{"rendered":"https:\/\/pcb.org.br\/portal2\/?p=26145"},"modified":"2020-09-15T20:34:31","modified_gmt":"2020-09-15T23:34:31","slug":"em-porto-alegre-lutar-criar-poder-popular","status":"publish","type":"post","link":"https:\/\/pcb.org.br\/portal2\/26145","title":{"rendered":"Em Porto Alegre: lutar, criar, poder popular!"},"content":{"rendered":"<p><img decoding=\"async\" class=\"imagem\" title=\"imagem\" src=\"https:\/\/i0.wp.com\/lh3.googleusercontent.com\/pw\/ACtC-3cpfYtjdd_u24fuK2SfvS3VfWfd3-m_I3JIKx4MmovKV0upiAvKVvCTbTs0EIyEV_QgNUAEM861Flc-PvzO3HO2yWr7Q0s0N16OpAckeQAHfWKNVFPnM0hcuNW6KLmop69qDg5qWv4SQZet3RcsY7YI=s942-no\" alt=\"imagem\" \/><!--more-->PCB estar\u00e1 com Fernanda Melchionna e M\u00e1rcio Chagas em frente que re\u00fane UP e PSOL<\/p>\n<p>Nota pol\u00edtica do Partido Comunista Brasileiro &#8211; POA<\/p>\n<p>Porto Alegre \u00e9 uma capital drasticamente afetada pela l\u00f3gica de governan\u00e7a neoliberal, com uma economia hegemonicamente voltada para o setor de servi\u00e7os, industrialmente estagnada, e que sofre com o avan\u00e7o voraz das privatiza\u00e7\u00f5es sobre a sa\u00fade, educa\u00e7\u00e3o, transportes e espa\u00e7os p\u00fablicos de lazer. Vivemos em um munic\u00edpio profundamente segregado, desigual, onde a viol\u00eancia aumenta em especial nos bairros perif\u00e9ricos e, ao povo trabalhador, sequer empregos s\u00e3o garantidos.<\/p>\n<p>A desigualdade e a segrega\u00e7\u00e3o se manifestam de diferentes maneiras, seja com o elevado pre\u00e7o das passagens e redu\u00e7\u00e3o de frotas de \u00f4nibus, com a falta de investimentos em todos os n\u00edveis da aten\u00e7\u00e3o em sa\u00fade, atrav\u00e9s da precariedade da pol\u00edtica de saneamento, sucateamento da educa\u00e7\u00e3o p\u00fablica ou devido \u00e0 baixa renda de grande parte da popula\u00e7\u00e3o. Milhares de trabalhadoras e trabalhadores n\u00e3o t\u00eam teto ou moradia digna, ao passo que milhares de im\u00f3veis est\u00e3o abandonados\/vazios para favorecer os interesses da especula\u00e7\u00e3o imobili\u00e1ria e as remo\u00e7\u00f5es n\u00e3o pararam de acontecer. O trabalho informal aumenta e, em vez de alternativas concretas, as respostas do poder p\u00fablico s\u00e3o recorrentes batidas policiais e recolhimento das poucas formas de sustento que s\u00e3o criadas. Tamb\u00e9m preocupa-nos profundamente a situa\u00e7\u00e3o da juventude trabalhadora, principalmente negra e\/ou LGBT, de imigrantes e refugiados, da popula\u00e7\u00e3o em situa\u00e7\u00e3o de rua, todas e todos com extremas dificuldades de sobreviver em meio a uma crise sanit\u00e1ria e econ\u00f4mica que se aprofunda cada dia mais.<\/p>\n<p>Nos \u00faltimos quatro anos, nas m\u00e3os de Nelson Marchezan J\u00fanior (PSDB), a prefeitura deixou bastante evidente suas prioridades ao retirar direitos das\/dos municip\u00e1rios, fato que levou a sucessivas greves e paralisa\u00e7\u00f5es da categoria. Na verdade, J\u00fanior mant\u00e9m-se totalmente alinhado com Eduardo Leite (PSDB), governador inimigo do funcionalismo p\u00fablico, que leiloa empresas p\u00fablicas de setores estrat\u00e9gicos e que tem fechado in\u00fameras escolas estaduais &#8211; inclusive, muitas delas est\u00e3o aqui em nossa capital. Mais recentemente, mesmo em meio \u00e0 pandemia, J\u00fanior deu seguimento a sua pol\u00edtica anti-povo, atacando as\/os trabalhadores do IMESF e amea\u00e7ando-lhes de demiss\u00e3o, sem nenhuma preocupa\u00e7\u00e3o com o futuro dessas pessoas e suas fam\u00edlias. Ao mesmo tempo, J\u00fanior gastou fortunas com publicidade, enquanto a desigualdade e o n\u00famero de mortes aumentam drasticamente em Porto Alegre, e o tamanho da sua irresponsabilidade pode lev\u00e1-lo a sofrer impeachment nos pr\u00f3ximos dias. N\u00e3o suficiente, o governo do PSDB ficou marcado pela expl\u00edcita discrimina\u00e7\u00e3o contra os meios de cultura popular &#8211; n\u00e3o esqueceremos a pol\u00edtica de boicote ao carnaval do Porto Seco, uma festa t\u00e3o importante, que mobiliza milhares de trabalhadores e mant\u00e9m viva a cultura negra e popular.<\/p>\n<p>Todos esses fatos s\u00e3o apenas exemplos da dif\u00edcil situa\u00e7\u00e3o na qual nos encontramos, n\u00e3o apenas a Porto Alegre, mas sim em todo o Brasil. O projeto de concilia\u00e7\u00e3o de classes que vigorou na \u00faltima d\u00e9cada foi interrompido pela extrema-direita, as pol\u00edticas sociais est\u00e3o sendo destru\u00eddas, tudo para manter os lucros dos mais ricos crescendo a pleno vapor. O aumento abusivo do pre\u00e7o do arroz no pa\u00eds que mais produz arroz nas Am\u00e9ricas \u00e9 a maior prova de que o sistema capitalista \u00e9 perverso e n\u00e3o responde aos interesses da classe trabalhadora. Ainda assim, em meio a uma realidade t\u00e3o sofrida, diante do avan\u00e7o da barb\u00e1rie, uma parcela importante da classe trabalhadora ancora-se ideologicamente no fundamentalismo e no fascismo da extrema-direita, depositando suas esperan\u00e7as em projetos que n\u00e3o passam de ilus\u00f5es e que, ao fim e ao cabo, servem apenas para manuten\u00e7\u00e3o da l\u00f3gica de explora\u00e7\u00e3o.<\/p>\n<p>\u00c9 justamente por isso que, em meio a esse cen\u00e1rio, n\u00f3s comunistas precisamos unir esfor\u00e7os para constru\u00e7\u00e3o de frentes que apresentem alternativas concretas para a classe trabalhadora, denunciando as reformas \u00e0 servi\u00e7o do capital que est\u00e3o em curso e sendo contundentes na necessidade de ruptura e da auto organiza\u00e7\u00e3o popular, que tome para si a urg\u00eancia de uma revolu\u00e7\u00e3o. Diante do avan\u00e7o da barb\u00e1rie, a constru\u00e7\u00e3o do poder popular no rumo do socialismo nos imp\u00f5e a tarefa de elaborar as media\u00e7\u00f5es t\u00e1ticas necess\u00e1rias para amplia\u00e7\u00e3o da nossa inser\u00e7\u00e3o junto \u00e0 classe, tal qual temos feito atrav\u00e9s do F\u00f3rum Sindical, Popular e das Juventudes em luta por Direitos e Liberdades Democr\u00e1ticas, espa\u00e7o que constru\u00edmos para tentar agrupar e organizar as lutas populares em nossa regi\u00e3o e pa\u00eds, no rumo de um Encontro Nacional da Classe Trabalhadora que construa um programa e uma pr\u00e1tica comum para arrancar novas vit\u00f3rias para o nosso povo.<\/p>\n<p>O PCB e a Frente de Esquerda Socialista em Porto Alegre<\/p>\n<p>Ap\u00f3s um ciclo de ampla discuss\u00e3o junto \u00e0s bases, no dia 10 de setembro de 2020, n\u00f3s do PCB realizamos a conven\u00e7\u00e3o eleitoral na cidade de Porto Alegre. Na conven\u00e7\u00e3o, foram aprovadas as pr\u00e9-candidaturas de Cleber Soares, Felipe Amaro, Tirza Drummond, Gabrielli Veloso e Carlos Messalla para verean\u00e7a da cidade. O pr\u00e9-lan\u00e7amento da nossa Bancada Comunista, com 5 pr\u00e9-candidaturas, um n\u00famero de expressivo quando comparado com nossa participa\u00e7\u00e3o eleitoral em POA dos \u00faltimos anos, \u00e9 a express\u00e3o de diversas lutas populares que o Partid\u00e3o em Porto Alegre tem ajudado a organizar junto com a classe trabalhadora, em locais de atua\u00e7\u00e3o importantes como o movimento sindical dos Correios, a atua\u00e7\u00e3o comunit\u00e1ria no Bairro Rubem Berta, o movimento em defesa da Educa\u00e7\u00e3o P\u00fablica, o movimento antifascista, feminista, antirracista, LGBT e contra todas as opress\u00f5es que assolam nosso povo.<\/p>\n<p>No Executivo, convocamos a toda nossa milit\u00e2ncia a assinar o manifesto &#8220;Porto Alegre pede coragem!&#8221;, elaborado para convergir for\u00e7as em apoio \u00e0 Fernanda Melchionna e M\u00e1rcio Chagas (PSOL). Al\u00e9m de representar uma continuidade da unidade de a\u00e7\u00e3o que j\u00e1 ocorre nas lutas sociais, a constru\u00e7\u00e3o de uma Frente de Esquerda Socialista com o Partido Socialismo e Liberdade, a Unidade Popular pelo Socialismo, a Unidade Comunista Brasileira, o Centro de Estudos e Debates Socialistas e diversos movimentos populares, artistas, intelectuais e militantes locais tamb\u00e9m passou por uma importante discuss\u00e3o program\u00e1tica. Dentre seus eixos centrais de campanha, Fernanda Melchionna, deputada federal socialista, e M\u00e1rcio Chagas, militante antirracista e defensor da cultura popular, inclu\u00edram elementos importantes do programa comunista, em especial nos eixos &#8220;Poder Popular: Governo de novo tipo&#8221; e &#8220;A periferia \u00e9 nosso centro&#8221;.<\/p>\n<p>Como \u00e9 de praxe, a constru\u00e7\u00e3o de frentes em nada afeta a independ\u00eancia pol\u00edtica do PCB em seus posicionamentos pol\u00edticos. H\u00e1 diferen\u00e7as importantes entre as organiza\u00e7\u00f5es, mas em um momento que exige unidade \u00e9 necess\u00e1rio esfor\u00e7os coletivos para aglutinar for\u00e7as. N\u00e3o \u00e0 toa, o PCB realizou di\u00e1logo tamb\u00e9m com PT, PCdoB e PSTU, antes de tomar qualquer decis\u00e3o. Participamos de alguns espa\u00e7os do Congresso do Povo, constru\u00eddo pelo PCdoB e pela Frente Popular, mas n\u00e3o houve espa\u00e7o para inclus\u00e3o de eixos program\u00e1ticos centrais para o PCB, com o espa\u00e7o demonstrando-se, na pr\u00e1tica, como ferramenta de ades\u00e3o para alavancar a candidatura de Manuela D&#8217;Avila. Isso impossibilitou que as diverg\u00eancias entre os partidos social-democratas, socialistas e comunistas pudessem se traduzir em um programa de Frente \u00danica de Esquerda, como ocorreu em outras cidades. As pr\u00e9vias eleitorais, que tamb\u00e9m eram um meio poss\u00edvel para resolver essas diverg\u00eancias, tamb\u00e9m acabaram n\u00e3o ocorrendo, fato em que pesou o atual momento de desarticula\u00e7\u00e3o gerado pela pandemia, mas que indiscutivelmente tamb\u00e9m demonstra que o caminho para unidade da nossa classe ainda tem um longo percurso a percorrer. Tamb\u00e9m realizamos um fraterno di\u00e1logo como PSTU, mas por entendermos que uma candidatura para demarcar posi\u00e7\u00e3o e autoconstruir-se n\u00e3o seria o melhor caminho para nossa classe, porque fragmentaria nossas for\u00e7as, fizemos a op\u00e7\u00e3o em abdicar de candidatura pr\u00f3pria para somar-nos com Fernanda Melchionna e M\u00e1rcio Chagas, assim como fez tamb\u00e9m a UP.<\/p>\n<p>A impossibilidade da constru\u00e7\u00e3o de uma frente comum das e dos trabalhadores de Porto Alegre no primeiro turno dessas elei\u00e7\u00f5es municipais, embora constitua-se em fato negativo para a correla\u00e7\u00e3o de for\u00e7as, n\u00e3o deve servir de desincentivo para construirmos a mais firme unidade combativa nas nossas bases, nos locais de estudo, trabalho e moradia, rumo \u00e0 constru\u00e7\u00e3o de uma frente pol\u00edtica permanente que agrupe todas e todos aqueles dispostos a combater a ofensiva dos grandes empres\u00e1rios e do imperialismo. S\u00f3 assim mandaremos o governo genocida de Bolsonaro-Mour\u00e3o e seus aliados para o local onde sempre acabam todos os fascistas: a lata de lixo da hist\u00f3ria! Devemos combater o hegemonismo e o sectarismo nas lutas populares, sem jamais abrir m\u00e3o da necessidade de se construir uma pol\u00edtica revolucion\u00e1ria, que d\u00ea um horizonte para as revoltas populares, antirracistas e antifascistas que vemos eclodir na nossa cidade, pa\u00eds e mundo. O momento exige de n\u00f3s responsabilidade hist\u00f3rica para derrotar o fascismo e construir novas vit\u00f3rias para a classe trabalhadora!<\/p>\n<p>Guiados pelo exemplo da nossa grande camarada Lila Ripoll, hist\u00f3rica vereadora comunista de Porto Alegre, lan\u00e7amos cinco valorosos e combativos camaradas para verean\u00e7a, onde teremos espa\u00e7o para apresentar o programa revolucion\u00e1rio na \u00edntegra! Precisamos sair deste processo mais forte do que entramos, defender a planifica\u00e7\u00e3o social da economia e a democracia direta das e dos trabalhadores como alternativa para a crise que nossa gera\u00e7\u00e3o vive, utilizando o espa\u00e7o que ainda temos na legalidade para combater a propaganda anticomunista e liberal que a classe dominante tenta usar para enganar o nosso povo. Por isso, contamos com a for\u00e7a de todas e todos que concordem com nossas ideias a somarem-se e, principalmente, organizarem-se no PCB. \u00c9 hora de cada c\u00e9lula ou Coletivo partid\u00e1rio mobilizar as bases!<\/p>\n<p>ELEGER A BANCADA COMUNISTA DE PORTO ALEGRE!<\/p>\n<p>RUMO \u00c0 FRENTE \u00daNICA DAS E DOS TRABALHADORES!<\/p>\n<p>PELO PODER POPULAR, NO RUMO DO SOCIALISMO!<\/p>\n<p>Coordena\u00e7\u00e3o Pol\u00edtica de Porto Alegre do Partido Comunista Brasileiro \u2013 PCB<\/p>\n","protected":false},"excerpt":{"rendered":"<a class=\"moretag\" href=\"https:\/\/pcb.org.br\/portal2\/26145\"> <\/a>","protected":false},"author":1,"featured_media":0,"comment_status":"closed","ping_status":"closed","sticky":false,"template":"","format":"standard","meta":{"jetpack_post_was_ever_published":false,"_jetpack_newsletter_access":"","_jetpack_dont_email_post_to_subs":false,"_jetpack_newsletter_tier_id":0,"_jetpack_memberships_contains_paywalled_content":false,"_jetpack_memberships_contains_paid_content":false,"footnotes":"","jetpack_publicize_message":"","jetpack_publicize_feature_enabled":true,"jetpack_social_post_already_shared":true,"jetpack_social_options":{"image_generator_settings":{"template":"highway","default_image_id":0,"font":"","enabled":false},"version":2}},"categories":[7],"tags":[223],"class_list":["post-26145","post","type-post","status-publish","format-standard","hentry","category-s8-brasil","tag-3a"],"jetpack_publicize_connections":[],"jetpack_featured_media_url":"","jetpack_shortlink":"https:\/\/wp.me\/p659gw-6NH","jetpack-related-posts":[],"jetpack_likes_enabled":true,"jetpack_sharing_enabled":true,"_links":{"self":[{"href":"https:\/\/pcb.org.br\/portal2\/wp-json\/wp\/v2\/posts\/26145","targetHints":{"allow":["GET"]}}],"collection":[{"href":"https:\/\/pcb.org.br\/portal2\/wp-json\/wp\/v2\/posts"}],"about":[{"href":"https:\/\/pcb.org.br\/portal2\/wp-json\/wp\/v2\/types\/post"}],"author":[{"embeddable":true,"href":"https:\/\/pcb.org.br\/portal2\/wp-json\/wp\/v2\/users\/1"}],"replies":[{"embeddable":true,"href":"https:\/\/pcb.org.br\/portal2\/wp-json\/wp\/v2\/comments?post=26145"}],"version-history":[{"count":0,"href":"https:\/\/pcb.org.br\/portal2\/wp-json\/wp\/v2\/posts\/26145\/revisions"}],"wp:attachment":[{"href":"https:\/\/pcb.org.br\/portal2\/wp-json\/wp\/v2\/media?parent=26145"}],"wp:term":[{"taxonomy":"category","embeddable":true,"href":"https:\/\/pcb.org.br\/portal2\/wp-json\/wp\/v2\/categories?post=26145"},{"taxonomy":"post_tag","embeddable":true,"href":"https:\/\/pcb.org.br\/portal2\/wp-json\/wp\/v2\/tags?post=26145"}],"curies":[{"name":"wp","href":"https:\/\/api.w.org\/{rel}","templated":true}]}}