{"id":2617,"date":"2012-04-03T18:32:34","date_gmt":"2012-04-03T18:32:34","guid":{"rendered":"http:\/\/pcb.org.br\/portal2\/?p=2617"},"modified":"2012-04-03T18:32:34","modified_gmt":"2012-04-03T18:32:34","slug":"jamais-esqueceremos","status":"publish","type":"post","link":"https:\/\/pcb.org.br\/portal2\/2617","title":{"rendered":"Jamais esqueceremos!"},"content":{"rendered":"\n<p>Este domingo, 1\u00ba de abril, marcou os 48 anos de instaura\u00e7\u00e3o da ditadura militar-empresarial no Brasil. Uma data a ser lembrada, para que nunca mais volte a ocorrer, e que at\u00e9 hoje merece dos democratas especial aten\u00e7\u00e3o &#8211; haja vista a &#8220;comemora\u00e7\u00e3o&#8221; promovida na \u00faltima quinta-feira (29\/03), no Clube Militar, pelo que de pior existe na esp\u00e9cie humana.<\/p>\n<p>Como afirmamos &#8211; o PCB &#8211; em Nota P\u00fablica anterior ao evento, que recebeu justo rep\u00fadio militante de centenas de pessoas que comparecemos \u00e0 Manifesta\u00e7\u00e3o de Rep\u00fadio ao convescote dos por\u00f5es da Ditadura, tratava-se, no caso deles, de tentar impor aos poderes constitu\u00eddos o n\u00e3o funcionamento de fato da Comiss\u00e3o da Verdade, em si j\u00e1 insuficiente por n\u00e3o ter poderes de punir &#8211; ou delegar a puni\u00e7\u00e3o &#8211; de assassinos, torturadores, sequestradores; enfim, da esc\u00f3ria dentro da esc\u00f3ria.<\/p>\n<p>Anunciada j\u00e1 h\u00e1 quatro meses, a referida comiss\u00e3o n\u00e3o teve seus participantes nomeados pela presidente da rep\u00fablica &#8211; ela mesma uma ex-presa pol\u00edtica que j\u00e1 sofreu as arbitrariedades da Ditadura.<\/p>\n<p>Causa-nos indigna\u00e7\u00e3o, por conseguinte, as declara\u00e7\u00f5es vaselinas dadas na \u00faltima sexta-feira pelo ministro da Defesa, Celso Amorim. Questionado sobre a &#8220;comemora\u00e7\u00e3o&#8221; e a revolta de todos aqueles que prezam a democracia, materializada na manifesta\u00e7\u00e3o, o fantoche de plant\u00e3o saiu-se com esta: &#8221;\u00a0Somos contra qualquer viol\u00eancia. Somos a favor de que haja sempre liberdade de express\u00e3o, desde que pac\u00edfica e respeitosa&#8221;.<\/p>\n<p>Amorim, como todos aqueles que governam o pa\u00eds desde 1985, quis tapar o Sol com a peneira. Mais pusil\u00e2nime, s\u00f3 aquela que o nomeou. Justamente ela, que em seu discurso de posse afirmou honrar todos aqueles que tombaram contra a opress\u00e3o e a barb\u00e1rie daquele regime fascista. Mesmo ap\u00f3s ter proibido comemora\u00e7\u00f5es militares do Golpe de 64, ocorreram &#8211; neste final de semana &#8211; manifesta\u00e7\u00f5es claras de desrespeito \u00e0 Presid\u00eancia da Rep\u00fablica: no Rio de Janeiro, avi\u00f5es passaram na orla com frases saudando a data, assim como os paraquedistas que saltaram dos c\u00e9us &#8211; ou dos infernos. E Dilma? Nenhuma manifesta\u00e7\u00e3o ou declara\u00e7\u00e3o.<\/p>\n<p>Dito isso, voltemos aos acontecimentos de quinta-feira. N\u00f3s, do PCB, saudamos as for\u00e7as pol\u00edticas que se fizeram presentes na manifesta\u00e7\u00e3o atrav\u00e9s de seus militantes. E cremos que devemos levar adiante, nas ruas e espa\u00e7os institucionais, a correta campanha pela instaura\u00e7\u00e3o da Comiss\u00e3o da Verdade &#8211; qui\u00e7\u00e1 da revis\u00e3o da Lei de Anistia, que tornou o Brasil um pa\u00eds p\u00e1ria do Direito Internacional.<\/p>\n<p>N\u00e3o custa lembrar que seremos novamente motivo de vergonha caso o executivo n\u00e3o leve adiante a recente notifica\u00e7\u00e3o da Organiza\u00e7\u00e3o dos Estados Americanos (OEA) de apurar a morte do jornalista Vladimir Herzog, militante do PCB, durante os anos de chumbo.<\/p>\n<p>Ao mesmo tempo, n\u00e3o nos causa nenhuma estranheza a editorializa\u00e7\u00e3o que foi feita pelos grandes ve\u00edculos de imprensa aos fatos ocorridos esta semana. Afinal de contas, a Folha de S. Paulo emprestou sua frota de ve\u00edculos para a Opera\u00e7\u00e3o Bandeirantes (OBAN) em S\u00e3o Paulo, e a Rede Globo se transformou no imp\u00e9rio das comunica\u00e7\u00f5es que \u00e9 hoje com o apoio financeiro e log\u00edstico dos generais que governaram o pa\u00eds naqueles anos. Fiquemos apenas com esses dois exemplos&#8230;<\/p>\n<p>A viol\u00eancia policial contra os manifestantes tamb\u00e9m serve de exemplo para aqueles \u00e0 esquerda que, durante as \u00faltimas greves de policiais, se lan\u00e7aram de forma oportunista ao apoio acr\u00edtico aos &#8220;companheiros&#8221; da PM.<\/p>\n<p>Por fim, \u00e9 preciso lembrar. Jamais esqueceremos todos aqueles que tombaram pela liberdade e a democracia naqueles anos de chumbo. Os jovens rostos de companheiros da Uni\u00e3o da Juventude Comunista (UJC) e de outras organiza\u00e7\u00f5es juvenis que estivemos presentes \u00e0s manifesta\u00e7\u00f5es deixa isso claro.<\/p>\n<p>Em respeito \u00e0 mem\u00f3ria dos que tombaram, \u00e9 tarefa militante priorit\u00e1ria lutar para que sejam encontrados os restos mortais daqueles cerca de 140 combatentes da liberdade que at\u00e9 hoje est\u00e3o desaparecidos, como os guerrilheiros do Araguaia e nossos camaradas de PCB, cujos nomes seguem abaixo.<\/p>\n<p>C\u00e9lio Guedes<\/p>\n<p>David Capistrano<\/p>\n<p>Elson Costa<\/p>\n<p>Hiram Pereira Lima<\/p>\n<p>Itair Veloso<\/p>\n<p>Jayme Miranda<\/p>\n<p>Jo\u00e3o Massena<\/p>\n<p>Jos\u00e9 Montenegro de Lima<\/p>\n<p>Luiz Maranh\u00e3o<\/p>\n<p>Nestor Veras<\/p>\n<p>Orlando Bonfim<\/p>\n<p>Walter Ribeiro<\/p>\n<p>Jamais esqueceremos deles!<\/p>\n<p>Paulo Schueler \u00e9 membro do Comit\u00ea Central do PCB.<\/p>\n<hr \/>\n<p><em>*Cr\u00e9dito da a\u00e7\u00e3o: Beatriz Seigner, Moana Mayall, Thiago Dezan, Luis Felipe, Fora do Eixo<\/em><\/p>\n<p><em>Descri\u00e7\u00e3o:<\/em><\/p>\n<p><em>Registro de noite de proje\u00e7\u00f5es de imagens selecionadas e projetadas, das quais participei junto com integrantes da rede de artistas e ativistas &#8220;Fora do eixo&#8221; ( Beatriz Seigner, Thiago Dezan e Luis Felipe). Incluiu filmes cedidos e outras imagens de arquivo e de pesquisas hist\u00f3ricas e pessoais:&#8221; Uma Longa Viagem&#8221; de Lucia Murat, o &#8220;Perd\u00e3o Mister Fiel&#8221; de Jorge Oliveira, &#8220;Amenarama&#8221;, &#8216;Di\u00e1rio de Uma Busca&#8217; de Flavia Castro etc.<\/em><\/p>\n<p><em>Noite de 29 de mar\u00e7o de 2012, data em que militares comemoravam anivers\u00e1rio do Golpe de 1964. Proje\u00e7\u00e3o do in\u00edcio da noite at\u00e9 aproximadamente 23h. Ato Contra a comemora\u00e7\u00e3o do golpe militar de 64. Fachada cr\u00edtica. Herzog, s\u00edmbolo da luta pela democracia e liberdade de express\u00e3o sobre a fachada do Clube Militar. Luz versus obscuridades. Pela Comiss\u00e3o da Verdade sobre os crimes de terrorismo de Estado durante os anos da ditadura militar no Brasil.<\/em><\/p>\n","protected":false},"excerpt":{"rendered":"\n\n\nCr\u00e9dito: Beatriz Seigner, Moana Mayall, Thiago Dezan, Luis Felipe, Fora do Eixo*\n\n\n\n\n\n\n\n\nPaulo Schueler*\n<a class=\"moretag\" href=\"https:\/\/pcb.org.br\/portal2\/2617\"> <\/a>","protected":false},"author":1,"featured_media":0,"comment_status":"open","ping_status":"open","sticky":false,"template":"","format":"standard","meta":{"jetpack_post_was_ever_published":false,"_jetpack_newsletter_access":"","_jetpack_dont_email_post_to_subs":false,"_jetpack_newsletter_tier_id":0,"_jetpack_memberships_contains_paywalled_content":false,"_jetpack_memberships_contains_paid_content":false,"footnotes":"","jetpack_publicize_message":"","jetpack_publicize_feature_enabled":true,"jetpack_social_post_already_shared":false,"jetpack_social_options":{"image_generator_settings":{"template":"highway","default_image_id":0,"font":"","enabled":false},"version":2}},"categories":[46],"tags":[],"class_list":["post-2617","post","type-post","status-publish","format-standard","hentry","category-c56-memoria"],"jetpack_publicize_connections":[],"jetpack_featured_media_url":"","jetpack_shortlink":"https:\/\/wp.me\/p659gw-Gd","jetpack-related-posts":[],"jetpack_likes_enabled":true,"jetpack_sharing_enabled":true,"_links":{"self":[{"href":"https:\/\/pcb.org.br\/portal2\/wp-json\/wp\/v2\/posts\/2617","targetHints":{"allow":["GET"]}}],"collection":[{"href":"https:\/\/pcb.org.br\/portal2\/wp-json\/wp\/v2\/posts"}],"about":[{"href":"https:\/\/pcb.org.br\/portal2\/wp-json\/wp\/v2\/types\/post"}],"author":[{"embeddable":true,"href":"https:\/\/pcb.org.br\/portal2\/wp-json\/wp\/v2\/users\/1"}],"replies":[{"embeddable":true,"href":"https:\/\/pcb.org.br\/portal2\/wp-json\/wp\/v2\/comments?post=2617"}],"version-history":[{"count":0,"href":"https:\/\/pcb.org.br\/portal2\/wp-json\/wp\/v2\/posts\/2617\/revisions"}],"wp:attachment":[{"href":"https:\/\/pcb.org.br\/portal2\/wp-json\/wp\/v2\/media?parent=2617"}],"wp:term":[{"taxonomy":"category","embeddable":true,"href":"https:\/\/pcb.org.br\/portal2\/wp-json\/wp\/v2\/categories?post=2617"},{"taxonomy":"post_tag","embeddable":true,"href":"https:\/\/pcb.org.br\/portal2\/wp-json\/wp\/v2\/tags?post=2617"}],"curies":[{"name":"wp","href":"https:\/\/api.w.org\/{rel}","templated":true}]}}