{"id":26183,"date":"2020-09-22T21:40:47","date_gmt":"2020-09-23T00:40:47","guid":{"rendered":"https:\/\/pcb.org.br\/portal2\/?p=26183"},"modified":"2020-09-22T21:40:47","modified_gmt":"2020-09-23T00:40:47","slug":"uma-alternativa-popular-para-maceio","status":"publish","type":"post","link":"https:\/\/pcb.org.br\/portal2\/26183","title":{"rendered":"Uma Alternativa Popular para Macei\u00f3!"},"content":{"rendered":"<p><img decoding=\"async\" class=\"imagem\" title=\"imagem\" src=\"https:\/\/i0.wp.com\/pbs.twimg.com\/media\/EiO5-5SXgAExTag.jpg\" alt=\"imagem\" \/><!--more-->COLIGA\u00c7\u00c3O PSOL-PCB-MTST para Prefeitura<\/p>\n<p>Nota pol\u00edtica do Partido Comunista Brasileiro \u2013 Alagoas<\/p>\n<p>Em Macei\u00f3 e em todo o Brasil o PCB tem trabalhado sistematicamente em prol da constru\u00e7\u00e3o da frente \u00fanica das trabalhadoras e dos trabalhadores na luta contra o neofascismo e o ultraliberalismo do governo Bolsonaro-Mour\u00e3o-Guedes. No cotidiano da luta de classes e por interm\u00e9dio de notas p\u00fablicas, o PCB tem buscando fortalecer espa\u00e7os j\u00e1 existentes e fomentar novos espa\u00e7os que favore\u00e7am a ampla unidade de toda esquerda anti-imperialista e anticapitalista. Para o PCB, a prioridade pol\u00edtica reside na luta extra-institucional, nos locais de trabalho, moradia e estudo. Apesar dessa leitura, entretanto, o PCB tem clareza de que as elei\u00e7\u00f5es constituem-se em um momento importante para di\u00e1logo com os trabalhadores\/as, na perspectiva de impulsionar as lutas e de inibir o avan\u00e7o do neofascismo\/ultraliberalismo nos espa\u00e7os institucionais.<\/p>\n<p>Com este intuito, o PCB sa\u00fada a coliga\u00e7\u00e3o firmada entre o PSOL, o MTST e os comunistas na campanha para a Prefeitura de Macei\u00f3. A chapa composta pelos companheiros Val\u00e9ria Corr\u00eaa (PSOL) e Igor Silva (MTST) contar\u00e1 com o apoio militante dos membros do Partid\u00e3o, dispostos a divulgar um programa para Macei\u00f3 que tenha como centralidade as necessidades da maioria da popula\u00e7\u00e3o maceioense, aquela que acorda cedo para chegar ao trabalho, que \u00e9 obrigada a se utilizar de um sistema de transporte \u201cp\u00fablico\u201d privatizado ou se arriscar sob duas rodas no tr\u00e2nsito da capital; aquela parcela da juventude negra e perif\u00e9rica que cotidianamente \u00e9 v\u00edtima da segrega\u00e7\u00e3o social da nossa cidade e da viol\u00eancia policial; aquela que luta diariamente em defesa de direitos sociais fundamentais tais como a Educa\u00e7\u00e3o, Sa\u00fade, Assist\u00eancia Social, Cultura, direitos que s\u00e3o negados pelo capitalismo dependente brasileiro e alagoano sob gest\u00e3o das oligarquias alagoanas.<\/p>\n<p>A conjuga\u00e7\u00e3o da assistente social e professora, Val\u00e9ria Correia, com o lutador por moradia, Igor Silva, expressa bem a t\u00f4nica que esta campanha h\u00e1 de ter. Os direitos sociais mais demandados pelos brasileiros est\u00e3o simbolizados nos dois companheiros. A coliga\u00e7\u00e3o \u201cUma Alternativa Popular para Macei\u00f3!\u201d deve ser capaz de denunciar as mazelas sociais e econ\u00f4micas maceioenses, evidenciando a responsabilidade das oligarquias que dirigem a capital, especialmente o atual prefeito, Rui Palmeira, no quadro atual em que nos encontramos. Deve apontar tamb\u00e9m as raz\u00f5es para as demais candidaturas da direita n\u00e3o serem vistas como alternativa ao quadro existente, candidaturas estas, por sinal, que t\u00eam como marca a rela\u00e7\u00e3o direta com a extrema-direita neofascista que despontou no Brasil nos \u00faltimos anos. A candidatura n\u00e3o deve, portanto, poupar cr\u00edtica \u00e0s classes e for\u00e7as pol\u00edticas dirigentes da capital.<\/p>\n<p>Simultaneamente \u00e0 cr\u00edtica, o PCB considera primordial que a campanha por uma outra Macei\u00f3 deve defender as lutas populares que j\u00e1 existem na capital, \u00e0 exemplo do crime cometido pela Brasken, e impulsion\u00e1-las, amplific\u00e1-las com o objetivo de fortalecer o Poder Popular na capital, poder este que j\u00e1 se encontra em germe nas lutas di\u00e1rias do movimento sindical e dos movimentos populares. Instituir o poder decis\u00f3rio sobre os rumos da capital alagoana para o povo trabalhador, eis o objetivo maior desta candidatura!<\/p>\n<p>Uma Outra Macei\u00f3 \u00e9 Poss\u00edvel!<\/p>\n<p>Pelo Poder Popular, rumo ao Socialismo!<\/p>\n<p>#PoderPopular #Macei\u00f3 #BancadaDoPoderPopular #Alagoas #PCB<\/p>\n","protected":false},"excerpt":{"rendered":"<a class=\"moretag\" href=\"https:\/\/pcb.org.br\/portal2\/26183\"> <\/a>","protected":false},"author":1,"featured_media":0,"comment_status":"closed","ping_status":"closed","sticky":false,"template":"","format":"standard","meta":{"jetpack_post_was_ever_published":false,"_jetpack_newsletter_access":"","_jetpack_dont_email_post_to_subs":false,"_jetpack_newsletter_tier_id":0,"_jetpack_memberships_contains_paywalled_content":false,"_jetpack_memberships_contains_paid_content":false,"footnotes":"","jetpack_publicize_message":"","jetpack_publicize_feature_enabled":true,"jetpack_social_post_already_shared":true,"jetpack_social_options":{"image_generator_settings":{"template":"highway","default_image_id":0,"font":"","enabled":false},"version":2}},"categories":[26],"tags":[225],"class_list":["post-26183","post","type-post","status-publish","format-standard","hentry","category-c25-notas-politicas-do-pcb","tag-4a"],"jetpack_publicize_connections":[],"jetpack_featured_media_url":"","jetpack_shortlink":"https:\/\/wp.me\/p659gw-6Oj","jetpack-related-posts":[],"jetpack_likes_enabled":true,"jetpack_sharing_enabled":true,"_links":{"self":[{"href":"https:\/\/pcb.org.br\/portal2\/wp-json\/wp\/v2\/posts\/26183","targetHints":{"allow":["GET"]}}],"collection":[{"href":"https:\/\/pcb.org.br\/portal2\/wp-json\/wp\/v2\/posts"}],"about":[{"href":"https:\/\/pcb.org.br\/portal2\/wp-json\/wp\/v2\/types\/post"}],"author":[{"embeddable":true,"href":"https:\/\/pcb.org.br\/portal2\/wp-json\/wp\/v2\/users\/1"}],"replies":[{"embeddable":true,"href":"https:\/\/pcb.org.br\/portal2\/wp-json\/wp\/v2\/comments?post=26183"}],"version-history":[{"count":0,"href":"https:\/\/pcb.org.br\/portal2\/wp-json\/wp\/v2\/posts\/26183\/revisions"}],"wp:attachment":[{"href":"https:\/\/pcb.org.br\/portal2\/wp-json\/wp\/v2\/media?parent=26183"}],"wp:term":[{"taxonomy":"category","embeddable":true,"href":"https:\/\/pcb.org.br\/portal2\/wp-json\/wp\/v2\/categories?post=26183"},{"taxonomy":"post_tag","embeddable":true,"href":"https:\/\/pcb.org.br\/portal2\/wp-json\/wp\/v2\/tags?post=26183"}],"curies":[{"name":"wp","href":"https:\/\/api.w.org\/{rel}","templated":true}]}}