{"id":2622,"date":"2021-08-01T19:44:59","date_gmt":"2021-08-01T22:44:59","guid":{"rendered":"http:\/\/pcb.org.br\/portal2\/?p=2622"},"modified":"2026-02-22T10:16:51","modified_gmt":"2026-02-22T13:16:51","slug":"pcm-sobre-a-questao-da-consulta-popular","status":"publish","type":"post","link":"https:\/\/pcb.org.br\/portal2\/2622","title":{"rendered":"PCM: sobre a quest\u00e3o da \u201cconsulta popular\u201d"},"content":{"rendered":"<p><img decoding=\"async\" class=\"imagem\" title=\"imagem\" src=\"https:\/\/i0.wp.com\/www.comunistas-mexicanos.org\/images\/IMG_1127.jpg\" alt=\"imagem\" \/><!--more-->Al\u00e9m da consulta, os inimigos do povo devem ser expropriados<\/p>\n<p>De: Partido Comunista de M\u00e9xico \/ Traduzido por Partido Comunista Brasileiro<\/p>\n<p>Em rela\u00e7\u00e3o \u00e0 chamada \u201cconsulta popular para processar atores pol\u00edticos do passado\u201d, destacamos o seguinte.<\/p>\n<p>Em primeiro lugar, defendemos a tese de que todo l\u00edder de alto escal\u00e3o do Estado mexicano \u00e9 culpado. Eles cumpriram e continuam a cumprir o papel de defensores da explora\u00e7\u00e3o, s\u00e3o os tenentes dos capitalistas na luta de classes, atuaram e continuam a agir como inimigos do povo nesse papel. \u00c9 esta fun\u00e7\u00e3o e base econ\u00f4mica do imperialismo que naturalmente encoraja o uso de m\u00e9todos de acordo como tal: desaparecimentos, massacres, assassinatos, terrorismo de Estado, coniv\u00eancia com o crime organizado, expropria\u00e7\u00e3o, tr\u00e1fico de influ\u00eancia, roubo, suborno, corrup\u00e7\u00e3o, etc.<\/p>\n<p>Se se concorda com o crit\u00e9rio cient\u00edfico de que \u00e9 o interesse de classe que defendem que serve para ter um ponto de vista objetivo; e depois de partir dessa generalidade, adaptando o grau de participa\u00e7\u00e3o do indiv\u00edduo, e n\u00e3o o do crit\u00e9rio da moral fantasmag\u00f3rica de suas caracter\u00edsticas pessoais, ent\u00e3o podemos perceber a primeira contradi\u00e7\u00e3o de tal abordagem. A consulta para processar alguns \u00e9 simultaneamente a consulta para proteger a impunidade de outros.<\/p>\n<p>\u00c9 uma farsa que Salinas de Gortari seja processado pela fraude de 1988 sem processar seu mandante: o atual chefe do CFE, Manuel Bartlett. \u00c9 uma farsa que Enrique Pe\u00f1a Nieto seja processado por crimes contra a Humanidade em Ayotzinapa sem processar os mandantes, hoje, cada vez mais operantes e intoc\u00e1veis como o General Cienfuegos, Omar Garc\u00eda Harfuch e o magn\u00edfico Ex\u00e9rcito Mexicano, etc. \u00c9 uma farsa que Ernesto Zedillo seja processado pela FOBAPROA, que endividou terrivelmente todo o povo mexicano em estrito benef\u00edcio dos banqueiros e que os banqueiros beneficiados n\u00e3o sejam processados; al\u00e9m disso, s\u00e3o recompensados com a coloca\u00e7\u00e3o da conselheira do Banorte no Minist\u00e9rio do Interior. E assim, ad nauseam, poder\u00edamos continuar. Nenhum dos crimes contra o povo foi infligido individualmente e sua pr\u00f3pria execu\u00e7\u00e3o pressup\u00f5e uma for\u00e7a organizada, que deve ser subjugada e desmantelada.<\/p>\n<p>Em segundo lugar, e derivado do primeiro, sustentamos a tese de que nenhum julgamento \u00e9 s\u00e9rio sem processar o benefici\u00e1rio do crime contra o povo e sem restaurar o dano. Se ao menos os presidentes existissem como uma for\u00e7a externa e sobreposta \u00e0 sociedade; como \u00e9 apresentado na tese dos respons\u00e1veis pessoalmente, a luta geral de \u201ctoda a sociedade\u201d contra esses indiv\u00edduos e seus familiares seria f\u00e1cil e simples de resolver. A realidade, por\u00e9m, \u00e9 diferente, e a realidade \u00e9 que n\u00e3o existe uma &#8220;sociedade inteira&#8221; como tal, nem os governantes externos a ela, h\u00e1 classes em conflito e \u00e9 a classe que domina economicamente aquela que monta seu aparato estatal, e s\u00e3o estes indiv\u00edduos que dirigem os seus conselhos de administra\u00e7\u00e3o, sucedendo-se \u00e0 medida que a luta exige m\u00e9todos mais ou menos sanguin\u00e1rios, mais ou menos demag\u00f3gicos, \u00e0 medida que o ciclo do capital se expande ou est\u00e1 em crise.<\/p>\n<p>Est\u00e3o escondidos os benefici\u00e1rios das pol\u00edticas das tr\u00eas d\u00e9cadas, que s\u00e3o ridicularizadas com a chamada Consulta, e esta \u00e9 a mais s\u00e9ria e central. De nada serviria para privatizar se n\u00e3o houvesse, como condi\u00e7\u00e3o, uma pessoa privada que receba o bem p\u00fablico como novo capital acumulado. A proposi\u00e7\u00e3o de que haja quem vende como mercadoria sua vontade expressa em votos do poder legislativo, senten\u00e7as do judici\u00e1rio, ordens do poder executivo, etc., n\u00e3o \u00e9 vi\u00e1vel sem a exist\u00eancia simult\u00e2nea de compradores dessa mercadoria. O funcion\u00e1rio p\u00fablico enriquecido durante os tr\u00eas ou seis anos do seu mandato \u00e9 culpado, os capitalistas que se beneficiaram com 30 ou 60 anos de acumula\u00e7\u00e3o desse ato s\u00e3o ainda mais culpados como autores intelectuais e principais benefici\u00e1rios.<\/p>\n<p>A consulta para processar os atores pol\u00edticos \u00e9 a consulta para ocultar os benefici\u00e1rios econ\u00f4micos. Eles ainda est\u00e3o l\u00e1 com novos operadores, ou seja, os governantes atuais. Carlos Slim, Emilio Azc\u00e1rraga, Salinas Pliego, etc., os capitalistas s\u00e3o os maiores benefici\u00e1rios de todos estes esfor\u00e7os criminosos e da gest\u00e3o criminosa atual. Os 72.000 desaparecidos e 350.000 assassinados sob Calder\u00f3n, Pe\u00f1a Nieto e Obrador s\u00e3o o corol\u00e1rio da acumula\u00e7\u00e3o capitalista, onde a burguesia de terno e chifre de cabra est\u00e1 financeira e politicamente entrela\u00e7ada com seus governantes atuais.<\/p>\n<p>Nenhuma justi\u00e7a poderia, mesmo remotamente, caracterizar-se como justi\u00e7a apontando apenas um ou dois dos perpetradores materiais, sem apontar os perpetradores intelectuais, sem restaurar o dano. A restitui\u00e7\u00e3o do dano: e nisso, vamos insistir, na expropria\u00e7\u00e3o dos benefici\u00e1rios dos crimes contra o povo. At\u00e9 o momento, nenhuma das mais de 1.100 empresas privatizadas foi expropriada, estatizada, nacionalizada, socializada, o que foi tirado da soberania popular n\u00e3o foi &#8211; nem se prop\u00f5e &#8211; a ser devolvido. Nem a Telmex, nem a Altos Hornos, nem as mineradoras, nem os bancos privatizados, etc. Ao contr\u00e1rio; com base nessa tese, tamb\u00e9m podemos apontar o car\u00e1ter criminoso da gest\u00e3o atual, que colocou os lucros dos capitalistas antes da vida dos trabalhadores ao administrar a pandemia ao custo de um quarto de milh\u00e3o de mortos. Na \u00e9poca, a grande maioria de trabalhadores.<\/p>\n<p>Terceiro, defendemos a tese de que o povo j\u00e1 emitiu uma decis\u00e3o nesta \u00e1rea. \u00c9 uma verdade reconhecida que o sentido da vota\u00e7\u00e3o de 2018 foi a favor da puni\u00e7\u00e3o de tais inimigos do povo do passado, ato que n\u00e3o iniciou nem concluiu a luta contra eles. J\u00e1 a vontade do povo, est\u00e1 fundamentalmente dada. Anos de lutas de rua, levantes e confrontos massivos expressam tal sentido. Compreendemos a raiva justa, que motiva n\u00e3o poucos prolet\u00e1rios a participar. Compreendemos por que os inimigos do povo, que t\u00eam contas pendentes em geral, tamb\u00e9m t\u00eam contas pendentes com os comunistas deste pa\u00eds, a quem nos devem o sangue de nossos mortos e desaparecidos em Guerrero e Tamaulipas. Mas n\u00e3o se trata apenas de simpatia, mas de reconhecer o que n\u00e3o \u00e9 reconhecido na consulta.<\/p>\n<p>Essa c\u00f3lera \u00e9 o resultado natural de tudo que os administradores da burguesia fazem para apoiar o ac\u00famulo de nossos patr\u00f5es, que no M\u00e9xico o sistema escoa lama e sangue em quantidades b\u00e1rbaras todos os dias, e o objetivo da consulta n\u00e3o \u00e9 acabar com o que origina a raiva da classe trabalhadora, mas para confundi-la, apazigu\u00e1-la, ofusc\u00e1-la e impedi-la de encontrar uma solu\u00e7\u00e3o satisfat\u00f3ria. Portanto, em vez do poder supostamente constitu\u00eddo com tais votos obedecer ao sentido do mandato, para o qual obteve maioria absoluta em todos os n\u00edveis de governo por seus partid\u00e1rios populares, utilizando o fato como uma de suas bandeiras de campanha, \u00e9 entregue, em termos obscuros e amb\u00edguos, uma consulta.<\/p>\n<p>A consulta n\u00e3o vai de acordo com o veredicto popular, ela coloca um s\u00e9rio obst\u00e1culo. Basicamente, solicita-se que o Morena seja ratificado com um voto semelhante e estendido ao de 2018 em troca de iniciar \u201cinvestiga\u00e7\u00f5es\u201d e \u201cprocedimentos\u201d contra alguns dos funcion\u00e1rios do passado; salvando outros funcion\u00e1rios civis e militares e, acima de tudo, ignorando os benefici\u00e1rios dos ditos inimigos do povo. Ao contr\u00e1rio das campanhas eleitorais onde, mesmo marginalmente, pode haver a possibilidade de apresentar uma plataforma no mero interesse de confrontar as for\u00e7as pol\u00edticas burguesas, neste exerc\u00edcio se apresenta um falso dilema, uma verdadeira gaiola para aprisionar nossa posi\u00e7\u00e3o pol\u00edtica. Ou com funcion\u00e1rios que s\u00e3o inimigos do povo que ainda est\u00e3o nos mesmos partidos de origem ou com funcion\u00e1rios que s\u00e3o inimigos do povo, que aderiram ao novo Partido que administra a explora\u00e7\u00e3o. \u00c9 solicitado o processo dos administradores, mas tamb\u00e9m \u00e9 solicitado que se legitime o que \u00e9 administrado: a explora\u00e7\u00e3o.<\/p>\n<p>Por tudo isso, n\u00e3o participaremos da referida consulta. O sentido da nossa propaganda e agita\u00e7\u00e3o nos dias seguintes ser\u00e1 no sentido de que \u00e9 preciso expropriar para processar os inimigos do povo, e punir todos os que participaram e participam como seu operador estatal. Para alcan\u00e7ar aquela justi\u00e7a que vai al\u00e9m da pris\u00e3o de presidentes, e muito al\u00e9m de fingir que ela \u00e9 feita, \u00e9 necess\u00e1rio um Novo Estado, um Estado Oper\u00e1rio. Que somos a favor dos bens mal adquiridos que a burguesia arrebatou sob o manto de tais funcion\u00e1rios, que lhes-sejam extirpados para torn\u00e1-los dispon\u00edveis \u00e0s necessidades da classe trabalhadora e do povo.<\/p>\n<p>Prolet\u00e1rios de todos os pa\u00edses, uni-vos!<\/p>\n<p>O Bureau Pol\u00edtico do Comit\u00ea Central do Partido Comunista do M\u00e9xico<\/p>\n","protected":false},"excerpt":{"rendered":"<a class=\"moretag\" href=\"https:\/\/pcb.org.br\/portal2\/2622\"> <\/a>","protected":false},"author":1,"featured_media":0,"comment_status":"closed","ping_status":"closed","sticky":false,"template":"","format":"standard","meta":{"jetpack_post_was_ever_published":false,"_jetpack_newsletter_access":"","_jetpack_dont_email_post_to_subs":false,"_jetpack_newsletter_tier_id":0,"_jetpack_memberships_contains_paywalled_content":false,"_jetpack_memberships_contains_paid_content":false,"footnotes":"","jetpack_publicize_message":"","jetpack_publicize_feature_enabled":true,"jetpack_social_post_already_shared":true,"jetpack_social_options":{"image_generator_settings":{"template":"highway","default_image_id":0,"font":"","enabled":false},"version":2}},"categories":[85,90],"tags":[233],"class_list":["post-2622","post","type-post","status-publish","format-standard","hentry","category-c98-identidade-visual","category-c103-mexico","tag-6a"],"jetpack_publicize_connections":[],"jetpack_featured_media_url":"","jetpack_shortlink":"https:\/\/wp.me\/p659gw-Gi","jetpack-related-posts":[],"jetpack_likes_enabled":true,"jetpack_sharing_enabled":true,"_links":{"self":[{"href":"https:\/\/pcb.org.br\/portal2\/wp-json\/wp\/v2\/posts\/2622","targetHints":{"allow":["GET"]}}],"collection":[{"href":"https:\/\/pcb.org.br\/portal2\/wp-json\/wp\/v2\/posts"}],"about":[{"href":"https:\/\/pcb.org.br\/portal2\/wp-json\/wp\/v2\/types\/post"}],"author":[{"embeddable":true,"href":"https:\/\/pcb.org.br\/portal2\/wp-json\/wp\/v2\/users\/1"}],"replies":[{"embeddable":true,"href":"https:\/\/pcb.org.br\/portal2\/wp-json\/wp\/v2\/comments?post=2622"}],"version-history":[{"count":1,"href":"https:\/\/pcb.org.br\/portal2\/wp-json\/wp\/v2\/posts\/2622\/revisions"}],"predecessor-version":[{"id":33662,"href":"https:\/\/pcb.org.br\/portal2\/wp-json\/wp\/v2\/posts\/2622\/revisions\/33662"}],"wp:attachment":[{"href":"https:\/\/pcb.org.br\/portal2\/wp-json\/wp\/v2\/media?parent=2622"}],"wp:term":[{"taxonomy":"category","embeddable":true,"href":"https:\/\/pcb.org.br\/portal2\/wp-json\/wp\/v2\/categories?post=2622"},{"taxonomy":"post_tag","embeddable":true,"href":"https:\/\/pcb.org.br\/portal2\/wp-json\/wp\/v2\/tags?post=2622"}],"curies":[{"name":"wp","href":"https:\/\/api.w.org\/{rel}","templated":true}]}}