{"id":26233,"date":"2020-10-03T21:12:15","date_gmt":"2020-10-04T00:12:15","guid":{"rendered":"https:\/\/pcb.org.br\/portal2\/?p=26233"},"modified":"2020-10-09T21:41:31","modified_gmt":"2020-10-10T00:41:31","slug":"nota-politica-do-pcb-de-duque-de-caxias-rj","status":"publish","type":"post","link":"https:\/\/pcb.org.br\/portal2\/26233","title":{"rendered":"Nota Pol\u00edtica do PCB de Duque de Caxias-RJ"},"content":{"rendered":"<p><img decoding=\"async\" class=\"imagem\" title=\"imagem\" src=\"https:\/\/i0.wp.com\/lh3.googleusercontent.com\/pw\/ACtC-3dMgoMZrBD84Lli7k9hRnO_Q6rKC4zgThk8Ka3OjaSinUMQMaKcjv2lXQ71_gbaaoSO1FpNaa8MFrMKWXFG3vRlMXi-rl2NeLOfBLU2Pz7cRM5rdGWgnjnD598JvjRz2GQ_yG7wYzxcQzV83KgS1Uyc=s362-no\" alt=\"imagem\" \/><!--more-->A Dire\u00e7\u00e3o Municipal do PCB de Duque de Caxias &#8211; RJ, a partir das informa\u00e7\u00f5es coletadas em primeiro momento da imprensa burguesa, mas posteriormente verificadas, checadas e acompanhadas via dire\u00e7\u00e3o do PSOL \u2013 Partido Socialismo e Liberdade, e da coordena\u00e7\u00e3o e milit\u00e2ncia da candidatura do companheiro Wesley Teixeira, participando de duas plen\u00e1rias deliberativas em rela\u00e7\u00e3o ao tema e, inclusive, por meio de contatos por telefone com o pr\u00f3prio companheiro Wesley, vem a p\u00fablico para declarar nosso posicionamento sobre a quest\u00e3o do financiamento da campanha por meio de doa\u00e7\u00f5es de figuras importantes e representativas do grande capital financeiro, assim como os principais elementos que o forjaram.<\/p>\n<p>Destacamos que desde o primeiro momento em que passamos a construir a\u00e7\u00f5es em conjunto com o companheiro Wesley, e outros companheiros e companheiras que hoje s\u00e3o apoiadores da sua candidatura, sempre mantivemos um excelente di\u00e1logo program\u00e1tico e um conjunto de a\u00e7\u00f5es concretas, como por exemplo a recente luta para prestar assist\u00eancia a trabalhadores e trabalhadoras severamente impactadas pela pandemia do Coronav\u00edrus em nossa cidade, mas tamb\u00e9m com sua corrente pol\u00edtica, a Insurg\u00eancia, corrente interna do PSOL da qual o companheiro anunciou seu desligamento na plen\u00e1ria de 01 de outubro deste ano.<\/p>\n<p>Neste sentido, nossa decis\u00e3o de apoiar e participar da constru\u00e7\u00e3o da candidatura do companheiro Wesley, se deu num cen\u00e1rio de constru\u00e7\u00e3o destas lutas conjuntas, que para al\u00e9m da assist\u00eancia durante a pandemia, passaram por a\u00e7\u00f5es junto ao movimento comunit\u00e1rio e popular, lutas no campo da educa\u00e7\u00e3o e no movimento sindical, nesta \u00faltima, principalmente pela atua\u00e7\u00e3o de nossos camaradas da Unidade Classista.<\/p>\n<p>Nestes di\u00e1logos, sempre destacamos a necessidade da constru\u00e7\u00e3o de um campo de organiza\u00e7\u00f5es, militantes e lutadores e lutadoras sociais no enfrentamento \u00e0s elites, sejam elas locais, estaduais ou nacionais, e em defesa da luta da classe trabalhadora, da popula\u00e7\u00e3o negra, das mulheres, das pessoas LGBTI e da popula\u00e7\u00e3o mais pobre, precarizada e vulnerabilizada, uma pauta que extrapola nosso munic\u00edpio e que vai al\u00e9m do calend\u00e1rio eleitoral, ou seja, uma frente permanente que busque construir uma alternativa real de poder, de car\u00e1ter classista e anticapitalista. Neste caso, sempre destacamos que as elei\u00e7\u00f5es s\u00e3o apenas um momento desta constru\u00e7\u00e3o.<\/p>\n<p>No interim da constru\u00e7\u00e3o da candidatura do companheiro Wesley Teixeira, participamos de diversas reuni\u00f5es de delibera\u00e7\u00e3o e organiza\u00e7\u00e3o da candidatura, presencialmente, ou por meios virtuais, sem espa\u00e7o privilegiado, discutindo lado a lado com militantes de coletivos pol\u00edticos de movimentos diversos (com destaque especial ao protagonismo dos movimentos negro e comunit\u00e1rio) e in\u00fameros lutadores e apoiadoras independentes, o que nunca foi um problema pra n\u00f3s, pois nosso interesse expresso sempre foi contribuir e fortalecer a luta coletiva j\u00e1 iniciada, inclusive, antes de nossa pr\u00f3pria reorganiza\u00e7\u00e3o na cidade. Ou seja, nunca tivemos ou buscamos qualquer tipo de \u201chegemonismo\u201d, ou de inger\u00eancia sobre a candidatura.<\/p>\n<p>No entanto, sabemos que em nenhuma das reuni\u00f5es em que participamos foi sequer mencionado o fato de que seriam pedidas doa\u00e7\u00f5es a figuras do grande capital, mesmo que efetivadas por pessoas f\u00edsicas, ou que fosse de conhecimento coletivo do conjunto de pessoas e organiza\u00e7\u00f5es que participavam da constru\u00e7\u00e3o da candidatura. At\u00e9 onde sabemos, isso foi uma articula\u00e7\u00e3o feita a partir de iniciativas de algumas figuras importantes do movimento negro, do movimento de direitos humanos, juntamente com o candidato e seu operativo pol\u00edtico.<\/p>\n<p>Dito isto, queremos fraternamente, mas de forma franca, explicitar nossa posi\u00e7\u00e3o pol\u00edtica em rela\u00e7\u00e3o \u00e0 decis\u00e3o da candidatura de n\u00e3o devolver as doa\u00e7\u00f5es feita por representantes do grande capital, divergente da posi\u00e7\u00e3o defendida firmemente por n\u00f3s do PCB e pela Insurg\u00eancia, doa\u00e7\u00f5es estas efetivadas por pessoas como Arm\u00ednio Fraga (ex-presidente do Banco Central no segundo mandato de Fernando Henrique Cardoso e grande &#8220;investidor internacional&#8221;), Neca Set\u00fabal (soci\u00f3loga e banqueira herdeira de Olavo Set\u00fabal, respons\u00e1vel pelo crescimento e expans\u00e3o do Banco Ita\u00fa ) e da fam\u00edlia Moreira Salles (considerada a fam\u00edlia mais rica em nosso pa\u00eds, detentora de um &#8220;imp\u00e9rio&#8221; que vai da metalurgia ao sistema financeiro, com destaque para participa\u00e7\u00e3o no Ita\u00fa Holding, no grupo Ita\u00fa Unibanco Participa\u00e7\u00f5es e na Cia. Brasileira de Metalurgia &amp; Minera\u00e7\u00e3o).<\/p>\n<p>De acordo com nossos princ\u00edpios program\u00e1ticos e resolu\u00e7\u00f5es aprovadas em congresso nacional (com a participa\u00e7\u00e3o de centenas de delegados e delegadas eleitos nos nossos congressos de bases, congressos municipais e estaduais), temos definido como pressuposto intransigente, como ponto de partida inegoci\u00e1vel, n\u00e3o aceitar qualquer forma de financiamento de nossas a\u00e7\u00f5es atrav\u00e9s de doa\u00e7\u00f5es efetuadas por nossos INIMIGOS DE CLASSE, sejam estas doa\u00e7\u00f5es feitas por empresas, organiza\u00e7\u00f5es n\u00e3o governamentais , ou mesmo entidades supostamente filantr\u00f3picas financiadas por estes setores. O mesmo vale para qualquer forma de doa\u00e7\u00e3o feita pelos setores da classe exploradora mesmo que atrav\u00e9s de doa\u00e7\u00f5es de pessoas f\u00edsicas.<br \/>\nN\u00e3o \u00e9 um mero acaso a defini\u00e7\u00e3o deste princ\u00edpio. Entendemos que qualquer uma destas pr\u00e1ticas comprometeria nossa independ\u00eancia e autonomia de classe, ou, no m\u00ednimo, levantariam d\u00favidas e suspeitas dentre aqueles e aquelas que de fato nos interessam estrategicamente: a classe trabalhadora e os setores organizados em luta contra a sociedade capitalista e sua casta exploradora.<\/p>\n<p>Por isso, julgamos um grave erro do companheiro Wesley, bem como dos companheiros e companheiras que constru\u00edram esta decis\u00e3o, n\u00e3o devolver os recursos doados por estas pessoas que n\u00e3o s\u00f3 fazem parte da classe dominante em nosso pa\u00eds, como tiveram (e ainda t\u00eam) um papel de destaque em in\u00fameros processos de ataques \u00e0 classe trabalhadora, a garantias fundamentais da popula\u00e7\u00e3o mais pobre, tais como a implementa\u00e7\u00e3o efetiva da Autonomia do Banco Central ( o que garantiu o controle do Mercado sobre as pol\u00edticas monet\u00e1rias do pa\u00eds desde os governos FHC), a Lei de Responsabilidade Fiscal ( que n\u00e3o passa de lei de responsabilidade com os capitalistas do capital banc\u00e1rio e financeiro), al\u00e9m da dilapida\u00e7\u00e3o do patrim\u00f4nio nacional por meio de in\u00fameras privatiza\u00e7\u00f5es.<\/p>\n<p>Por entender que a decis\u00e3o da candidatura fere um princ\u00edpio inegoci\u00e1vel dos comunistas brasileiros, declaramos a retirada do nosso apoio \u00e0 candidatura do companheiro Wesley Teixeira, bem como nossa retirada do espa\u00e7o de coordena\u00e7\u00e3o da candidatura.<\/p>\n<p>Al\u00e9m disto, reafirmamos que nosso interesse n\u00e3o \u00e9 abrir qualquer esp\u00e9cie de \u201cfogo amigo\u201d, tentar prejudicar sua poss\u00edvel elei\u00e7\u00e3o, ou mesmo se locupletar de um poss\u00edvel desgaste que a decis\u00e3o da candidatura possa acarretar, mas sim reafirmar que a luta que iniciamos conjuntamente, e que neste momento seguir\u00e1 por caminhos diferentes, tem nas elei\u00e7\u00f5es burguesas apenas um pequeno momento, porque, para n\u00f3s, os espa\u00e7os priorit\u00e1rio das lutas concretas, s\u00e3o as ruas, nossos bairros, locais de trabalho, escolas e nas a\u00e7\u00f5es dos movimentos organizados. \u00c9 nestes espa\u00e7os que acreditamos que, invariavelmente, comunistas, socialistas e militantes revolucion\u00e1rios de toda esp\u00e9cie sempre se encontrar\u00e3o para construir, debater e expressar converg\u00eancias e diverg\u00eancias pol\u00edticas, sempre buscando respeitar princ\u00edpios como camaradagem, lealdade e franqueza, para al\u00e9m de poss\u00edveis espa\u00e7os na luta institucional.<br \/>\nRespeitamos muitos dos companheiros e companheiras que seguir\u00e3o na constru\u00e7\u00e3o da Candidatura Wesley Teixeira, assim como o pr\u00f3prio companheiro Wesley e lhes desejamos sorte, apesar da decis\u00e3o extremamente equivocada de acordo com nosso julgamento.<\/p>\n<p>Por fim, reafirmamos nosso compromisso com a constru\u00e7\u00e3o da campanha das companheiras Ivanete Silva e Michelly de Souza do PSOL \u00e0 prefeitura do munic\u00edpio de Duque de Caxias (RJ), as quais se posicionaram firmemente contra o recebimento e aceita\u00e7\u00e3o de doa\u00e7\u00f5es de qualquer que seja o representante dos nossos inimigos de classe, al\u00e9m de estarem construindo uma campanha program\u00e1tica, de firmeza de princ\u00edpios e centrada nas contradi\u00e7\u00f5es da luta de classes, conforme elas se manifestam em nossa cidade.<\/p>\n<p>Por uma sociedade livre de qualquer forma de explora\u00e7\u00e3o, domina\u00e7\u00e3o ou discrimina\u00e7\u00e3o, seja ela sexual, de g\u00eanero, \u00e9tnica, racial, religiosa, cultural ou regional.<\/p>\n<p>Pela Constru\u00e7\u00e3o do Poder Popular e de uma Sociedade Socialista!<\/p>\n<p>Por Transforma\u00e7\u00f5es Radicais em Duque de Caxias!<\/p>\n<p>Partido Comunista Brasileiro<br \/>\nDire\u00e7\u00e3o Municipal de Duque de Caxias \u2013 RJ.<\/p>\n<p>Duque de Caxias, 02 de outubro de 2020<\/p>\n","protected":false},"excerpt":{"rendered":"<a class=\"moretag\" href=\"https:\/\/pcb.org.br\/portal2\/26233\"> <\/a>","protected":false},"author":1,"featured_media":0,"comment_status":"closed","ping_status":"closed","sticky":false,"template":"","format":"standard","meta":{"jetpack_post_was_ever_published":false,"_jetpack_newsletter_access":"","_jetpack_dont_email_post_to_subs":false,"_jetpack_newsletter_tier_id":0,"_jetpack_memberships_contains_paywalled_content":false,"_jetpack_memberships_contains_paid_content":false,"footnotes":"","jetpack_publicize_message":"","jetpack_publicize_feature_enabled":true,"jetpack_social_post_already_shared":true,"jetpack_social_options":{"image_generator_settings":{"template":"highway","default_image_id":0,"font":"","enabled":false},"version":2}},"categories":[26],"tags":[223,246],"class_list":["post-26233","post","type-post","status-publish","format-standard","hentry","category-c25-notas-politicas-do-pcb","tag-3a","tag-np"],"jetpack_publicize_connections":[],"jetpack_featured_media_url":"","jetpack_shortlink":"https:\/\/wp.me\/p659gw-6P7","jetpack-related-posts":[],"jetpack_likes_enabled":true,"jetpack_sharing_enabled":true,"_links":{"self":[{"href":"https:\/\/pcb.org.br\/portal2\/wp-json\/wp\/v2\/posts\/26233","targetHints":{"allow":["GET"]}}],"collection":[{"href":"https:\/\/pcb.org.br\/portal2\/wp-json\/wp\/v2\/posts"}],"about":[{"href":"https:\/\/pcb.org.br\/portal2\/wp-json\/wp\/v2\/types\/post"}],"author":[{"embeddable":true,"href":"https:\/\/pcb.org.br\/portal2\/wp-json\/wp\/v2\/users\/1"}],"replies":[{"embeddable":true,"href":"https:\/\/pcb.org.br\/portal2\/wp-json\/wp\/v2\/comments?post=26233"}],"version-history":[{"count":0,"href":"https:\/\/pcb.org.br\/portal2\/wp-json\/wp\/v2\/posts\/26233\/revisions"}],"wp:attachment":[{"href":"https:\/\/pcb.org.br\/portal2\/wp-json\/wp\/v2\/media?parent=26233"}],"wp:term":[{"taxonomy":"category","embeddable":true,"href":"https:\/\/pcb.org.br\/portal2\/wp-json\/wp\/v2\/categories?post=26233"},{"taxonomy":"post_tag","embeddable":true,"href":"https:\/\/pcb.org.br\/portal2\/wp-json\/wp\/v2\/tags?post=26233"}],"curies":[{"name":"wp","href":"https:\/\/api.w.org\/{rel}","templated":true}]}}