{"id":26279,"date":"2020-10-11T08:03:25","date_gmt":"2020-10-11T11:03:25","guid":{"rendered":"https:\/\/pcb.org.br\/portal2\/?p=26279"},"modified":"2020-10-11T08:03:25","modified_gmt":"2020-10-11T11:03:25","slug":"bolsonaro-e-a-nova-face-do-fascismo","status":"publish","type":"post","link":"https:\/\/pcb.org.br\/portal2\/26279","title":{"rendered":"Bolsonaro e a nova face do fascismo"},"content":{"rendered":"<p><img decoding=\"async\" class=\"imagem\" title=\"imagem\" src=\"https:\/\/i0.wp.com\/cloudfront.crimethinc.com\/assets\/articles\/2018\/10\/29\/6.jpg\" alt=\"imagem\" \/><!--more-->Edmilson Costa &#8211; Secret\u00e1rio Geral do PCB<\/p>\n<p>O debate sobre a emerg\u00eancia do fascismo em v\u00e1rias partes do mundo \u00e9 um tema que est\u00e1 na ordem do dia, especialmente ap\u00f3s a crise sist\u00eamica global que emergiu em 2008. Em per\u00edodos hist\u00f3ricos anteriores, o imperialismo tamb\u00e9m apoiou regimes de car\u00e1ter fascista, como Franco na Espanha, Salazar em Portugal, bem como ditaduras sanguin\u00e1rias, a exemplo de Somoza na Nicar\u00e1gua, Papa Doc no Haiti, Mobutu no Congo ou os golpes militares na Am\u00e9rica Latina. Mas o grande capital sempre procurou dissimular esses apoios em nome do mundo livre, contra a amea\u00e7a do comunismo. Com a queda da Uni\u00e3o Sovi\u00e9tica esse discurso ficou enfraquecido. No entanto, desesperados diante da crise mundial, que j\u00e1 castiga o sistema capitalista h\u00e1 12 anos, sem que seus operadores encontrem uma sa\u00edda para retomar o crescimento econ\u00f4mico, as classes dominantes mundiais resolveram radicalizar o discurso e a a\u00e7\u00e3o, deixar de lado as apar\u00eancias e tirar a m\u00e1scara de uma vez por todas. Agora vale tudo para sair da crise e restabelecer o dom\u00ednio do capital: n\u00e3o s\u00f3 o apoio aos governos reacion\u00e1rios, de extrema-direita, ou declaradamente fascistas, bem como a alian\u00e7a com bandos fascistas organizados em v\u00e1rias partes do mundo.<\/p>\n<p>J\u00e1 n\u00e3o fazem mais quest\u00e3o de dissimular a sua pol\u00edtica: pelo contr\u00e1rio, nessa fase de decad\u00eancia do imperialismo (como todas as fases decadentes dos imp\u00e9rios), seus operadores org\u00e2nicos est\u00e3o construindo um novo discurso anticomunista muito mais amplo que no passado, sintetizado na luta contra o chamado \u201cmarxismo cultural\u201d e na defesa radical do individualismo. Eles agora n\u00e3o veem apenas os comunistas como seus inimigos, mas todos aqueles que se contrap\u00f5em aos seus objetivos, como os movimentos democr\u00e1ticos, o movimento sindical, o movimento juvenil, as organiza\u00e7\u00f5es das mulheres, as organiza\u00e7\u00f5es multilaterais criadas ap\u00f3s a Segunda Guerra Mundial, a ci\u00eancia e a universidade, a cultura e inclusive a pr\u00f3pria democracia formal. Assumem abertamente uma postura obscurantista, como a nega\u00e7\u00e3o da ci\u00eancia, na defesa de temas muitas vezes j\u00e1 superados pelo Renascimento e mesclam velhas f\u00f3rmulas populistas com o que h\u00e1 de mais sofisticado nas tecnologias da informa\u00e7\u00e3o, buscando arregimentar as massas para suas propostas.<\/p>\n<p>Portanto, a ideologia fascista, quer disseminada, quer claramente aberta, em v\u00e1rias partes do mundo, \u00e9 resultado do desespero de uma classe dominante mundial assustada porque n\u00e3o consegue resolver rapidamente a crise como no passado. Os fascistas do s\u00e9culo XXI muitas vezes s\u00e3o caricatos como Mussolini e Hitler, mas incorporaram todo o arsenal das tecnologias da informa\u00e7\u00e3o. Como seus l\u00edderes do passado, eles tamb\u00e9m gostam de pregar a liberdade individual, defender a religi\u00e3o, os valores conservadores, ter a luta contra a corrup\u00e7\u00e3o como uma de suas principais plataformas ou mesmo se mostrar antissist\u00eamicos. Isso \u00e9 apenas uma parte da narrativa. Os novos movimentos fascistas representam muito mais que isso: eles querem mesmo \u00e9 restabelecer o poder dos setores mais reacion\u00e1rios das classes dominantes globais. Apesar das apar\u00eancias e das fanfarronices de muitos desses l\u00edderes, as equipes que est\u00e3o por tr\u00e1s dessa nova estrat\u00e9gia s\u00e3o muito sofisticadas e sabem perfeitamente onde querem chegar. Recentemente, com a emerg\u00eancia da nova crise sist\u00eamica e da crise sanit\u00e1ria, al\u00e9m das perspectivas de dificuldades no futuro, eles intensificam o discurso do \u00f3dio, da intimida\u00e7\u00e3o, da viol\u00eancia e das pol\u00edticas regressivas contra os trabalhadores.<\/p>\n<p>Como todos os movimentos fascistas, eles surgem nos momentos de crise aguda do capitalismo. Nos momentos de calmaria e elevadas taxas de lucro, os fascistas desaparecem porque, para os capitalistas, perdem a raz\u00e3o de existir como movimento real capaz de influir na sociedade. Mas nas \u00e9pocas de crise representam a tropa de choque capaz de garantir a lei e a ordem, como os salvadores da p\u00e1tria em condi\u00e7\u00f5es de restabelecer a normalidade, disciplinar os trabalhadores e o movimento sindical, a esquerda em geral e os comunistas em particular. Nesses per\u00edodos de incertezas e turbul\u00eancias sociais, onde grande parte da popula\u00e7\u00e3o est\u00e1 descrente com a velha pol\u00edtica, com a corrup\u00e7\u00e3o, com os desmandos governamentais, com os pol\u00edticos em geral, ou seja, quando a velha ordem liberal est\u00e1 em questionamento, o velho est\u00e1 morrendo e o novo ainda n\u00e3o nasceu, como diria Gramsci, ent\u00e3o eles aparecem como a salva\u00e7\u00e3o para a pequena burguesia assustada e empobrecida, para os trabalhadores desesperados diante da inseguran\u00e7a e do desemprego e para o lumpesinato inconsequente e oportunista disposto a se aliar a quem pagar mais. S\u00e3o perfeitamente funcionais para a burguesia mundial assustada diante da crise.<\/p>\n<p>No Brasil, mas tamb\u00e9m em v\u00e1rias partes do mundo, os movimentos fascistas ganharam um aliado especial: a maioria das igrejas pentecostais, que cresceram e se desenvolveram com seus l\u00edderes espertamente pregando a teoria da prosperidade, a partir da qual o sucesso na vida depende do esfor\u00e7o individual e da f\u00e9 de cada pessoa. Trata-se de um discurso que, nesses tempos de crise, tem sido capaz de ganhar vastas parcelas da popula\u00e7\u00e3o pobre, angustiada diante das dificuldades da vida cotidiana. E se encaixam como uma luva no discurso fascista. Essas igrejas, em sua maior parte s\u00e3o dirigidas por pastores inescrupulosos, que prometem curas milagrosas e a melhoria na vida da popula\u00e7\u00e3o. Mesmo que nada disso tenha ader\u00eancia \u00e0 realidade, esses personagens ganharam autoridade e poder sobre essa popula\u00e7\u00e3o desesperada, tanto que suas recomenda\u00e7\u00f5es se transformam em ordem unida para os seus fi\u00e9is. Da mesma forma que os fascistas, eles tamb\u00e9m buscam consolidar na popula\u00e7\u00e3o pobre os preconceitos, o senso comum, os valores conservadores, o negacionismo em rela\u00e7\u00e3o \u00e0 ci\u00eancia, o que tem transformado a maior parte dos evang\u00e9licos em massa de manobra dos seus pastores tanto nas quest\u00f5es eleitorais quanto no engajamento dos temas levantados pelos fascistas.<\/p>\n<p>A m\u00e1quina de fake news<\/p>\n<p>Um dos pontos fundamentais da nova face do fascismo \u00e9 sua m\u00e1quina de comunica\u00e7\u00e3o, tanto nos meios de comunica\u00e7\u00e3o tradicionais, mas principalmente nas redes sociais, onde constru\u00edram uma estrutura muito bem articulada de informa\u00e7\u00e3o e desinforma\u00e7\u00e3o, a partir da qual eles envenenam a popula\u00e7\u00e3o, incentivam o discurso do \u00f3dio, refor\u00e7am o senso comum e as pautas mais conservadoras e, especialmente, espalham permanentemente not\u00edcias falsas para criar confus\u00e3o, incerteza, o caos, a desorienta\u00e7\u00e3o e manipular a popula\u00e7\u00e3o. Para atingir seus objetivos, os fascistas n\u00e3o t\u00eam escr\u00fapulos: utilizam dos m\u00e9todos mais abjetos para desmontar e destruir a raz\u00e3o e consolidar a irracionalidade e a coer\u00eancia, naturalizar qualquer tipo de aberra\u00e7\u00e3o e mentira, tudo isso para fanatizar, atrav\u00e9s do \u00f3dio, largas parcelas da popula\u00e7\u00e3o contra inimigos meticulosamente selecionados, principalmente a esquerda, os dirigentes sindicais e pol\u00edticos e os comunistas em particular. Nessa investida os fascistas apostam na manipula\u00e7\u00e3o das comunica\u00e7\u00f5es, na mentira como principal arma para atingir seus objetivos.<\/p>\n<p>Para tanto, contam com uma m\u00e1quina de comunica\u00e7\u00e3o profissional muito bem organizada, com divis\u00e3o de trabalho e financiada pelos empres\u00e1rios ligados a esses movimentos. Eles se apropriaram das mais modernas t\u00e9cnicas de comunica\u00e7\u00e3o, manipula\u00e7\u00e3o dos algoritmos de \u00faltima gera\u00e7\u00e3o e possuem milhares de rob\u00f4s telem\u00e1ticos para potencializar e impulsionar suas mensagens. Contam ainda com grupos permanentes e especializados de produtores de conte\u00fado, regiamente remunerados, para produzir diariamente informa\u00e7\u00e3o, v\u00eddeos, memes e fake news. Eles escolhem diariamente os temas e alvos preferidos, como se fosse uma reuni\u00e3o de pauta do jornalismo, e produzem as mat\u00e9rias tanto favor\u00e1veis aos governos que dirigem ou apoiam quanto contra os inimigos meticulosamente selecionados. Outra equipe se encarrega da organiza\u00e7\u00e3o da rede de militantes nas administra\u00e7\u00f5es municipais, estaduais e federal, onde t\u00eam influ\u00eancia e nos gabinetes dos seus parlamentares. Esses grupos repassam as informa\u00e7\u00f5es para outros grupos de simpatizantes organizados em n\u00facleos digitais que as disseminam pela rede, criando assim uma onda de agita\u00e7\u00e3o e propaganda permanente e uma milit\u00e2ncia volunt\u00e1ria e fanatizada disposta a realizar todo tipo de tarefa em nome da causa.<\/p>\n<p>Em outras palavras, os l\u00edderes desses movimentos podem ser toscos e caricatos, mas a estrutura por tr\u00e1s deles \u00e9 muito profissional e organizada. Promovem cursos de especializa\u00e7\u00e3o no Brasil e no exterior para seus quadros mais engajados, estabelecem divis\u00e3o, controle e responsabilidades para cada tarefa. Conseguiram construir uma poderosa m\u00e1quina de comunica\u00e7\u00e3o, tanto na m\u00eddia tradicional quanto paralela, com enorme influ\u00eancia que pode atingir diariamente at\u00e9 60 milh\u00f5es de pessoas no Brasil, segundo c\u00e1lculos de especialistas nessa \u00e1rea. O poder mundial dessa rede heterodoxa foi demonstrado com muita efici\u00eancia nas elei\u00e7\u00f5es de Trump, nos Estados Unidos, e de Bolsonaro, no Brasil. Eles seguem o manual de orienta\u00e7\u00e3o de Gene Sharp, um estrategista da guerra h\u00edbrida, e dos operadores nos Estados Unidos Steve Bannon e Andrew Breitbart. Os dois foram respons\u00e1veis pelo site direitista norte-americano Breitbart News, com grande influ\u00eancia no movimento da nova direita dos Estados Unidos e que teve papel importante na \u00faltima elei\u00e7\u00e3o de Trump, tanto que Bannon foi convocado pelo pr\u00f3prio Trump para ocupar um dos postos chaves em seu governo.<\/p>\n<p>A t\u00e1tica utilizada por essa mil\u00edcia digital no Brasil tamb\u00e9m \u00e9 muito sofisticada e incorpora elemento da mais avan\u00e7ada tecnologia digital, da psicologia de massas, misturando not\u00edcias falsas e verdadeiras (para ampliar a confus\u00e3o), a dissemina\u00e7\u00e3o do \u00f3dio \u00e0 esquerda e aos comunistas, as velhas t\u00e9cnicas fascistas adaptadas aos novos tempos, como a utiliza\u00e7\u00e3o de s\u00edmbolos e mensagens patri\u00f3ticas, o refor\u00e7o de preconceitos, da moral e dos bons costumes arraigados junto \u00e0 popula\u00e7\u00e3o desinformada, a luta contra a corrup\u00e7\u00e3o e a religiosidade popular. Mas o forte mesmo dessa mil\u00edcia sem qualquer escr\u00fapulo s\u00e3o as not\u00edcias falsas (fake news), atrav\u00e9s das quais buscam desmoralizar e criar uma imagem negativa dos advers\u00e1rios, incentivar a xenofobia, a misoginia e os preconceitos contra os pobres, nordestinos, negros, ind\u00edgenas, quilombolas e a juventude perif\u00e9rica. Com a confus\u00e3o e o caos desorientam at\u00e9 mesmo as v\u00edtimas de seus preconceitos e arregimentam largos setores da popula\u00e7\u00e3o para suas plataformas, como aconteceu recentemente nas elei\u00e7\u00f5es no Brasil. Basta lembrar o efeito catastr\u00f3fico que as fake news tipo mamadeira de piroca e kit gay causaram na \u00faltima elei\u00e7\u00e3o presidencial.<\/p>\n<p>Essa mil\u00edcia digital fascista opera de duas formas: a) atua clandestinamente, produzindo as fakes news e dissemina as informa\u00e7\u00f5es atrav\u00e9s de perfis e p\u00e1ginas falsas na internet, a partir de vastos recursos de empresas e simpatizantes que as alimentam por fora dos canais institucionais e jur\u00eddicos de financiamento, de forma a escapar da legisla\u00e7\u00e3o, o que lhe permite a esses perfis falsos impulsionar e melhorar a dissemina\u00e7\u00e3o desses conte\u00fados; b) opera legalmente atrav\u00e9s de sites, blogs e p\u00e1ginas de blogueiros e simpatizantes direitistas nas redes sociais, que reproduzem as principais mensagens elaboradas pelos produtores de conte\u00fado clandestinos e as misturam com coment\u00e1rios sobre not\u00edcias reais sempre do ponto de vista conservador. Uma boa parte dessa rede encontra-se agora incrustada no Pal\u00e1cio do Planalto, naquele espa\u00e7o que se tornou conhecido como gabinete do \u00f3dio. Um dado importante a se constatar \u00e9 que muitas dessas p\u00e1ginas legalizadas chegam a alcan\u00e7ar milhares ou milh\u00f5es de seguidores e conseguem, inclusive, se monetizar e receber expressiva soma de recursos financeiros legais, tanto do governo quanto das empresas privadas, dada a pol\u00edtica de monetiza\u00e7\u00e3o das principais plataformas digitais.<\/p>\n<p>Fascismo e trabalho sujo para a burguesia<\/p>\n<p>Atualmente, quem s\u00e3o essas figuras pol\u00edticas da nova fase da ofensiva do grande capital? Eles podem ser figuras toscas como Jair Bolsonaro no Brasil, Orban, na Hungria, os bandos fascistas da Pra\u00e7a Maidam, podem ser ainda executivos de grandes corpora\u00e7\u00f5es transnacionais, como Elon Musk, ministros como Paulo Guedes ou agitadores nas redes sociais como Steve Bannon. Em termos concretos, s\u00e3o apenas agentes dos interesses das classes dominantes que se disp\u00f5em a fazer o trabalho sujo para o grande capital e, especialmente, para os especuladores internacionais e nacionais. Qual o sentido desse fascismo moderno? O objetivo do fascismo atual, que tem no ultra-neoliberalismo atual ou fascismo de mercado uma de suas faces, \u00e9 o enquadramento, a disciplina e o aumento da explora\u00e7\u00e3o dos trabalhadores, a destrui\u00e7\u00e3o dos \u00f3rg\u00e3os de representa\u00e7\u00e3o do proletariado e da juventude, a aliena\u00e7\u00e3o da maioria da popula\u00e7\u00e3o, de forma que a burguesia possa sair da crise colocando todo o \u00f4nus na conta dos trabalhadores, retomar as taxas de lucro e restaurar a ordem capitalista. Os fanfarr\u00f5es que se encontram nos governos s\u00e3o personagens menores, que recebem apenas migalhas em troca do servi\u00e7o sujo que realizam. Os grandes lucros ficar\u00e3o sempre com as classes dominantes. Depois esses personagens podem ser descartados e at\u00e9 humilhados ou presos por quem os colocou no poder, isto se n\u00e3o forem justi\u00e7ados pelo povo como ocorreu no passado.<\/p>\n<p>Nessa ofensiva desesperada para sair da crise, o grande capital vem combinando tamb\u00e9m duas t\u00e1ticas principais: a) realiza uma ofensiva mundial para impor a agenda neoliberal em praticamente todos os pa\u00edses subordinados ou aliados da economia l\u00edder, visando estabilizar a economia, retomar o crescimento econ\u00f4mico, restabelecer as taxas de lucro e construir uma nova ordem econ\u00f4mica internacional baseada no poder do setor mais parasit\u00e1rio da oligarquia financeira internacional; b) se aliam ou nomeiam para os governos tanto dos pa\u00edses centrais quanto da periferia l\u00edderes populistas, oportunistas ou fascistas para realizar o trabalho sujo contra os trabalhadores, a juventude e a popula\u00e7\u00e3o pobre, desmantelar as conquistas sociais duramente conquistadas no passado, as regulamenta\u00e7\u00f5es institucionais, bem como desmontar o Estado como regulador e indutor do crescimento econ\u00f4mico, de forma a que possam avan\u00e7ar mais facilmente sobre o fundo p\u00fablico.<\/p>\n<p>Em termos concretos, quais as principais medidas das pol\u00edticas neoliberais que est\u00e3o sendo implementadas e quais os argumentos para justific\u00e1-las? Os neoliberais costumam argumentar que os Estados est\u00e3o quebrados financeiramente, que os custos com os funcion\u00e1rios e com os gastos sociais e previdenci\u00e1rios s\u00e3o muito elevados. Que as regulamenta\u00e7\u00f5es distorcem as leis do mercado, estabelecem privil\u00e9gios e que a interven\u00e7\u00e3o do Estado na economia impede que o mercado possa alocar de forma mais racional e eficiente os investimentos. Numa situa\u00e7\u00e3o dessa ordem, segundo os neoliberais, \u00e9 necess\u00e1rio reformular o papel do Estado e acabar com os d\u00e9ficits e descontroles das finan\u00e7as p\u00fablicas porque, do contr\u00e1rio, a infla\u00e7\u00e3o explodir\u00e1 e desorganizar\u00e1 a economia. \u00c9 fundamental ainda a retirada do Estado da economia, tanto como indutor do crescimento econ\u00f4mico quanto como regulador dos direitos sociais, bem como \u00e9 necess\u00e1ria uma forte pol\u00edtica de privatiza\u00e7\u00f5es do patrim\u00f4nio p\u00fablico, com a venda das empresas para a iniciativa privada, que \u00e9 mais racional e eficiente.<\/p>\n<p>A partir desses pressupostos, defendem a necessidade da austeridade fiscal, mediante um conjunto de leis e regulamentos que impe\u00e7am os governantes de gastar al\u00e9m do que for arrecadado (no Brasil, a lei do teto dos gastos), al\u00e9m do enxugamento da m\u00e1quina p\u00fablica, com a demiss\u00e3o de funcion\u00e1rios, redu\u00e7\u00e3o de sal\u00e1rios e precariza\u00e7\u00e3o de direitos. Isso deve ser realizado mediante um conjunto de reforma nas quais se destacam: a reforma da previd\u00eancia, que dever\u00e1 aumentar a idade de aposentadoria das pessoas e reduzir os custos para o Estado, de prefer\u00eancia que as pessoas fa\u00e7am uma poupan\u00e7a para a pr\u00f3pria aposentadoria; a redu\u00e7\u00e3o dos gastos sociais, especialmente aqueles ligados a pol\u00edticas universais que possam ser entendidos pela popula\u00e7\u00e3o como direitos conquistados; reforma administrativa, com quebra da estabilidade, redu\u00e7\u00e3o de sal\u00e1rios e transforma\u00e7\u00e3o da m\u00e1quina p\u00fablica num instrumento a servi\u00e7o das oligarquias. Para a \u00e1rea privada da economia, \u00e9 fundamental a desregulamenta\u00e7\u00e3o da economia, especialmente, para o setor financeiro, e a reforma trabalhista, com a liquida\u00e7\u00e3o dos direitos e garantias, desest\u00edmulo \u00e0 atividade sindical e um conjunto de regras para quebrar a solidariedade no ch\u00e3o da empresa.<\/p>\n<p>Em outras palavras, as pol\u00edticas neoliberais imp\u00f5em uma ordem econ\u00f4mica regressiva, com aumento da taxa de lucro dos capitalistas e a concentra\u00e7\u00e3o da riqueza, contra\u00e7\u00e3o da massa de sal\u00e1rios, aumento da pobreza, da precariza\u00e7\u00e3o das condi\u00e7\u00f5es de trabalho e da mis\u00e9ria dos setores mais pobres da popula\u00e7\u00e3o. Como eles sabem que essas pol\u00edticas significam uma declara\u00e7\u00e3o de guerra contra os trabalhadores e que poder\u00e1 haver forte resist\u00eancia popular, torna-se tamb\u00e9m fundamental restringir as liberdades p\u00fablicas e criminalizar os movimentos sociais. Est\u00e1 assim aberto o caminho para a repress\u00e3o aberta contra os trabalhadores, os movimentos grevistas e as manifesta\u00e7\u00f5es nas ruas. Em muitos casos, quando essas manifesta\u00e7\u00f5es fogem do controle, os governos recorrem a bandos fascistas para agredir dirigentes sindicais e pol\u00edticos, espalhar o terror nas mobiliza\u00e7\u00f5es populares e perseguir a esquerda em geral. Por isso, estamos observando cotidianamente uma incompatibilidade cada vez maior entre o neoliberalismo e a democracia formal, bem como as constantes restri\u00e7\u00f5es aos direitos de organiza\u00e7\u00e3o, mobiliza\u00e7\u00e3o e greve. O capitalismo, nessa fase atual de decad\u00eancia, j\u00e1 n\u00e3o consegue mais conviver com a pr\u00f3pria legisla\u00e7\u00e3o que ele criou, sob press\u00e3o dos hist\u00f3ricos movimentos da classe trabalhadora.<\/p>\n<p>Uma agenda para derrotar o fascismo<\/p>\n<p>Antes de tudo, \u00e9 necess\u00e1rio compreender o sentido dessa conjuntura. Apelar para o fascismo n\u00e3o significa que o grande capital esteja mais forte: pelo contr\u00e1rio, representa um prova concreta da gravidade da crise e da grande decad\u00eancia do capitalismo. Se o sistema estivesse forte, como em momentos anteriores, quando exercia sua hegemonia com o consenso da grande maioria da popula\u00e7\u00e3o, n\u00e3o era necess\u00e1rio romper com os pr\u00f3prios postulados institucionais que lhe proporcionavam legitimidade. A alian\u00e7a aberta com o fascismo \u00e9 prova do desespero das classes dominantes globais e da decad\u00eancia cada vez maior do sistema imperialista mundial, bem como do medo dos levantes sociais e do socialismo, um fantasma permanente que perturba cora\u00e7\u00f5es e mentes dos capitalistas.<\/p>\n<p>O apelo permanente a not\u00edcias falsas demonstra tamb\u00e9m que nessa fase as classes dominantes s\u00f3 conseguem se impor mediante as fake news, um recurso desesperado de quem n\u00e3o tem mais nada a oferecer \u00e0 humanidade a n\u00e3o ser a falsifica\u00e7\u00e3o permanente da realidade. As duas crises que se abatem sobre o sistema capitalista (a sanit\u00e1ria e a crise sist\u00eamica) podem ter consequ\u00eancias bastante graves tanto do ponto de vista econ\u00f4mico quanto social, afinal crises dessa magnitude sempre provocaram mudan\u00e7as profundas na ordem do capital. Se acerca dessa conjuntura avaliarmos estar diante de um ambiente social inflam\u00e1vel, poderemos prever grandes lutas e mudan\u00e7as no p\u00f3s-pandemia. Aliada a essas dificuldades, surge um novo problema: a disputa contra a China, que emerge na geopol\u00edtica mundial como um contraponto real \u00e0 hegemonia mundial dos Estados Unidos. Tudo isso nos leva a crer numa intensifica\u00e7\u00e3o da viol\u00eancia e da repress\u00e3o por parte das classes dominantes e seus governos.<\/p>\n<p>Como o Brasil \u00e9 parte do sistema capitalista mundial e como tamb\u00e9m sofre os impactos dessas crises, al\u00e9m das singularidades da pr\u00f3pria crise nacional, poderemos prever que em nosso pa\u00eds teremos tamb\u00e9m um acirramento da luta de classes e uma disputa cada vez mais intensa entre as for\u00e7as populares e democr\u00e1ticas, de um lado, e o grande capital e os fascistas, de outro. Entendemos ser fundamental n\u00e3o subestimar nem temer os fascistas. Eles sempre procuram parecer ser maiores do que realmente s\u00e3o, mostrar uma agressividade maior do que t\u00eam condi\u00e7\u00f5es de realizar e fazem mais amea\u00e7as do que realmente podem concretizar. Mas n\u00e3o podemos vacilar um segundo sequer contra os fascistas, nem nos intimidar contra suas amea\u00e7as e fanfarronices. Quanto mais nos intimidarmos, mais eles se tornar\u00e3o ousados e se sentir\u00e3o fortalecidos para atingir seus objetivos. N\u00e3o se pode tamb\u00e9m esquecer a dimens\u00e3o paramilitar do fascismo. Por isso, a luta das for\u00e7as classistas e revolucion\u00e1rias n\u00e3o deve se restringir apenas aos espa\u00e7os institucionais, como os discursos nos parlamentos e notas pol\u00edticas das institui\u00e7\u00f5es. Isso \u00e9 importante, mas n\u00e3o det\u00e9m os fascistas. O que efetivamente pode deter os fascistas \u00e9 a luta organizada dos trabalhadores, da juventude e da popula\u00e7\u00e3o pobre nas ruas, nos locais de trabalho, moradia e estudo. S\u00f3 a organiza\u00e7\u00e3o e mobiliza\u00e7\u00e3o do proletariado e seus aliados ser\u00e3o capazes de mudar a correla\u00e7\u00e3o de for\u00e7as e derrotar os fascistas.<\/p>\n<p>No que se refere especificamente ao Brasil, tamb\u00e9m n\u00e3o podemos nos enganar: Bolsonaro \u00e9 um fascista e s\u00f3 n\u00e3o conseguiu implantar um regime fascista no Pa\u00eds em fun\u00e7\u00e3o da resist\u00eancia da popula\u00e7\u00e3o e de v\u00e1rios setores institucionais e democr\u00e1ticos. Mas ele conspira permanentemente contras as liberdades democr\u00e1ticas, e seu recuo em alguns momentos da conjuntura \u00e9 por temor ao seu envolvimento em rela\u00e7\u00e3o \u00e0s investiga\u00e7\u00f5es sobre seu passado e sua fam\u00edlia, como no caso Queiroz, suas liga\u00e7\u00f5es com as mil\u00edcias e mesmo o temor de um impeachment. Bolsonaro tem como objetivo a implanta\u00e7\u00e3o de um regime autorit\u00e1rio: \u00e9 uma esp\u00e9cie de escorpi\u00e3o com DNA fascista e t\u00e3o logo se sinta fortalecido voltar\u00e1 novamente \u00e0 ofensiva. Por isso, a nossa luta dever\u00e1 envolver duas t\u00e1ticas principais: a) unidade de a\u00e7\u00e3o com todas as for\u00e7as que estejam objetivamente lutando contra o fascismo e sua pol\u00edtica de terra arrasada; b) no interior dessa luta, organizar de maneira firme as for\u00e7as classistas, que s\u00e3o as mais consequentes e mais determinadas na luta n\u00e3o s\u00f3 contra os fascistas mas tamb\u00e9m na batalha pela emancipa\u00e7\u00e3o dos trabalhadores.<\/p>\n<p>A luta pol\u00edtica contra o fascismo, para colocar em movimento a grande maioria da popula\u00e7\u00e3o, envolve um trabalho de base nas f\u00e1bricas e outros locais de trabalho, nos bairros, nas escolas e universidades. A milit\u00e2ncia classista deve arrega\u00e7ar as mangas e se vincular \u00e0s entidades de massa em todas as inst\u00e2ncias, bem como construir, onde for poss\u00edvel, novas institui\u00e7\u00f5es de luta que correspondam ao estado de \u00e2nimo das massas. N\u00e3o podemos esquecer que o proletariado e seus aliados s\u00e3o a nossa principal prote\u00e7\u00e3o e, ao mesmo tempo, nossa principal trincheira contra o fascismo. \u00c9 imprescind\u00edvel nesse trabalho que as for\u00e7as classistas construam tamb\u00e9m um programa estrat\u00e9gico para disputar com a burguesia e com os setores vacilantes e conciliadores os rumos do pa\u00eds no p\u00f3s-pandemia. Um programa que seja uma alternativa clara para a crise: que responda, ao mesmo tempo, as quest\u00f5es cotidianas da popula\u00e7\u00e3o, mas que aponte no sentido da constru\u00e7\u00e3o de um futuro diferente para os trabalhadores, a juventude e a popula\u00e7\u00e3o pobre das periferias, na perspectiva do poder popular e do socialismo.<\/p>\n<p>Como os fascistas combinam a luta pol\u00edtica, a mentira e a viol\u00eancia contra seus advers\u00e1rios, temos que estar preparados para todo tipo de conjuntura nessa luta. Por isso, \u00e9 fundamental desenvolver tamb\u00e9m um trabalho paciente mas determinado de constru\u00e7\u00e3o da autodefesa das massas, a partir dos sindicatos, das organiza\u00e7\u00f5es populares nos bairros, no movimento da juventude e no movimento popular em geral. Criar as brigadas de seguran\u00e7a que tenham capacidade efetiva de garantir as manifesta\u00e7\u00f5es, a integridade dos manifestantes e dos dirigentes pol\u00edticos, alvos principais dos fascistas, e com disposi\u00e7\u00e3o para derrot\u00e1-los nas ruas. A organiza\u00e7\u00e3o das for\u00e7as de nosso campo \u00e9 fundamental, pois cada vit\u00f3ria tanto no campo pol\u00edtico quanto em outras \u00e1reas, ser\u00e1 importante para levantar a moral das for\u00e7as antifascistas, estimular novos lutadores e entrarem na luta e, especialmente, mostrar para os fascistas que n\u00e3o os tememos e podemos venc\u00ea-los.<\/p>\n<p>S\u00f3 uma estrat\u00e9gia desse porte, com formula\u00e7\u00e3o te\u00f3rico-pr\u00e1tica e organiza\u00e7\u00e3o pol\u00edtica, ser\u00e1 capaz de atrair os trabalhadores, a juventude e o povo pobre das periferias, bem como os setores vacilantes e descontentes com a conjuntura, para o programa popular e classista. Essa \u00e9 a condi\u00e7\u00e3o n\u00e3o apenas para derrotar o fascismo, mas para abrir caminhos para a constru\u00e7\u00e3o da sociedade da abund\u00e2ncia e da felicidade humana, que \u00e9 a sociedade socialista.<\/p>\n","protected":false},"excerpt":{"rendered":"<a class=\"moretag\" href=\"https:\/\/pcb.org.br\/portal2\/26279\"> <\/a>","protected":false},"author":1,"featured_media":0,"comment_status":"closed","ping_status":"closed","sticky":false,"template":"","format":"standard","meta":{"jetpack_post_was_ever_published":false,"_jetpack_newsletter_access":"","_jetpack_dont_email_post_to_subs":false,"_jetpack_newsletter_tier_id":0,"_jetpack_memberships_contains_paywalled_content":false,"_jetpack_memberships_contains_paid_content":false,"footnotes":"","jetpack_publicize_message":"","jetpack_publicize_feature_enabled":true,"jetpack_social_post_already_shared":true,"jetpack_social_options":{"image_generator_settings":{"template":"highway","default_image_id":0,"font":"","enabled":false},"version":2}},"categories":[7],"tags":[219],"class_list":["post-26279","post","type-post","status-publish","format-standard","hentry","category-s8-brasil","tag-manchete"],"jetpack_publicize_connections":[],"jetpack_featured_media_url":"","jetpack_shortlink":"https:\/\/wp.me\/p659gw-6PR","jetpack-related-posts":[],"jetpack_likes_enabled":true,"jetpack_sharing_enabled":true,"_links":{"self":[{"href":"https:\/\/pcb.org.br\/portal2\/wp-json\/wp\/v2\/posts\/26279","targetHints":{"allow":["GET"]}}],"collection":[{"href":"https:\/\/pcb.org.br\/portal2\/wp-json\/wp\/v2\/posts"}],"about":[{"href":"https:\/\/pcb.org.br\/portal2\/wp-json\/wp\/v2\/types\/post"}],"author":[{"embeddable":true,"href":"https:\/\/pcb.org.br\/portal2\/wp-json\/wp\/v2\/users\/1"}],"replies":[{"embeddable":true,"href":"https:\/\/pcb.org.br\/portal2\/wp-json\/wp\/v2\/comments?post=26279"}],"version-history":[{"count":0,"href":"https:\/\/pcb.org.br\/portal2\/wp-json\/wp\/v2\/posts\/26279\/revisions"}],"wp:attachment":[{"href":"https:\/\/pcb.org.br\/portal2\/wp-json\/wp\/v2\/media?parent=26279"}],"wp:term":[{"taxonomy":"category","embeddable":true,"href":"https:\/\/pcb.org.br\/portal2\/wp-json\/wp\/v2\/categories?post=26279"},{"taxonomy":"post_tag","embeddable":true,"href":"https:\/\/pcb.org.br\/portal2\/wp-json\/wp\/v2\/tags?post=26279"}],"curies":[{"name":"wp","href":"https:\/\/api.w.org\/{rel}","templated":true}]}}