{"id":26285,"date":"2020-10-12T21:34:32","date_gmt":"2020-10-13T00:34:32","guid":{"rendered":"https:\/\/pcb.org.br\/portal2\/?p=26285"},"modified":"2020-10-21T19:42:00","modified_gmt":"2020-10-21T22:42:00","slug":"eleicoes-para-o-andes-sn-avancar-ou-retroceder","status":"publish","type":"post","link":"https:\/\/pcb.org.br\/portal2\/26285","title":{"rendered":"Elei\u00e7\u00f5es para o ANDES\/SN: avan\u00e7ar ou retroceder?"},"content":{"rendered":"<p><img decoding=\"async\" class=\"imagem\" title=\"imagem\" src=\"https:\/\/i0.wp.com\/contrapoder.net\/wp-content\/uploads\/2020\/10\/12102020_EleicaoANDES_MiltonPinheiro-1024x536.png\" alt=\"imagem\" \/><!--more-->Milton Pinheiro<\/p>\n<p>O Andes\/SN, Sindicato Nacional dos Docentes do Ensino Superior no Brasil, ter\u00e1 elei\u00e7\u00f5es de 3 a 6 de novembro. Est\u00e3o em disputa uma vis\u00e3o de Universidade, uma perspectiva de luta para a categoria docente, a rela\u00e7\u00e3o com o conjunto da classe trabalhadora, uma forma de operar no combate \u00e0s opress\u00f5es como sintoma end\u00eamico da sociabilidade capitalista no Brasil, a solidariedade \u00e0s lutas dos povos pela sua autodetermina\u00e7\u00e3o, a defesa dos servi\u00e7os p\u00fablicos, o apoio sem tr\u00e9gua \u00e0s liberdades democr\u00e1ticas e a luta contra o obscurantismo na ci\u00eancia e na vida social. Mas, tamb\u00e9m, uma forma de agir na reorganiza\u00e7\u00e3o t\u00e3o necess\u00e1ria da classe trabalhadora.<\/p>\n<p>Somos e precisamos de um Sindicato que seja um organizador coletivo da luta contra a reforma administrativa que quer acabar com os servi\u00e7os p\u00fablicos no Brasil e o ANDES, mais uma vez, ser\u00e1 esse instrumento de mobiliza\u00e7\u00e3o e organiza\u00e7\u00e3o desse enfrentamento.<\/p>\n<p>Nosso sindicato tem uma p\u00e1gina de lutas na hist\u00f3ria brasileira, estivemos em todos os momentos dessa jornada, apenas registraria alguns: quando os direitos da nossa classe foram atacados, quando nossa categoria era atingida, quando a concilia\u00e7\u00e3o de classe tentou destruir a nossa organiza\u00e7\u00e3o sindical, quando se atacou a democracia, no combate \u00e0s privatiza\u00e7\u00f5es, na defesa dos servi\u00e7os p\u00fablicos e em defesa da unidade pol\u00edtica para enfrentar o governo de extrema direita do agitador fascista Jair Bolsonaro e seus asseclas, pelos estados.<\/p>\n<p>Defendemos uma universidade com interlocu\u00e7\u00e3o social, como instrumento dos interesses populares, como ambiente da produ\u00e7\u00e3o cient\u00edfica a servi\u00e7o dos trabalhadores e da popula\u00e7\u00e3o em geral. Universidade aut\u00f4noma, gratuita e livre para produzir conhecimento que contribua para superar as mazelas da ordem capitalista.<\/p>\n<p>Defendemos uma perspectiva de luta que opera na defesa da carreira docente, da dignidade salarial, firme na convic\u00e7\u00e3o de sermos um sindicato aut\u00f4nomo diante do Estado, da ordem partid\u00e1ria e dos patr\u00f5es. Um sindicato que, para al\u00e9m das suas lutas espec\u00edficas, seja aliado presente das lutas gerais da sociedade a exemplo do SUS, contra as privatiza\u00e7\u00f5es do patrim\u00f4nio p\u00fablico (Correios, Petrobras, Banco do Brasil, Caixa Econ\u00f4mica Federal, etc.), em defesa dos servi\u00e7os p\u00fablicos para atender com qualidade o conjunto da popula\u00e7\u00e3o, em defesa das pol\u00edticas p\u00fablicas por educa\u00e7\u00e3o, moradia, terra, trabalho e assist\u00eancia social.<\/p>\n<p>Defendemos um Sindicato que seja uma trincheira no combate \u00e0s opress\u00f5es da sociabilidade capitalista e que contribua, tamb\u00e9m, com o processo educativo que ajude a superar essas estruturas opressoras na vida cotidiana.<\/p>\n<p>Defendemos um Sindicato que esteja ao lado das lutas dos povos contra \u00e0 persegui\u00e7\u00e3o imperialista e que compreenda a ordem das contradi\u00e7\u00f5es na geopol\u00edtica mundial para prestar sua ativa solidariedade.<\/p>\n<p>Defendemos um Sindicato que esteja presente e em unidade com o conjunto das organiza\u00e7\u00f5es prolet\u00e1rias e pol\u00edticas, na luta contra o neofascismo e em defesa das liberdades democr\u00e1ticas. Um sujeito coletivo ativo e presente no combate \u00e0s hordas da extrema direita e ao governo de Bolsonaro.<\/p>\n<p>Defendemos um Sindicato que esteja ao lado da ci\u00eancia, da tecnologia com finalidade social e da pesquisa cient\u00edfica para atender ao povo. Portanto, um Sindicato firme no combate ao obscurantismo e seu car\u00e1ter fundamentalista.<\/p>\n<p>Um Sindicato que entenda a necessidade de ser operador coletivo na reorganiza\u00e7\u00e3o da nossa classe, compreendendo que formas pret\u00e9ritas de organiza\u00e7\u00e3o est\u00e3o superadas pela sua conforma\u00e7\u00e3o na l\u00f3gica do apassivamento ou da autoproclama\u00e7\u00e3o. Um instrumento que possa contribuir para reorganiza\u00e7\u00e3o da nossa classe \u00e9 tarefa fundamental de um Sindicato classista e organizado pela base como o nosso. Estamos diante de um momento pol\u00edtico sem precedente em nossa hist\u00f3ria, por isso entendemos que com esse compromisso de luta na universidade e na sociedade a CHAPA 1\u2013 Unidade para Lutar, em defesa da educa\u00e7\u00e3o p\u00fablica e das liberdades democr\u00e1ticas, \u00e9 garantia de luta que far\u00e1 o ANDES\/SN avan\u00e7ar.<\/p>\n<p>Milton Pinheiro \u00e9 Cientista Pol\u00edtico e professor titular da Universidade do Estado da Bahia (UNEB). Membro do Comit\u00ea Central do PCB.<br \/>\nCandidato a primeiro vice-presidente do ANDES\/SN, na Chapa 1.<\/p>\n","protected":false},"excerpt":{"rendered":"<a class=\"moretag\" href=\"https:\/\/pcb.org.br\/portal2\/26285\"> <\/a>","protected":false},"author":1,"featured_media":0,"comment_status":"closed","ping_status":"closed","sticky":false,"template":"","format":"standard","meta":{"jetpack_post_was_ever_published":false,"_jetpack_newsletter_access":"","_jetpack_dont_email_post_to_subs":false,"_jetpack_newsletter_tier_id":0,"_jetpack_memberships_contains_paywalled_content":false,"_jetpack_memberships_contains_paid_content":false,"footnotes":"","jetpack_publicize_message":"","jetpack_publicize_feature_enabled":true,"jetpack_social_post_already_shared":true,"jetpack_social_options":{"image_generator_settings":{"template":"highway","default_image_id":0,"font":"","enabled":false},"version":2}},"categories":[15,31],"tags":[223],"class_list":["post-26285","post","type-post","status-publish","format-standard","hentry","category-s18-sindical","category-c31-unidade-classista","tag-3a"],"jetpack_publicize_connections":[],"jetpack_featured_media_url":"","jetpack_shortlink":"https:\/\/wp.me\/p659gw-6PX","jetpack-related-posts":[],"jetpack_likes_enabled":true,"jetpack_sharing_enabled":true,"_links":{"self":[{"href":"https:\/\/pcb.org.br\/portal2\/wp-json\/wp\/v2\/posts\/26285","targetHints":{"allow":["GET"]}}],"collection":[{"href":"https:\/\/pcb.org.br\/portal2\/wp-json\/wp\/v2\/posts"}],"about":[{"href":"https:\/\/pcb.org.br\/portal2\/wp-json\/wp\/v2\/types\/post"}],"author":[{"embeddable":true,"href":"https:\/\/pcb.org.br\/portal2\/wp-json\/wp\/v2\/users\/1"}],"replies":[{"embeddable":true,"href":"https:\/\/pcb.org.br\/portal2\/wp-json\/wp\/v2\/comments?post=26285"}],"version-history":[{"count":0,"href":"https:\/\/pcb.org.br\/portal2\/wp-json\/wp\/v2\/posts\/26285\/revisions"}],"wp:attachment":[{"href":"https:\/\/pcb.org.br\/portal2\/wp-json\/wp\/v2\/media?parent=26285"}],"wp:term":[{"taxonomy":"category","embeddable":true,"href":"https:\/\/pcb.org.br\/portal2\/wp-json\/wp\/v2\/categories?post=26285"},{"taxonomy":"post_tag","embeddable":true,"href":"https:\/\/pcb.org.br\/portal2\/wp-json\/wp\/v2\/tags?post=26285"}],"curies":[{"name":"wp","href":"https:\/\/api.w.org\/{rel}","templated":true}]}}