{"id":26317,"date":"2020-10-21T19:41:31","date_gmt":"2020-10-21T22:41:31","guid":{"rendered":"https:\/\/pcb.org.br\/portal2\/?p=26317"},"modified":"2020-10-21T19:41:31","modified_gmt":"2020-10-21T22:41:31","slug":"goiania-desmilitarizar-a-guarda-metropolitana","status":"publish","type":"post","link":"https:\/\/pcb.org.br\/portal2\/26317","title":{"rendered":"Goi\u00e2nia: desmilitarizar a guarda metropolitana!"},"content":{"rendered":"<p><img decoding=\"async\" class=\"imagem\" title=\"imagem\" src=\"https:\/\/i0.wp.com\/lh3.googleusercontent.com\/pw\/ACtC-3ess6EckYy1oSH7A7dkzQMtFI4v2RpKNH9xfd5x2uQVcq11JMj_bbMTVM8OPjDaGLKGhw--IN0wnAt53ecEEI31FVJ1WfY2gcOB7tWSEu2ATrdjZxByQqNesFFKIgMU4mkguuT81xTLt_6PbUVD_BkV=s222-no\" alt=\"imagem\" \/><!--more-->A Guarda Civil Metropolitana (GCM) de Goi\u00e2nia foi criada originalmente como uma for\u00e7a civil para a prote\u00e7\u00e3o de edif\u00edcios, espa\u00e7os e monumentos p\u00fablicos. Todavia, ao longo dos anos a GCM foi se militarizando, ao ponto de seus efetivos serem autorizados a portar armas de alto poder de fogo, de uso exclusivo das for\u00e7as armadas, e a promover abordagens de pessoas e a\u00e7\u00f5es ostensivas pr\u00f3prias das for\u00e7as policiais.<\/p>\n<p>A militariza\u00e7\u00e3o da GCM teve amparo legal da Uni\u00e3o por meio da Lei 13.022, de 08 de agosto de 2014, promulgada pelo Governo Dilma Rousseff. Em Goi\u00e2nia, essa militariza\u00e7\u00e3o ocorreu no governo do PT, em 2013, quando Adriana Accorsi foi convidada por Paulo Garcia a ocupar o cargo de Secret\u00e1ria Municipal de Defesa Social. A partir deste momento, passou-se a debater a possibilidade de armar a GCM. Como candidata \u00e0 prefeitura de Goi\u00e2nia em 2016, Adriana Accorsi chegou mesmo a defender que a GCM viesse a exercer um policiamento preventivo e ostensivo, e que se articulasse \u00e0s pol\u00edcias civil e militar.<\/p>\n<p>Adriana Accorsi, na sua propaganda gratuita no r\u00e1dio e na TV desta elei\u00e7\u00e3o de 2020, apresentou um tom atenuante do aspecto militarista oriundo do processo de municipaliza\u00e7\u00e3o da seguran\u00e7a p\u00fablica, presente na Lei 13.022. Tem enfatizado o aspecto preventivo na atua\u00e7\u00e3o da GCM, esquivando-se das defesas hist\u00f3ricas que realizou pelo policiamento ostensivo e pela articula\u00e7\u00e3o com as pol\u00edcias civil e militar. Entretanto, defende criar uma central de videomonitoramento de 24 horas e amplia\u00e7\u00e3o do n\u00famero de c\u00e2meras nas ruas de Goi\u00e2nia \u2013 tecnologia e pr\u00e1ticas desenvolvidas pelo capitalismo de vigil\u00e2ncia \u2013 e aumentar o efetivo da GCM de Goi\u00e2nia, que em 2019 figurava como a terceira maior do Brasil.<\/p>\n<p>A militariza\u00e7\u00e3o da seguran\u00e7a p\u00fablica, em curso na sociedade brasileira, n\u00e3o tem ocorrido apenas por iniciativa de governos e for\u00e7as pol\u00edticas e sociais de centro-direita e de extrema-direita, mas tamb\u00e9m de governos de centro-esquerda, a exemplo da Lei Antiterrorismo e da Lei 13.022, promulgadas pelo Governo de Dilma Rousseff e, conforme demonstrado em Goi\u00e2nia, pelo governo de Paulo Garcia. Todavia, depois do Golpe de Estado de 2016, o processo de militariza\u00e7\u00e3o foi aprofundado por meio de aspectos como amplia\u00e7\u00e3o da escalada de viol\u00eancia contra pobres e pretos, fascistiza\u00e7\u00e3o de for\u00e7as de seguran\u00e7a p\u00fablica, crescimento da presen\u00e7a dessas for\u00e7as nas escolas (Col\u00e9gio Militares, etc.), de projetos educativos (Programa Pol\u00edcia Militar Mirim, etc.) e amplia\u00e7\u00e3o de governos e parlamentares comprometidos com as bancadas da bala do Congresso Nacional e das Assembleias Legislativas estaduais.<\/p>\n<p>A militariza\u00e7\u00e3o em curso \u2013 que se desdobra em fortalecimento pol\u00edtico das for\u00e7as repressivas (For\u00e7as Armadas, Pol\u00edcias), cada vez mais violentas e impunes, e de acirramento do controle social por meios repressivos crescente \u2013 \u00e9 parte insepar\u00e1vel do processo de acirramento da criminaliza\u00e7\u00e3o das popula\u00e7\u00f5es pobres, lutas e movimentos sociais. Em Goi\u00e2nia e regi\u00e3o metropolitana a GCM funciona como uma for\u00e7a policial auxiliar, com os mesmos v\u00edcios e maus h\u00e1bitos das pol\u00edcias militar e civil: hostilidade preventiva sobre pobres, jovens, negros e moradores das \u00e1reas perif\u00e9ricas da Grande Goi\u00e2nia; arbitrariedade nas abordagens e um forte senso de impunidade. Em suma, em nome de proteger e garantir a integridade do patrim\u00f4nio p\u00fablico e de contribuir para a manuten\u00e7\u00e3o da ordem p\u00fablica, a GCM se tornou uma for\u00e7a repressiva, que atua prioritariamente no controle pol\u00edtico e social das popula\u00e7\u00f5es pobres. Al\u00e9m disso, politicamente a GCM se comporta em conformidade com a perspectiva fascistizante que impera nos setores de seguran\u00e7a e repress\u00e3o sob a dire\u00e7\u00e3o pol\u00edtica do governo Bolsonaro e dos setores da extrema direita.<\/p>\n<p>Sendo assim, \u00e9 inaceit\u00e1vel que uma candidatura que se apresenta como de esquerda e vinculada aos interesses dos trabalhadores reitere a utiliza\u00e7\u00e3o de dispositivos legais que legitima a atua\u00e7\u00e3o da GCM na seguran\u00e7a p\u00fablica, o que aprofunda processos de militariza\u00e7\u00e3o que vem vivenciando ao longo do tempo. Tamb\u00e9m \u00e9 inaceit\u00e1vel a defesa de proposi\u00e7\u00f5es \u201cpanoptistas\u201d, na forma da \u201ccentral de videomonitoramento de 24 horas\u201d, voltada \u00e0 observa\u00e7\u00e3o total dos contextos como parte do poder disciplinador da classe trabalhadora, das camadas populares e da juventude, vigiados durante todo o tempo, sem que vejam o observador, nem que saibam que est\u00e3o sendo vigiados.<\/p>\n<p>O PCB-Goi\u00e1s defende a vida, a prote\u00e7\u00e3o das popula\u00e7\u00f5es pobres, as lutas, os movimentos sociais e o patrim\u00f4nio p\u00fablico direcionado para o atendimento das necessidades e demandas dos trabalhadores, camadas populares e juventude. Repudiamos a militariza\u00e7\u00e3o da seguran\u00e7a p\u00fablica, da pol\u00edtica e da educa\u00e7\u00e3o, posto que se constituem em mecanismos de coer\u00e7\u00e3o a servi\u00e7o da classe dominante, com vista a reprimir os trabalhadores e mant\u00ea-los sob controle. Tamb\u00e9m repudiamos discursos e pr\u00e1ticas populistas, de direita e de esquerda, que de forma oportunista, visando a ganhos eleitorais, estimulam uma falsa sensa\u00e7\u00e3o de seguran\u00e7a. Isto porque o combate \u00e0 criminalidade e \u00e0 viol\u00eancia requer a supera\u00e7\u00e3o das estruturas que as geram: a superexplora\u00e7\u00e3o da classe trabalhadora; a concentra\u00e7\u00e3o da propriedade; o monop\u00f3lio do poder pol\u00edtico pelas classes dominantes; e a criminaliza\u00e7\u00e3o das lutas e movimentos sociais. Em suma, a militariza\u00e7\u00e3o da GCM leva exatamente ao contr\u00e1rio do que supostamente se pretende, isto \u00e9, combater a criminalidade e viol\u00eancia, quando na verdade tem como finalidade ampliar as pr\u00e1ticas de controle e repress\u00e3o \u00e0s popula\u00e7\u00f5es pobres.<\/p>\n<p>Pela desmilitariza\u00e7\u00e3o e desarmamento da Guarda Municipal de Goi\u00e2nia!<\/p>\n<p>Programa Pol\u00edtico<\/p>\n<p>Elei\u00e7\u00f5es 2020 \u2013 PCB-Goi\u00e1s<\/p>\n<p>Uma Alternativa Socialista Para Goi\u00e2nia!<\/p>\n<p><a href=\"https:\/\/pcbgo.org\/2020\/10\/20\/pela-desmilitarizacao-da-guarda-civil-metropolitana-de-goiania\/\">PELA DESMILITARIZA\u00c7\u00c3O DA GUARDA CIVIL METROPOLITANA DE&nbsp;GOI\u00c2NIA<\/a><\/p>\n","protected":false},"excerpt":{"rendered":"<a class=\"moretag\" href=\"https:\/\/pcb.org.br\/portal2\/26317\"> <\/a>","protected":false},"author":1,"featured_media":0,"comment_status":"closed","ping_status":"closed","sticky":false,"template":"","format":"standard","meta":{"jetpack_post_was_ever_published":false,"_jetpack_newsletter_access":"","_jetpack_dont_email_post_to_subs":false,"_jetpack_newsletter_tier_id":0,"_jetpack_memberships_contains_paywalled_content":false,"_jetpack_memberships_contains_paid_content":false,"footnotes":"","jetpack_publicize_message":"","jetpack_publicize_feature_enabled":true,"jetpack_social_post_already_shared":true,"jetpack_social_options":{"image_generator_settings":{"template":"highway","default_image_id":0,"font":"","enabled":false},"version":2}},"categories":[363],"tags":[224],"class_list":["post-26317","post","type-post","status-publish","format-standard","hentry","category-pcb-nas-eleicoes-2020","tag-3b"],"jetpack_publicize_connections":[],"jetpack_featured_media_url":"","jetpack_shortlink":"https:\/\/wp.me\/p659gw-6Qt","jetpack-related-posts":[],"jetpack_likes_enabled":true,"jetpack_sharing_enabled":true,"_links":{"self":[{"href":"https:\/\/pcb.org.br\/portal2\/wp-json\/wp\/v2\/posts\/26317","targetHints":{"allow":["GET"]}}],"collection":[{"href":"https:\/\/pcb.org.br\/portal2\/wp-json\/wp\/v2\/posts"}],"about":[{"href":"https:\/\/pcb.org.br\/portal2\/wp-json\/wp\/v2\/types\/post"}],"author":[{"embeddable":true,"href":"https:\/\/pcb.org.br\/portal2\/wp-json\/wp\/v2\/users\/1"}],"replies":[{"embeddable":true,"href":"https:\/\/pcb.org.br\/portal2\/wp-json\/wp\/v2\/comments?post=26317"}],"version-history":[{"count":0,"href":"https:\/\/pcb.org.br\/portal2\/wp-json\/wp\/v2\/posts\/26317\/revisions"}],"wp:attachment":[{"href":"https:\/\/pcb.org.br\/portal2\/wp-json\/wp\/v2\/media?parent=26317"}],"wp:term":[{"taxonomy":"category","embeddable":true,"href":"https:\/\/pcb.org.br\/portal2\/wp-json\/wp\/v2\/categories?post=26317"},{"taxonomy":"post_tag","embeddable":true,"href":"https:\/\/pcb.org.br\/portal2\/wp-json\/wp\/v2\/tags?post=26317"}],"curies":[{"name":"wp","href":"https:\/\/api.w.org\/{rel}","templated":true}]}}