{"id":26341,"date":"2020-10-27T23:06:27","date_gmt":"2020-10-28T02:06:27","guid":{"rendered":"https:\/\/pcb.org.br\/portal2\/?p=26341"},"modified":"2020-10-27T23:06:27","modified_gmt":"2020-10-28T02:06:27","slug":"as-eleicoes-e-o-poder-popular","status":"publish","type":"post","link":"https:\/\/pcb.org.br\/portal2\/26341","title":{"rendered":"As Elei\u00e7\u00f5es e o Poder Popular"},"content":{"rendered":"<p><img decoding=\"async\" class=\"imagem\" title=\"imagem\" src=\"https:\/\/i0.wp.com\/pbs.twimg.com\/media\/Eja06j0WkAQZGRb.jpg\" alt=\"imagem\" \/><!--more-->Por Milton Pinheiro<\/p>\n<p>O MOMENTO<\/p>\n<p>Na conforma\u00e7\u00e3o da ordem liberal burguesa as elei\u00e7\u00f5es se transformaram em aparatos de aperfei\u00e7oamento institucionais que garantem a manuten\u00e7\u00e3o do sistema. Isso ocorre mesmo que, em sentido contr\u00e1rio, nas disputas dos projetos antag\u00f4nicos, a representa\u00e7\u00e3o da classe trabalhadora possa afirmar pequenas altera\u00e7\u00f5es que possibilitam criar uma autonomia relativa diante do arcabou\u00e7o ideopol\u00edtico em vigor.<\/p>\n<p>O conjunto classe trabalhadora foi quem, historicamente, propugnou pelo voto universal sem os cortes censit\u00e1rios do liberalismo cl\u00e1ssico. Para os trabalhadores\/as sempre foi um momento oportuno para modificar aspectos substantivos da domina\u00e7\u00e3o burguesa. Portanto, aumentar a pauta dos direitos e avan\u00e7ar em conquistas sociais tornaram-se um projeto\/programa que os trabalhadores poderiam colocar para qualificar o debate.<\/p>\n<p>O Estado capitalista \u00e9, no real e concreto, uma ditadura de classe, que ideologicamente se apresenta como uma ordem institucional acima das classes sociais e dos indiv\u00edduos. Um ente abstrato que a partir do seu arcabou\u00e7o jur\u00eddico-pol\u00edtico deveria pairar sobre todos. Contudo, esse fetiche pol\u00edtico \u00e9 a forma mais concreta da domina\u00e7\u00e3o de classe e do exerc\u00edcio de uma l\u00f3gica de preserva\u00e7\u00e3o do contrato capitalista e da ideologia burguesa na sociedade da ordem do capital.<\/p>\n<p>No entanto, as elei\u00e7\u00f5es, mesmo neste cen\u00e1rio de enquadramento institucional, permitem ao p\u00f3lo antag\u00f4nico, que luta contra a classe dominante, uma a\u00e7\u00e3o de enfrentamento e uma oportunidade de se apresentar de forma mais consistente nesse processo de politiza\u00e7\u00e3o. Trata-se, tamb\u00e9m, de um espa\u00e7o em disputa entre as classes que os trabalhadores e o povo pobre devem apresentar o sentido da sua luta, pois sabemos que neste espa\u00e7o partidos da ordem tentam a confirma\u00e7\u00e3o da sua domina\u00e7\u00e3o pol\u00edtica.<\/p>\n<p>\u201cEis porque toda a campanha eleitoral dos democratas-constitucionalistas est\u00e1 orientada no sentido de amedrontar as massas, intimid\u00e1-las com o perigo dos partidos da extrema-esquerda, adaptar-se ao mesquinho esp\u00edrito pequeno-burgu\u00eas, \u00e0 covardia e \u00e0 frouxid\u00e3o do filisteu, assegurar a este que os democratas-constitucionalistas s\u00e3o os menos perigosos, os mais despretensiosos, os mais moderados, os mais escrupulosos. Tens-te assustado, filisteu? Perguntam diariamente ao leitor os jornais democratas-constitucionalistas. Confia em n\u00f3s! N\u00e3o te assustaremos, estamos contra as viol\u00eancias, submetemo-nos ao governo, confia s\u00f3 em n\u00f3s, e arranjar-te-emos as coisas na medida do poss\u00edvel!\u201d (L\u00caNIN, Sobre as elei\u00e7\u00f5es).<\/p>\n<p>\u00c9 importante lutar para conquistar trilhas por onde as propostas da nossa classe possam garantir direitos e avan\u00e7ar nas conquistas sociais, mesmo no espa\u00e7o da democracia formal; essas vit\u00f3rias contribuem para educar a classe trabalhadora para novas batalhas.<br \/>\nSabemos que o essencial do projeto prolet\u00e1rio a priori n\u00e3o est\u00e1 confinado nas demandas eleitorais, contudo, n\u00e3o podemos deixar que a burguesia se utilize desse momento de politiza\u00e7\u00e3o para afirmar seu projeto de domina\u00e7\u00e3o institucional sem a resposta da classe trabalhadora. As elei\u00e7\u00f5es configuram-se no campo das lutas de classes e nelas, tamb\u00e9m, devemos fazer o confronto que nos cabe e avan\u00e7ar na divulga\u00e7\u00e3o do projeto estrat\u00e9gico da emancipa\u00e7\u00e3o humana.<\/p>\n<p>Nas elei\u00e7\u00f5es devemos denunciar os crimes dos governos liberais, nos contrapor \u00e0s hordas neofascistas e seu conluio com esses mesmos governos, entrar no debate do poder local e da necess\u00e1ria organiza\u00e7\u00e3o popular, debater formas de interven\u00e7\u00e3o das massas populares no processo pol\u00edtico e se movimentar, junto com a classe trabalhadora, para apresentar um projeto\/programa alternativo do campo prolet\u00e1rio-popular.<\/p>\n<p>N\u00e3o podemos permitir que as elei\u00e7\u00f5es consolidem uma forma pol\u00edtica pautada no clientelismo, no coronelismo local, na demagogia populista e no uso de argumentos fundamentalistas e obscurantistas para pautar o voto popular. Temos que abrir a disputa nas ruas, nos locais de trabalho, estudo e moradia, e, hoje, em virtude da pandemia do Covid 19, nas redes de cont\u00e1gio (canais virtuais).<\/p>\n<p>O Estado burgu\u00eas fez das elei\u00e7\u00f5es um processo pol\u00edtico desigual, confirmando, assim, que esse Estado \u00e9 uma ditadura de classe que age para retirar \u00e0s for\u00e7as populares e os comunistas do acesso ao r\u00e1dio e a televis\u00e3o. Mas, tamb\u00e9m sabemos, que os comunistas t\u00eam capacidade militante para agir no processo eleitoral, independente da a\u00e7\u00e3o de impedimento do Estado da democracia formal.<\/p>\n<p>Diante desse cen\u00e1rio pol\u00edtico, mesmo com os entraves apresentados, devemos perceber que as elei\u00e7\u00f5es devem ser encaradas como um instrumento de participa\u00e7\u00e3o e socializa\u00e7\u00e3o da pol\u00edtica, para que possamos desvelar \u00e0s mazelas da ordem do capital, apresentar nossas den\u00fancias e propostas e afirmar a luta por espa\u00e7os de democratiza\u00e7\u00e3o do poder popular na perspectiva do socialismo. Afinal, L\u00eanin nos indica: \u201cAcreditem apenas na vossa consci\u00eancia socialista e na vossa organiza\u00e7\u00e3o socialista \u2014 diz \u00e0s massas o partido oper\u00e1rio. Conceder aos liberais burgueses a primazia na luta e o direito de dirigi-la, significa trair a causa da liberdade, deixando-se desorientar por frases sonoras e vistosas etiquetas na moda. Nenhuma amea\u00e7a causar\u00e1 tanto preju\u00edzo quanto a corrup\u00e7\u00e3o da consci\u00eancia das massas que acompanhem cegamente a burguesia liberal, as suas palavras de ordem, as suas candidaturas, a sua pol\u00edtica\u201d (Sobre as elei\u00e7\u00f5es).<\/p>\n<blockquote class=\"wp-embedded-content\" data-secret=\"xO2UmfXYVK\"><p><a href=\"https:\/\/omomento.org\/editorial-as-eleicoes-e-o-poder-popular\/\">EDITORIAL &#8211; As Elei\u00e7\u00f5es e o Poder Popular<\/a><\/p><\/blockquote>\n<p><iframe loading=\"lazy\" class=\"wp-embedded-content\" sandbox=\"allow-scripts\" security=\"restricted\" style=\"position: absolute; clip: rect(1px, 1px, 1px, 1px);\" title=\"&#8220;EDITORIAL &#8211; As Elei\u00e7\u00f5es e o Poder Popular&#8221; &#8212; O Momento - Di\u00e1rio do Povo\" src=\"https:\/\/omomento.org\/editorial-as-eleicoes-e-o-poder-popular\/embed\/#?secret=xO2UmfXYVK\" data-secret=\"xO2UmfXYVK\" width=\"600\" height=\"338\" frameborder=\"0\" marginwidth=\"0\" marginheight=\"0\" scrolling=\"no\"><\/iframe><\/p>\n","protected":false},"excerpt":{"rendered":"<a class=\"moretag\" href=\"https:\/\/pcb.org.br\/portal2\/26341\"> <\/a>","protected":false},"author":1,"featured_media":0,"comment_status":"closed","ping_status":"closed","sticky":false,"template":"","format":"standard","meta":{"jetpack_post_was_ever_published":false,"_jetpack_newsletter_access":"","_jetpack_dont_email_post_to_subs":false,"_jetpack_newsletter_tier_id":0,"_jetpack_memberships_contains_paywalled_content":false,"_jetpack_memberships_contains_paid_content":false,"footnotes":"","jetpack_publicize_message":"","jetpack_publicize_feature_enabled":true,"jetpack_social_post_already_shared":true,"jetpack_social_options":{"image_generator_settings":{"template":"highway","default_image_id":0,"font":"","enabled":false},"version":2}},"categories":[363],"tags":[224],"class_list":["post-26341","post","type-post","status-publish","format-standard","hentry","category-pcb-nas-eleicoes-2020","tag-3b"],"jetpack_publicize_connections":[],"jetpack_featured_media_url":"","jetpack_shortlink":"https:\/\/wp.me\/p659gw-6QR","jetpack-related-posts":[],"jetpack_likes_enabled":true,"jetpack_sharing_enabled":true,"_links":{"self":[{"href":"https:\/\/pcb.org.br\/portal2\/wp-json\/wp\/v2\/posts\/26341","targetHints":{"allow":["GET"]}}],"collection":[{"href":"https:\/\/pcb.org.br\/portal2\/wp-json\/wp\/v2\/posts"}],"about":[{"href":"https:\/\/pcb.org.br\/portal2\/wp-json\/wp\/v2\/types\/post"}],"author":[{"embeddable":true,"href":"https:\/\/pcb.org.br\/portal2\/wp-json\/wp\/v2\/users\/1"}],"replies":[{"embeddable":true,"href":"https:\/\/pcb.org.br\/portal2\/wp-json\/wp\/v2\/comments?post=26341"}],"version-history":[{"count":0,"href":"https:\/\/pcb.org.br\/portal2\/wp-json\/wp\/v2\/posts\/26341\/revisions"}],"wp:attachment":[{"href":"https:\/\/pcb.org.br\/portal2\/wp-json\/wp\/v2\/media?parent=26341"}],"wp:term":[{"taxonomy":"category","embeddable":true,"href":"https:\/\/pcb.org.br\/portal2\/wp-json\/wp\/v2\/categories?post=26341"},{"taxonomy":"post_tag","embeddable":true,"href":"https:\/\/pcb.org.br\/portal2\/wp-json\/wp\/v2\/tags?post=26341"}],"curies":[{"name":"wp","href":"https:\/\/api.w.org\/{rel}","templated":true}]}}