{"id":264,"date":"2010-01-23T04:50:59","date_gmt":"2010-01-23T04:50:59","guid":{"rendered":"http:\/\/pcb.org.br\/portal2\/?p=264"},"modified":"2010-01-23T04:50:59","modified_gmt":"2010-01-23T04:50:59","slug":"a-luta-dos-povos-amazonicos-no-peru","status":"publish","type":"post","link":"https:\/\/pcb.org.br\/portal2\/264","title":{"rendered":"A LUTA DOS POVOS AMAZ\u00d4NICOS NO PERU"},"content":{"rendered":"\n<p>O Informe n\u00e3o diz que a luta dos povos amaz\u00f4nicos organizados na AIDESEP foi uma luta justa em defesa de seu territ\u00f3rio e pelo direito \u00e0 sua pr\u00f3pria exist\u00eancia, contra o <em>plano de transnacionaliza\u00e7\u00e3o da amaz\u00f4nia<\/em>, plano que busca entregar ao grande capital a explora\u00e7\u00e3o e O saque dos recursoS naturais, impulsionando uma pol\u00edtica de exterm\u00ednio dos povos origin\u00e1rios, que s\u00e3o leg\u00edtimos propriet\u00e1rios desses territ\u00f3rios que ocupam h\u00e1 tempos imemor\u00e1veis.<\/p>\n<p>O Informe n\u00e3o diz que, frente ao conflito amaz\u00f4nico, o governo de Alan Garc\u00eda optou pelo caminho da viol\u00eancia, pisoteando normas internacionais como o Conv\u00eanio OIT 169 que obriga a realiza\u00e7\u00e3o de uma consulta antes de implementar mudan\u00e7as que afetem os direitos das comunidades ind\u00edgenas. Que a maioria parlamentar formada pelas bancadas Unidade Nacional, os Fujimoristas e os Apristas, fez pouco caso das demandas do povo amaz\u00f4nico, das exig\u00eancias da AIDESEP para revogar os decretos contr\u00e1rios \u00e0 Amaz\u00f4nia e \u00e0 soberania do Peru.<\/p>\n<p>Tal Informe n\u00e3o assinala que houve responsabilidade pol\u00edtica na ordem de desocupa\u00e7\u00e3o atrav\u00e9s de uma repress\u00e3o sangrenta na &#8220;curva do diabo&#8221;, onde as comunidades amaz\u00f4nicas estavam protestando em den\u00fancia aos atropelos de direitos constitucionais. N\u00e3o disse que a her\u00f3ica e firme luta dos povos amaz\u00f4nicos, terminou na memor\u00e1vel mobiliza\u00e7\u00e3o em amplo rep\u00fadio ao governo, em 11 de junho de 2009, sustentando uma contundente derrota pol\u00edtica ao regime de Alan Garc\u00eda, e obrigando o congresso, contra sua pr\u00f3pria vontade, a revogar os decretos 1068 e 1088.<\/p>\n<p>O Informe do oficialismo tampouco assinala que logo ap\u00f3s os eventos de Bagua o Governo n\u00e3o demonstrou o m\u00ednimo interesse em chegar a um acordo satisfat\u00f3rio com a representa\u00e7\u00e3o da AIDESEP. E mais, aplicando uma pol\u00edtica de avan\u00e7os e recuos nas mesas de di\u00e1logo, n\u00e3o reconhecendo e tentando liquidar a AIDESEP, perseguindo seus dirigentes. Tentou ganhar tempo para retomar seus planos de privatizar a Amaz\u00f4nia.<\/p>\n<p>A CPS afirma claramente que se n\u00e3o for encerrado o plano de entregar \u00e0 voracidade das transnacionais os recursos da selva, se n\u00e3o forem respeitados os direitos de propriedade e direitos humanos irrenunci\u00e1veis das comunidades ind\u00edgenas da selva, se n\u00e3o acabar a persegui\u00e7\u00e3o aos dirigentes nativos e se n\u00e3o for permitido o retorno de Alberto Pizango sem criminaliza\u00e7\u00e3o, ser\u00e1 de responsabilidade exclusiva do Governo o surgimento de novos conflitos e viol\u00eancia na Amaz\u00f4nia e em todo o pa\u00eds.<\/p>\n<p>A CPS, transmite seu firme respaldo e sua solidariedade ao povos amaz\u00f4nicos e \u00e0 AIDESEP que os representa, e chama para forjar a unidade mais ampla de todo o povo peruano, das for\u00e7as democr\u00e1ticas e patri\u00f3ticas para recuperar nossa soberania nacional, cada dia mais corro\u00edda, e enfrentar o plano antinacional, antipopular e repressivo do governo aprista; para construir uma alternativa pol\u00edtica soberana e popular capaz de derrotar o modelo entreguista, neoliberal e o regime de Alan Garc\u00eda (e \u00e0 direita continuista que hoje colabora com ele), na perspectiva de conquistar um governo democr\u00e1tico e patri\u00f3tico, uma nova constitui\u00e7\u00e3o que represente todos os povos do Peru, um estado plurinacional e multicultural e uma economia a servi\u00e7o da grande maioria.<\/p>\n<p>Finalmente, a CPS expressa sua como\u00e7\u00e3o e suas condol\u00eancias pela trag\u00e9dia que sofre o povo do Haiti, que foi devastado pela f\u00faria da natureza e pela f\u00faria da espantosa pobreza que os agoniza, mas tamb\u00e9m pela responsabilidade do imperialismo e das pol\u00edticas de saque das transnacionais contra os povos da Am\u00e9rica Latina.<\/p>\n<p>Lima, 15 de janeiro de 2009.<\/p>\n<p>Traduzido por: Dario da Silva<\/p>\n","protected":false},"excerpt":{"rendered":"\n\n\nCr\u00e9dito: R\u00e1dio Mundial\n\n\n\n\nCOORDENADORA POL\u00cdTICO SOCIAL\nNOTA \u00c0 IMPRENSA\nInforme oficial sobre Bagua, uma afronta ao pa\u00eds, ao povo amaz\u00f4nico e a todos n\u00f3s.\nA Coordenadora Pol\u00edtico Social (CPS) transmite \u00e0 opini\u00e3o p\u00fablica nacional e internacional sua mais profunda indigna\u00e7\u00e3o pelo conte\u00fado do Informe Oficial sobre os eventos de Bagua, orquestrados pelo Governo de Alan Garc\u00eda P\u00e9rez, que encobre os verdadeiros respons\u00e1veis pelos fatos ocorridos em 05 de junho de 2009, que de maneira mal-intencionada acusa os povos amaz\u00f4nicos como respons\u00e1veis diretos pelas mortes e por ter se deixado manipular por elementos &#8220;externos&#8221; como os partidos de oposi\u00e7\u00e3o, um setor da Igreja e a imprensa independente.\n<a class=\"moretag\" href=\"https:\/\/pcb.org.br\/portal2\/264\"> <\/a>","protected":false},"author":1,"featured_media":0,"comment_status":"open","ping_status":"open","sticky":false,"template":"","format":"standard","meta":{"jetpack_post_was_ever_published":false,"_jetpack_newsletter_access":"","_jetpack_dont_email_post_to_subs":false,"_jetpack_newsletter_tier_id":0,"_jetpack_memberships_contains_paywalled_content":false,"_jetpack_memberships_contains_paid_content":false,"footnotes":"","jetpack_publicize_message":"","jetpack_publicize_feature_enabled":true,"jetpack_social_post_already_shared":false,"jetpack_social_options":{"image_generator_settings":{"template":"highway","default_image_id":0,"font":"","enabled":false},"version":2}},"categories":[52],"tags":[],"class_list":["post-264","post","type-post","status-publish","format-standard","hentry","category-c63-peru"],"jetpack_publicize_connections":[],"jetpack_featured_media_url":"","jetpack_shortlink":"https:\/\/wp.me\/p659gw-4g","jetpack-related-posts":[],"jetpack_likes_enabled":true,"jetpack_sharing_enabled":true,"_links":{"self":[{"href":"https:\/\/pcb.org.br\/portal2\/wp-json\/wp\/v2\/posts\/264","targetHints":{"allow":["GET"]}}],"collection":[{"href":"https:\/\/pcb.org.br\/portal2\/wp-json\/wp\/v2\/posts"}],"about":[{"href":"https:\/\/pcb.org.br\/portal2\/wp-json\/wp\/v2\/types\/post"}],"author":[{"embeddable":true,"href":"https:\/\/pcb.org.br\/portal2\/wp-json\/wp\/v2\/users\/1"}],"replies":[{"embeddable":true,"href":"https:\/\/pcb.org.br\/portal2\/wp-json\/wp\/v2\/comments?post=264"}],"version-history":[{"count":0,"href":"https:\/\/pcb.org.br\/portal2\/wp-json\/wp\/v2\/posts\/264\/revisions"}],"wp:attachment":[{"href":"https:\/\/pcb.org.br\/portal2\/wp-json\/wp\/v2\/media?parent=264"}],"wp:term":[{"taxonomy":"category","embeddable":true,"href":"https:\/\/pcb.org.br\/portal2\/wp-json\/wp\/v2\/categories?post=264"},{"taxonomy":"post_tag","embeddable":true,"href":"https:\/\/pcb.org.br\/portal2\/wp-json\/wp\/v2\/tags?post=264"}],"curies":[{"name":"wp","href":"https:\/\/api.w.org\/{rel}","templated":true}]}}