{"id":26448,"date":"2020-11-19T22:54:43","date_gmt":"2020-11-20T01:54:43","guid":{"rendered":"https:\/\/pcb.org.br\/portal2\/?p=26448"},"modified":"2020-11-19T22:54:43","modified_gmt":"2020-11-20T01:54:43","slug":"aquilombar-as-lutas-em-defesa-da-vida-e-por-direitos","status":"publish","type":"post","link":"https:\/\/pcb.org.br\/portal2\/26448","title":{"rendered":"Aquilombar as lutas em defesa da vida e por direitos"},"content":{"rendered":"<p><img decoding=\"async\" class=\"imagem\" title=\"imagem\" src=\"https:\/\/i0.wp.com\/www.fnpetroleiros.org.br\/arquivo\/thumb\/noticias\/25f76c2a0f7143d00b25_1000x500_0_0_1_1.jpeg\" alt=\"imagem\" \/><!--more-->CONTRA A PANDEMIA E O RACISMO!*<br \/>\n*FORA BOLSONARO E SERGIO CAMARGO DA FUNDA\u00c7\u00c3O PALMARES!*<\/p>\n<p>*20 de novembro &#8211; Dia Nacional da Consci\u00eancia Negra*<\/p>\n<p>Dia da Morte de Zumbi de Palmares, grande guerreiro e \u00edcone das lutas quilombolas. Zumbi liderou por d\u00e9cadas o Quilombo de Palmares, um dos maiores e mais conhecido da hist\u00f3ria negra. Esta data \u00e9 pauta de reivindica\u00e7\u00e3o de anos de muita luta dos Movimentos Negros, por entender que a comemora\u00e7\u00e3o do 13 de Maio, imposto historicamente pelos governos, n\u00e3o representava nossos ideais de liberdade e igualdade, colocando a princesa Izabel como redentora do povo negro. Quando sabemos que foi com o suor, o sangue e as lutas de nossos ancestrais quilombolas que alcan\u00e7amos a aboli\u00e7\u00e3o da escravid\u00e3o negra no Brasil.<\/p>\n<p>Seguimos sofrendo d\u00e9cadas de viol\u00eancia racial, desigualdades sociais e de g\u00eanero, porque, apesar da aboli\u00e7\u00e3o a verdadeira liberdade n\u00e3o veio, \u00e0 medida que nosso povo negro n\u00e3o teve nenhum tipo de repara\u00e7\u00e3o pelos anos de escravid\u00e3o, simplesmente abriram as portas das senzalas. Sem moradia, sem emprego, sem direitos sociais m\u00ednimos de vida, ganharam a estrada pra morrer. Mas, ao contr\u00e1rio do que imaginaram, foram sobrevivendo \u00e0s margens, nas periferias, nas favelas das cidades. Seguimos na luta para que esta data seja reconhecida como feriado por todos os munic\u00edpios do pa\u00eds at\u00e9 ser um Feriado Nacional.<\/p>\n<p>*O Racismo Estrutural e seus capit\u00e3es do Mato!*<\/p>\n<p>Historicamente a popula\u00e7\u00e3o negra vem sendo utilizada e servindo aos prop\u00f3sitos da burguesia, dos ricos e poderosos brancos no mundo. No Brasil, mesmo no p\u00f3s-aboli\u00e7\u00e3o, p\u00f3s-colonialismo, a realidade de vida da popula\u00e7\u00e3o negra sempre foi limitada de direitos, pautada pela persegui\u00e7\u00e3o e viol\u00eancia de seus corpos. Os poucos avan\u00e7os e ganhos n\u00e3o t\u00eam nem cem anos, e n\u00e3o vieram porque os governos foram generosos, com certeza, sempre foi com muita luta combinada com os interesses pol\u00edticos da \u00e9poca. Mesmo o pouco conquistado, dentro desta sociedade do capital que sobrevive da opress\u00e3o e da explora\u00e7\u00e3o dos trabalhadores negros e pobres, maioria do ex\u00e9rcito de reserva deste pa\u00eds, vem sendo amea\u00e7ado e retirado.<\/p>\n<p>\u00c9 o que vemos a partir das a\u00e7\u00f5es de Bolsonaro, um governo de ultra direita com a\u00e7\u00f5es facist\u00f3ides, que se elegeu com um discurso racista, machista, lgbtf\u00f3bico, xen\u00f3fobico e violento, que n\u00e3o tem poupado esfor\u00e7os em seus ataques e retiradas de direitos da classe trabalhadora de conjunto, mas que recaem com muito mais perversidade sobre negros e pobres. Como se n\u00e3o bastasse, tem tido como aliado S\u00e9rgio Camargo (Presidente da Funda\u00e7\u00e3o Palmares) e Fernando Holiday (Deputado federal\/SP), que apesar de negros t\u00eam propiciado ofensivamente ataques \u00e0 nossa cultura e ao nosso povo negro, com posi\u00e7\u00f5es mentirosas e de reinventar \u201ca roda da hist\u00f3ria ocidental e racista\u201d. No \u00faltimo dia 23 de outubro, Holiday disparou em refor\u00e7ar contra as cotas, pol\u00edtica afirmativa que \u00e9 uma reivindica\u00e7\u00e3o de repara\u00e7\u00e3o hist\u00f3rica. S\u00e9rgio Camargo, por sua vez, diz que Palmares e Zumbi eram fora da Lei, al\u00e9m de violento com as mulheres, despolitiza a quest\u00e3o negra e cumpre a cartilha liberal e racista de atacar a maioria da popula\u00e7\u00e3o brasileira que \u00e9 negra.<\/p>\n<p>Seguindo a suas a\u00e7\u00f5es contra a negritude, uma portaria assinada por ele, ent\u00e3o presidente da Funda\u00e7\u00e3o Palmares, S\u00e9rgio Camargo, e publicada na edi\u00e7\u00e3o do dia 11\/11 (quarta-feira) do \u201cDi\u00e1rio Oficial da Uni\u00e3o\u201d, muda as regras para a sele\u00e7\u00e3o e publica\u00e7\u00e3o dos nomes e biografias das personalidades negras not\u00e1veis no site da entidade. Uma das altera\u00e7\u00f5es \u00e9 que a lista passar\u00e1 a fazer apenas homenagens p\u00f3stumas, ou seja, vai conter somente nomes de personalidades j\u00e1 mortas. Isso deve levar \u00e0 exclus\u00e3o da galeria nomes como os dos cantores Gilberto Gil, Elza Soares e Martinho da Vila, entre outros. Prestando um desservi\u00e7o \u00e0 nossa causa, a exemplo dos capit\u00e3es do mato na era da escravid\u00e3o!<\/p>\n<p>*Parem de Nos Matar \u2013 Vidas Negras Importam!*<\/p>\n<p>Em meio \u00e0 maior pandemia vivenciada mundialmente e aqui no Brasil, ficou expl\u00edcita a grande desigualdade social, denunciada h\u00e1 anos pelos movimentos social negro. Apontando ainda que podemos chegar neste ano a 200 mil mortes, das quais a maioria das v\u00edtimas tem sido a popula\u00e7\u00e3o negra e pobre, o que vem combinado com a crise estrutural do capitalismo que vem aprofundando a fome e o desemprego. Al\u00e9m disse, a pol\u00edtica de \u201cseguran\u00e7a p\u00fablica\u201d, com opera\u00e7\u00f5es policiais e o negacionismo do governo de Bolsonaro e Mour\u00e3o, aumenta o genoc\u00eddio afro-ind\u00edgena e do povo pobre, seja pela viol\u00eancia policial ou pelas consequ\u00eancias da pandemia, diante de uma desestrutura\u00e7\u00e3o de anos do SUS combinada com a irresponsabilidade e corrup\u00e7\u00e3o que segue sobre o or\u00e7amento da sa\u00fade e educa\u00e7\u00e3o neste pa\u00eds!<\/p>\n<p>Acompanhamos os notici\u00e1rios da viol\u00eancia praticada pelo Estado a nossos irm\u00e3os negros estadunidenses que n\u00e3o s\u00f3 denunciam, mas foram \u00e0s ruas e se rebelaram contra o Estado racista! Aqui no Brasil, de acordo com diversas pesquisas, 75,7% das v\u00edtimas assassinadas no Brasil s\u00e3o mulheres, jovens e homens negros. A cada 10 assassinatos, 8 s\u00e3o mortos pela pol\u00edcia que em sua maioria s\u00e3o negros tamb\u00e9m. As mulheres negras s\u00e3o a maior v\u00edtima do feminic\u00eddio, de estupros e viol\u00eancia homof\u00f4nicas.<\/p>\n<p>Como se n\u00e3o bastasse a viol\u00eancia racial e policial, n\u00f3s negros e negros n\u00e3o temos repara\u00e7\u00e3o dos 350 anos de regime escravo, e o Estado brasileiro tem uma d\u00edvida hist\u00f3rica com afro-brasileiros que sofrem com o desemprego, os ataques di\u00e1rios aos direitos trabalhistas e as prec\u00e1rias condi\u00e7\u00f5es de moradia nas favelas, a falta de acesso \u00e0 sa\u00fade, educa\u00e7\u00e3o e saneamento b\u00e1sico e precisamos de renda e vacina\u00e7\u00e3o obrigat\u00f3ria para todos conda a Covid 19!<\/p>\n<p>*Um 20 de Novembro em honra de Zumbi e Dandara!*<\/p>\n<p>Conclu\u00edmos que n\u00f3s, negros, negras e n\u00e3o brancos aliados na luta antirracismo temos como tarefa neste 20 de Novembro ecoar as nossas reivindica\u00e7\u00f5es e exig\u00eancia de repara\u00e7\u00f5es hist\u00f3ricas e o fim da pol\u00edtica do encarceramento e perp\u00e9tuo analfabetismo e falta de moradia h\u00e1 s\u00e9culos. Entendemos que n\u00e3o h\u00e1 humaniza\u00e7\u00e3o no capitalismo, que as opress\u00f5es, que o racismo est\u00e3o intr\u00ednsecos ao capitalismo que barbariza a nossa exist\u00eancia. A nossa luta di\u00e1ria \u00e9 a prote\u00e7\u00e3o da vida, por concursos p\u00fablicos, mais empregos, renda e n\u00e3o aos cortes de sal\u00e1rios dos servidores e da estabilidade com reforma administrativa, n\u00e3o \u00e0 carteira verde amarela que ser\u00e1 o fim dos direitos trabalhistas e da CLT, pelo n\u00e3o pagamento da d\u00edvida externa e a n\u00e3o reabertura das escolas pela vida de nossos filhos e dos profissionais.<\/p>\n<p>Gritamos Fora Bolsonaro e Mour\u00e3o e Sergio Camargo!<\/p>\n","protected":false},"excerpt":{"rendered":"<a class=\"moretag\" href=\"https:\/\/pcb.org.br\/portal2\/26448\"> <\/a>","protected":false},"author":1,"featured_media":0,"comment_status":"closed","ping_status":"closed","sticky":false,"template":"","format":"standard","meta":{"jetpack_post_was_ever_published":false,"_jetpack_newsletter_access":"","_jetpack_dont_email_post_to_subs":false,"_jetpack_newsletter_tier_id":0,"_jetpack_memberships_contains_paywalled_content":false,"_jetpack_memberships_contains_paid_content":false,"footnotes":"","jetpack_publicize_message":"","jetpack_publicize_feature_enabled":true,"jetpack_social_post_already_shared":true,"jetpack_social_options":{"image_generator_settings":{"template":"highway","default_image_id":0,"font":"","enabled":false},"version":2}},"categories":[204],"tags":[223],"class_list":["post-26448","post","type-post","status-publish","format-standard","hentry","category-quilombola","tag-3a"],"jetpack_publicize_connections":[],"jetpack_featured_media_url":"","jetpack_shortlink":"https:\/\/wp.me\/p659gw-6SA","jetpack-related-posts":[],"jetpack_likes_enabled":true,"jetpack_sharing_enabled":true,"_links":{"self":[{"href":"https:\/\/pcb.org.br\/portal2\/wp-json\/wp\/v2\/posts\/26448","targetHints":{"allow":["GET"]}}],"collection":[{"href":"https:\/\/pcb.org.br\/portal2\/wp-json\/wp\/v2\/posts"}],"about":[{"href":"https:\/\/pcb.org.br\/portal2\/wp-json\/wp\/v2\/types\/post"}],"author":[{"embeddable":true,"href":"https:\/\/pcb.org.br\/portal2\/wp-json\/wp\/v2\/users\/1"}],"replies":[{"embeddable":true,"href":"https:\/\/pcb.org.br\/portal2\/wp-json\/wp\/v2\/comments?post=26448"}],"version-history":[{"count":0,"href":"https:\/\/pcb.org.br\/portal2\/wp-json\/wp\/v2\/posts\/26448\/revisions"}],"wp:attachment":[{"href":"https:\/\/pcb.org.br\/portal2\/wp-json\/wp\/v2\/media?parent=26448"}],"wp:term":[{"taxonomy":"category","embeddable":true,"href":"https:\/\/pcb.org.br\/portal2\/wp-json\/wp\/v2\/categories?post=26448"},{"taxonomy":"post_tag","embeddable":true,"href":"https:\/\/pcb.org.br\/portal2\/wp-json\/wp\/v2\/tags?post=26448"}],"curies":[{"name":"wp","href":"https:\/\/api.w.org\/{rel}","templated":true}]}}