{"id":26450,"date":"2020-11-19T22:55:48","date_gmt":"2020-11-20T01:55:48","guid":{"rendered":"https:\/\/pcb.org.br\/portal2\/?p=26450"},"modified":"2020-11-21T18:03:53","modified_gmt":"2020-11-21T21:03:53","slug":"friedrich-engels-200-anos","status":"publish","type":"post","link":"https:\/\/pcb.org.br\/portal2\/26450","title":{"rendered":"Friedrich Engels: 200 anos"},"content":{"rendered":"<p><img decoding=\"async\" class=\"imagem\" title=\"imagem\" src=\"https:\/\/i0.wp.com\/marxismo21.org\/wp-content\/uploads\/2020\/11\/Engels-m21-1078x516.jpg\" alt=\"imagem\" \/><!--more-->Desenho de David Maciel. Arte final de Alexandre Pimenta (editores de marxismo21)<\/p>\n<p>MARXISMO21<\/p>\n<p>H\u00e1 200 anos, em 28 de novembro de 1820, nascia Friedrich Engels, em Barmen, na ent\u00e3o Pr\u00fassia Renana. Filho de um industrial do ramo t\u00eaxtil, cedo desvinculou-se pol\u00edtica e filosoficamente de sua origem e condi\u00e7\u00e3o de classe participando do movimento intelectual de cr\u00edtica \u00e0 realidade alem\u00e3 promovido pelos jovens hegelianos e se aproximando dos oper\u00e1rios fabris e de sua luta na cidade de Manchester (Inglaterra), para onde foi enviado pelo pai para administrar os neg\u00f3cios da fam\u00edlia. Esta posi\u00e7\u00e3o permitiu-lhe passar da cr\u00edtica da religi\u00e3o e da filosofia para a cr\u00edtica da economia politica e para a centralidade da \u201cquest\u00e3o social\u201d, antes mesmo de seu encontro com Marx.<\/p>\n<p>Com Marx elaborou os fundamentos te\u00f3ricos e pol\u00edticos do materialismo hist\u00f3rico, para o qual contribuiu n\u00e3o s\u00f3 como pensador original, trazendo contribui\u00e7\u00f5es em diversos temas, mas tamb\u00e9m como militante revolucion\u00e1rio, organicamente ligado ao movimento oper\u00e1rio. Junto com Marx militou na Liga dos Comunistas e participou ativamente da Revolu\u00e7\u00e3o de 1848-49 na Alemanha, chegando a \u201cpegar em armas\u201d contra as for\u00e7as da ordem. Gra\u00e7as \u00e0 sua condi\u00e7\u00e3o social burguesa, como s\u00f3cio de uma empresa industrial, Engels contribuiu financeiramente durante d\u00e9cadas para a sobreviv\u00eancia de dezenas de militantes revolucion\u00e1rios, n\u00e3o apenas para Marx como tamb\u00e9m para organiza\u00e7\u00f5es de trabalhadores, que tinham nele um apoio material permanente.<\/p>\n<p>Como pesquisador original, Engels estudou e produziu obras importantes sobre um not\u00e1vel leque de temas e disciplinas, que foram da filosofia, da economia politica, da antropologia e da hist\u00f3ria \u00e0 biologia, \u00e0 qu\u00edmica e \u00e0 f\u00edsica, al\u00e9m da arte militar e do que hoje chamar\u00edamos \u201ctecnologia\u201d. Foi, assim, um t\u00edpico intelectual do s\u00e9culo XIX, quando a especializa\u00e7\u00e3o acad\u00eamica ainda n\u00e3o pesava como uma mortalha sobre o c\u00e9rebro dos vivos. Ap\u00f3s se libertar do \u201ccativeiro eg\u00edpcio\u201d, apodo com o qual ele designava jocosamente o trabalho na administra\u00e7\u00e3o dos neg\u00f3cios da fam\u00edlia, passou a se dedicar de modo integral \u00e0 elabora\u00e7\u00e3o intelectual e \u00e0 milit\u00e2ncia pol\u00edtica, produzindo algumas das obras fundamentais do aparato marx-engelsiano, tornando-se um dos principais dirigentes da Associa\u00e7\u00e3o Internacional dos Trabalhadores e contribuindo para a cria\u00e7\u00e3o e forma\u00e7\u00e3o te\u00f3rico-pol\u00edtica dos primeiros partidos oper\u00e1rios.<\/p>\n<p>Ap\u00f3s a morte de Marx tornou-se o legat\u00e1rio da obra do camarada d&#8217;armas e amigo, responsabilizando-se por sua divulga\u00e7\u00e3o e pela publica\u00e7\u00e3o de diversos trabalhos ainda in\u00e9ditos, entre os quais os livros II e III d\u2019O Capital (dos quais \u00e9 um verdadeiro co-autor tamanho o volume de suas interven\u00e7\u00f5es para sistematizar e mesmo complementar os manuscritos deixados por Marx). Em seus \u00faltimos anos, Engels tornou-se uma esp\u00e9cie \u201cfarol\u201d do movimento socialista internacional, esclarecendo problemas conceituais e pol\u00edticos suscitados pela ascens\u00e3o do marxismo \u00e0 condi\u00e7\u00e3o de principal refer\u00eancia te\u00f3rico-pol\u00edtica do movimento oper\u00e1rio e aconselhando dirigentes partid\u00e1rios e sindicais em sua luta cotidiana (apesar de nem sempre os dirigentes social-democratas seguirem seus conselhos!). Faleceu em Londres, em 5 de agosto de 1895, com 75 anos incompletos.<\/p>\n<p>Durante muito tempo seus esfor\u00e7os para abordar temas das ci\u00eancias f\u00edsicas e naturais \u00e0 luz do materialismo hist\u00f3rico e para sistematizar os resultados te\u00f3ricos a que chegaram Marx e ele em suas pesquisas foram vistas como uma tentativa de transformar o materialismo hist\u00f3rico numa doutrina filos\u00f3fico-cient\u00edfica global, capaz de tratar de qualquer assunto a partir determinados postulados aprior\u00edsticos, suscitando cr\u00edticas de diversos autores, particularmente ligados \u00e0 tradi\u00e7\u00e3o do chamado marxismo ocidental, que viam neste esfor\u00e7o uma nega\u00e7\u00e3o do m\u00e9todo marxiano das \u201caproxima\u00e7\u00f5es sucessivas\u201d. Esses questionaram o senso comum no movimento socialista em torno da identidade entre os dois fundadores do materialismo hist\u00f3rico presente na entidade \u201cMarx-Engels\u201d como um mito fabricado com finalidades pol\u00edticas pela social democracia e mais tarde pelo stalinismo (que incorporou L\u00eanin e St\u00e1lin ao duo), insistindo nas diferen\u00e7as entre os dois, e acusaram Engels de abrir as portas para a contamina\u00e7\u00e3o positivista do marxismo. Neste \u00e2mbito sua obra. passou a ser negligenciada, tida como irrelevante ou desviante da real perspectiva anal\u00edtica de Marx. De \u201csegundo violino\u201d, como ele mesmo definiu seu papel na cria\u00e7\u00e3o do materialismo hist\u00f3rico, Engels caiu para a condi\u00e7\u00e3o de primeiro \u201cmarxista positivista\u201d, o que contribuiu para o esquecimento de sua contribui\u00e7\u00e3o fundamental para \u00e1reas t\u00e3o variadas como a historiografia, a antropologia, a sociologia do trabalho, a ci\u00eancia pol\u00edtica e a pr\u00f3pria cr\u00edtica da economia pol\u00edtica.<\/p>\n<p>No entanto, as pesquisas suscitadas pela edi\u00e7\u00e3o das obras completas de Marx e Engels a partir dos anos 70 e a incorpora\u00e7\u00e3o de suas contribui\u00e7\u00f5es como uma refer\u00eancia fundamental para pesquisas em \u00e1reas diversas das ci\u00eancias sociais tem suscitado a retomada dos estudos em torno de sua obra e uma compreens\u00e3o mais equilibrada e realista de sua contribui\u00e7\u00e3o para o marxismo, para as ci\u00eancias sociais e para a luta revolucion\u00e1ria. O dossi\u00ea que ora publicamos se orienta nesta dire\u00e7\u00e3o.<\/p>\n<p>Editoria, 16 de novembro de 2020<\/p>\n<blockquote class=\"wp-embedded-content\" data-secret=\"Q475Sq6tU1\"><p><a href=\"https:\/\/marxismo21.org\/friedrich-engels-200-anos\/\">Friedrich Engels: 200 anos<\/a><\/p><\/blockquote>\n<p><iframe loading=\"lazy\" class=\"wp-embedded-content\" sandbox=\"allow-scripts\" security=\"restricted\" style=\"position: absolute; clip: rect(1px, 1px, 1px, 1px);\" title=\"&#8220;Friedrich Engels: 200 anos&#8221; &#8212; Marxismo 21\" src=\"https:\/\/marxismo21.org\/friedrich-engels-200-anos\/embed\/#?secret=Q475Sq6tU1\" data-secret=\"Q475Sq6tU1\" width=\"600\" height=\"338\" frameborder=\"0\" marginwidth=\"0\" marginheight=\"0\" scrolling=\"no\"><\/iframe><\/p>\n<p>******<\/p>\n<p>I. Obras de Engels:<\/p>\n<p>1839<\/p>\n<p>Serm\u00e3o de F. W. Krummacher sobre o livro de Josu\u00e9<\/p>\n<p>https:\/\/www.marxists.org\/portugues\/marx\/1839\/05\/sermao.htm<\/p>\n<p>1840<\/p>\n<p>Dois Serm\u00f5es de F. W. Krummacher<\/p>\n<p>https:\/\/www.marxists.org\/portugues\/marx\/1840\/09\/semao2.htm<\/p>\n<p>1843<\/p>\n<p>Progresso do Comunismo na Alemanha \u2013 Persegui\u00e7\u00e3o de Comunistas na Su\u00ed\u00e7a<\/p>\n<p>https:\/\/www.marxists.org\/portugues\/marx\/1843\/12\/09.htm<\/p>\n<p>1844<\/p>\n<p>Esbo\u00e7o de uma cr\u00edtica da economia pol\u00edtica<\/p>\n<p>https:\/\/mega.nz\/folder\/vOpwmQiJ#nJFgpdsE-0mCF0yOOQYqCA\/folder\/rXQklCJa<\/p>\n<p>A Imprensa e os D\u00e9spotas Alem\u00e3es<\/p>\n<p>https:\/\/www.marxists.org\/portugues\/marx\/1844\/02\/03.htm<\/p>\n<p>Movimentos Continentais<\/p>\n<p>https:\/\/www.marxists.org\/portugues\/marx\/1844\/02\/03-1.htm<\/p>\n<p>Not\u00edcias da Alemanha<\/p>\n<p>https:\/\/www.marxists.org\/portugues\/marx\/1844\/05\/18.htm<\/p>\n<p>Destino de um Traidor<\/p>\n<p>https:\/\/www.marxists.org\/portugues\/marx\/1844\/05\/18-1.htm<\/p>\n<p>Not\u00edcias de S\u00e3o Petersburgo<\/p>\n<p>https:\/\/www.marxists.org\/portugues\/marx\/1844\/05\/25.htm<\/p>\n<p>Revolta da Cerveja na Bav\u00e1ria<\/p>\n<p>https:\/\/www.marxists.org\/portugues\/marx\/1844\/05\/25-1.htm<\/p>\n<p>Not\u00edcias da Fran\u00e7a<\/p>\n<p>https:\/\/www.marxists.org\/portugues\/marx\/1844\/06\/15.htm<\/p>\n<p>Not\u00edcias da Pr\u00fassia<\/p>\n<p>https:\/\/www.marxists.org\/portugues\/marx\/1844\/06\/29.htm<\/p>\n<p>Socialismo Continental<\/p>\n<p>https:\/\/www.marxists.org\/portugues\/marx\/1844\/10\/05.htm<\/p>\n<p>1845<\/p>\n<p>A Situa\u00e7\u00e3o da classe trabalhadora na Inglaterra<\/p>\n<p>file:\/\/\/C:\/Users\/marcia\/Downloads\/A%20situacao%20da%20classe%20trabalhadora%20em%20Inglaterra.pdf<\/p>\n<p>1847<\/p>\n<p>Princ\u00edpios B\u00e1sicos do Comunismo<\/p>\n<p>https:\/\/www.marxists.org\/portugues\/marx\/1847\/11\/principios.htm<\/p>\n<p>O Programa Agr\u00e1rio dos Cartistas<\/p>\n<p>https:\/\/www.marxists.org\/portugues\/marx\/1847\/11\/01.htm#tr1<\/p>\n<p>O Anivers\u00e1rio da Revolu\u00e7\u00e3o Polonesa de 1830<\/p>\n<p>https:\/\/www.marxists.org\/portugues\/marx\/1847\/12\/05.htm<\/p>\n<p>Agita\u00e7\u00e3o Cartista<\/p>\n<p>https:\/\/www.marxists.org\/portugues\/marx\/1847\/12\/30.htm<\/p>\n<p>1848<\/p>\n<p>A Coercion Bill para a Irlanda e para os Cartistas<\/p>\n<p>https:\/\/www.marxists.org\/portugues\/marx\/1848\/01\/08.htm<\/p>\n<p>1852<\/p>\n<p>A Real Causa pela qual os Prolet\u00e1rios Franceses Mativeram-se Inativos no \u00daltimo Dezembro<\/p>\n<p>https:\/\/www.marxists.org\/portugues\/marx\/1852\/04\/10.htm<\/p>\n<p>Revolu\u00e7\u00e3o e Contra-Revolu\u00e7\u00e3o na Alemanha<\/p>\n<p>https:\/\/www.marxists.org\/portugues\/marx\/1852\/revolucao\/index.htm<\/p>\n<p>O Recente Julgamento em Col\u00f3nia<\/p>\n<p>https:\/\/www.marxists.org\/portugues\/marx\/1852\/11\/29.htm<\/p>\n<p>1857<\/p>\n<p>A P\u00e9rsia e a China<\/p>\n<p>https:\/\/www.marxists.org\/portugues\/marx\/1857\/05\/22.htm<\/p>\n<p>1857<\/p>\n<p>Guerra nas Montanhas no Passado e no Presente<\/p>\n<p>https:\/\/www.marxists.org\/portugues\/marx\/1857\/01\/montanha.htm<\/p>\n<p>1859<\/p>\n<p>Karl Marx, \u201cPara a Cr\u00edtica da Economia Pol\u00edtica\u201d<\/p>\n<p>https:\/\/www.marxists.org\/portugues\/marx\/1859\/08\/15.htm<\/p>\n<p>1868<\/p>\n<p>O Capital de Karl Marx<\/p>\n<p>https:\/\/www.marxists.org\/portugues\/marx\/1868\/03\/28-ga.htm<\/p>\n<p>Recens\u00e3o do Primeiro Volume de \u00abO Capital\u00bb para o Demokratisches Wochenblatt<\/p>\n<p>https:\/\/www.marxists.org\/portugues\/marx\/1868\/03\/28.htm<\/p>\n<p>1870<\/p>\n<p>Nota Pr\u00e9via a \u00abA Guerra dos Camponeses Alem\u00e3es\u00bb<\/p>\n<p>https:\/\/www.marxists.org\/portugues\/marx\/1870\/02\/11.htm<\/p>\n<p>1871<\/p>\n<p>Discurso Sobre a Ac\u00e7\u00e3o Pol\u00edtica da Classe Oper\u00e1ria. [Pronunciado na Confer\u00eancia de Londres]<\/p>\n<p>https:\/\/www.marxists.org\/portugues\/marx\/1871\/09\/21.htm<\/p>\n<p>1872<\/p>\n<p>Carta a Theodor Cuno<\/p>\n<p>https:\/\/www.marxists.org\/portugues\/marx\/1872\/01\/24.htm<\/p>\n<p>1873<\/p>\n<p>Sobre a Autoridade<\/p>\n<p>https:\/\/www.marxists.org\/portugues\/marx\/1873\/03\/autoridade-pt.htm<\/p>\n<p>Carta a August Bebel<\/p>\n<p>https:\/\/www.marxists.org\/portugues\/marx\/1873\/06\/20.htm<\/p>\n<p>Os Bakuninistas em A\u00e7\u00e3o<\/p>\n<p>https:\/\/www.marxists.org\/portugues\/marx\/1873\/11\/05.htm<\/p>\n<p>Programa dos Refugiados Blanquistas da Comuna<\/p>\n<p>https:\/\/www.marxists.org\/portugues\/marx\/1874\/06\/26.htm<\/p>\n<p>Para a quest\u00e3o da habita\u00e7\u00e3o.<\/p>\n<p><a href=\"http:\/\/resistir.info\/livros\/engels_q_habitacao.pdf\" target=\"_blank\" rel=\"noopener noreferrer nofollow\">Clique para acessar o engels_q_habitacao.pdf<\/a><\/p>\n<p>1874<\/p>\n<p>Carta a Friedrich Adolph Sorge<\/p>\n<p>https:\/\/www.marxists.org\/portugues\/marx\/1874\/09\/17.htm<\/p>\n<p>1875<\/p>\n<p>Do Social na R\u00fassia<\/p>\n<p>https:\/\/www.marxists.org\/portugues\/marx\/1875\/04\/21.htm<\/p>\n<p>Carta a Pietr Lavrovitch Lavrov<\/p>\n<p>https:\/\/www.marxists.org\/portugues\/marx\/1875\/11\/17.htm<\/p>\n<p>Carta a August Bebel<\/p>\n<p>https:\/\/www.marxists.org\/portugues\/marx\/1875\/03\/28.htm<\/p>\n<p>1876<\/p>\n<p>Carta a Marx<\/p>\n<p>https:\/\/www.marxists.org\/portugues\/marx\/1876\/05\/24.htm<\/p>\n<p>Carta a Marx<\/p>\n<p>https:\/\/www.marxists.org\/portugues\/marx\/1876\/05\/28.htm<\/p>\n<p>Carta a Marx<\/p>\n<p>https:\/\/www.marxists.org\/portugues\/marx\/1876\/07\/25.htm<\/p>\n<p>Carta a Marx<\/p>\n<p>https:\/\/www.marxists.org\/portugues\/marx\/1876\/08\/25.htm<\/p>\n<p>O Papel do Trabalho na Transforma\u00e7\u00e3o do Macaco em Homem<\/p>\n<p>https:\/\/www.marxists.org\/portugues\/marx\/1876\/mes\/macaco.htm<\/p>\n<p>Introdu\u00e7\u00e3o \u00e0 \u201cDial\u00e9ctica da Natureza\u201d<\/p>\n<p>https:\/\/www.marxists.org\/portugues\/marx\/1876\/dialetica\/int_dialetica.htm<\/p>\n<p>1877<\/p>\n<p>Karl Marx<\/p>\n<p>https:\/\/www.marxists.org\/portugues\/marx\/1877\/06\/marx.htm<\/p>\n<p>Anti-D\u00fchring<\/p>\n<p>https:\/\/www.marxists.org\/portugues\/marx\/1877\/antiduhring\/index.htm<\/p>\n<p>1878<\/p>\n<p>Antigo Pref\u00e1cio ao \u201c[Anti-]D\u00fchring\u201d Sobre a Dial\u00e9ctica<\/p>\n<p>https:\/\/www.marxists.org\/portugues\/marx\/1878\/06\/dialetica.htm<\/p>\n<p>1880<\/p>\n<p>Do Socialismo Ut\u00f3pico ao Socialismo Cientifico<\/p>\n<p>https:\/\/www.marxists.org\/portugues\/marx\/1880\/socialismo\/index.htm<\/p>\n<p>1881<\/p>\n<p>Sindicatos \u2013 Parte II<\/p>\n<p>https:\/\/www.marxists.org\/portugues\/marx\/1881\/06\/04.htm<\/p>\n<p>Um Sal\u00e1rio Justo Para Umha Jornada de Trabalho Justa<\/p>\n<p>https:\/\/www.marxists.org\/portugues\/marx\/1881\/05\/01.htm<\/p>\n<p>1882<\/p>\n<p>Bruno Bauer e o In\u00edcio do Cristianismo<\/p>\n<p>https:\/\/www.marxists.org\/portugues\/marx\/1882\/05\/11.htm<\/p>\n<p>Carta a Karl Kautsky<\/p>\n<p>https:\/\/www.marxists.org\/portugues\/marx\/1882\/09\/12.htm<\/p>\n<p>Carta a August Bebel<\/p>\n<p>https:\/\/www.marxists.org\/portugues\/marx\/1882\/10\/21.htm<\/p>\n<p>A Dial\u00e9tica da Natureza<\/p>\n<p>https:\/\/www.marxists.org\/portugues\/marx\/1882\/dialetica\/index.htm<\/p>\n<p>A Marca<\/p>\n<p>https:\/\/www.marxists.org\/portugues\/marx\/1882\/mes\/marca.htm<\/p>\n<p>1883<\/p>\n<p>Discurso Diante do Tumulo de Karl Marx<\/p>\n<p>https:\/\/www.marxists.org\/portugues\/marx\/1883\/03\/22.htm<\/p>\n<p>O Capital. Cr\u00edtica da Economia Pol\u00edtica \u2013 Karl Marx \u2013 Pref\u00e1cio \u00e0 terceira edi\u00e7\u00e3o<\/p>\n<p>https:\/\/www.marxists.org\/portugues\/marx\/1867\/capital\/livro1\/prefacios\/05.htm<\/p>\n<p>1884<\/p>\n<p>A Origem da Fam\u00edlia, da Propriedade Privada e do Estado<\/p>\n<p>https:\/\/www.marxists.org\/portugues\/marx\/1884\/origem\/index.htm<\/p>\n<p>Marx e a Neue Rheinische Zeitung<\/p>\n<p>https:\/\/www.marxists.org\/portugues\/marx\/1884\/03\/13.htm<\/p>\n<p>Pref\u00e1cio \u00e0 primeira edi\u00e7\u00e3o alem\u00e3 do livro Mis\u00e9ria da Filosofia<\/p>\n<p>https:\/\/www.marxists.org\/portugues\/marx\/1847\/miseria\/prefacios.htm<\/p>\n<p>1885<\/p>\n<p>Pref\u00e1cio ao volume 2 de O Capital de Marx<\/p>\n<p>https:\/\/www.marxists.org\/portugues\/marx\/1885\/05\/05.htm<\/p>\n<p>Para a Hist\u00f3ria da Liga dos Comunistas<\/p>\n<p>https:\/\/www.marxists.org\/portugues\/marx\/1885\/10\/08.htm<\/p>\n<p>1886<\/p>\n<p>Pref\u00e1cio \u00e0 edi\u00e7\u00e3o inglesa. O Capital. Cr\u00edtica da Economia Pol\u00edtica<\/p>\n<p>Karl Marx<\/p>\n<p>https:\/\/www.marxists.org\/portugues\/marx\/1867\/capital\/livro1\/prefacios\/06.htm<\/p>\n<p>Carta a Florence Kelley-Wischnewetzky<\/p>\n<p>https:\/\/www.marxists.org\/portugues\/marx\/1886\/12\/28.htm<\/p>\n<p>Carta a Friedrich Adolph Sorge<\/p>\n<p>https:\/\/www.marxists.org\/portugues\/marx\/1886\/12\/29.htm<\/p>\n<p>Ludwig Feuerbach e o Fim da Filosofia Cl\u00e1ssica Alem\u00e3<\/p>\n<p>https:\/\/www.marxists.org\/portugues\/marx\/1886\/mes\/fim.htm<\/p>\n<p>O socialismo jur\u00eddico<\/p>\n<p>https:\/\/mega.nz\/folder\/vOpwmQiJ#nJFgpdsE-0mCF0yOOQYqCA\/folder\/rXQklCJa<\/p>\n<p>1888<\/p>\n<p>Ludwig Feuerbach e o Fim da Filosofia Alem\u00e3 Cl\u00e1ssica [Nota Pr\u00e9via \u00e0 Edi\u00e7\u00e3o de 1888]<\/p>\n<p>https:\/\/www.marxists.org\/portugues\/marx\/1888\/02\/21.htm<\/p>\n<p>O Papel da Viol\u00eancia na Hist\u00f3ria<\/p>\n<p>https:\/\/www.marxists.org\/portugues\/marx\/1888\/03\/papel.htm<\/p>\n<p>1890<\/p>\n<p>Pref\u00e1cio \u00e0 quarta edi\u00e7\u00e3o. \u201cO Capital . Cr\u00edtica da Economia Pol\u00edtica\u201d de Karl Marx<\/p>\n<p>https:\/\/www.marxists.org\/portugues\/marx\/1867\/capital\/livro1\/prefacios\/07.htm<\/p>\n<p>Carta a Conrad Schmidt<\/p>\n<p>https:\/\/www.marxists.org\/portugues\/marx\/1890\/08\/05.htm<\/p>\n<p>Carta a Otto von Boenigk<\/p>\n<p>https:\/\/www.marxists.org\/portugues\/marx\/1890\/08\/21.htm<\/p>\n<p>Carta para Joseph Bloch<\/p>\n<p>https:\/\/www.marxists.org\/portugues\/marx\/1890\/09\/22.htm<\/p>\n<p>1891<\/p>\n<p>Pref\u00e1cio a Cr\u00edtica do Programa de Gotha<\/p>\n<p>https:\/\/www.marxists.org\/portugues\/marx\/1891\/01\/06.htm<\/p>\n<p>Carta a Karl Kautsky<\/p>\n<p>https:\/\/www.marxists.org\/portugues\/marx\/1891\/02\/23.htm<\/p>\n<p>Introdu\u00e7\u00e3o de Friedrich Engels \u00e0 Edi\u00e7\u00e3o de 1891 de A Guerra Civil em Fran\u00e7a<\/p>\n<p>https:\/\/www.marxists.org\/portugues\/marx\/1891\/03\/18.htm<\/p>\n<p>Sauda\u00e7\u00f5es aos Trabalhadores Franceses no 20\u00ba Anivers\u00e1rio da Comuna de Paris<\/p>\n<p>https:\/\/www.marxists.org\/portugues\/marx\/1891\/03\/17.htm<\/p>\n<p>Para a Cr\u00edtica do Projecto de Programa Social-Democrata de 1891<\/p>\n<p>https:\/\/www.marxists.org\/portugues\/marx\/1891\/06\/29.htm<\/p>\n<p>1892<\/p>\n<p>Carta a Conrad Schimdt<\/p>\n<p>https:\/\/www.marxists.org\/portugues\/marx\/1891\/11\/01.htm<\/p>\n<p>Pref\u00e1cios de Engels \u00e0 Mis\u00e9ria da Filosofia<\/p>\n<p>https:\/\/www.marxists.org\/portugues\/marx\/1847\/miseria\/prefacios.htm<\/p>\n<p>Sauda\u00e7\u00f5es aos Trabalhadores Franceses na Ocasi\u00e3o do 21\u00ba Anivers\u00e1rio da Comuna de Paris<\/p>\n<p>https:\/\/www.marxists.org\/portugues\/marx\/1892\/03\/17.htm<\/p>\n<p>1893<\/p>\n<p>Carta a Franz Mehring<\/p>\n<p>https:\/\/www.marxists.org\/portugues\/marx\/1893\/07\/14.htm<\/p>\n<p>Carta a Nikolai Frantsevitch Danielson<\/p>\n<p>https:\/\/www.marxists.org\/portugues\/marx\/1893\/10\/17.htm<\/p>\n<p>1894<\/p>\n<p>Carta a W. Borgius<\/p>\n<p>https:\/\/www.marxists.org\/portugues\/marx\/1894\/01\/25.htm<\/p>\n<p>A Futura Revolu\u00e7\u00e3o Italiana e o Partido Socialista<\/p>\n<p>https:\/\/www.marxists.org\/portugues\/marx\/1894\/01\/26.htm<\/p>\n<p>Ao Conselho Nacional do Partido dos Trabalhadores Franceses na Ocasi\u00e3o do 23\u00ba Anivers\u00e1rio da Comuna de Paris<\/p>\n<p>https:\/\/www.marxists.org\/portugues\/marx\/1894\/03\/18.htm<\/p>\n<p>A Quest\u00e3o Camponesa em Fran\u00e7a e na Alemanha<\/p>\n<p>https:\/\/www.marxists.org\/portugues\/marx\/1894\/11\/22.htm<\/p>\n<p>Los bakuninistas em acci\u00f3n<\/p>\n<p>https:\/\/mega.nz\/folder\/vOpwmQiJ#nJFgpdsE-0mCF0yOOQYqCA\/folder\/rXQklCJa<\/p>\n<p>1895<\/p>\n<p>Contribui\u00e7\u00e3o Para a Hist\u00f3ria do Cristianismo Primitivo<\/p>\n<p>https:\/\/www.marxists.org\/portugues\/marx\/1895\/mes\/cristianismo.htm<\/p>\n<p>Carta a Werner Sombart<\/p>\n<p>https:\/\/www.marxists.org\/portugues\/marx\/1895\/03\/11.htm<\/p>\n<p>sem data<\/p>\n<p>As T\u00e1ticas de Infantaria Derivadas a Partir de Suas Causas Materiais 1700-1870<\/p>\n<p>https:\/\/www.marxists.org\/portugues\/marx\/ano\/mes\/infantaria.htm<\/p>\n<p>Temas militares<\/p>\n<p>https:\/\/mega.nz\/folder\/vOpwmQiJ#nJFgpdsE-0mCF0yOOQYqCA\/folder\/rXQklCJa<\/p>\n<p>II. Obras de Engels e Marx:<\/p>\n<p>1840<\/p>\n<p>Escritos sobre literatura<\/p>\n<p>https:\/\/mega.nz\/folder\/vOpwmQiJ#nJFgpdsE-0mCF0yOOQYqCA\/folder\/rXQklCJa<\/p>\n<p>1844<\/p>\n<p>La sagrada fam\u00edlia<\/p>\n<p>https:\/\/mega.nz\/folder\/vOpwmQiJ#nJFgpdsE-0mCF0yOOQYqCA\/folder\/rXQklCJa<\/p>\n<p>1846<\/p>\n<p>Feuerbach. Oposi\u00e7\u00e3o das Concep\u00e7\u00f5es Materialista e Idealista. (Capitulo Primeiro de A Ideologia Alem\u00e3)<\/p>\n<p>https:\/\/www.marxists.org\/portugues\/marx\/1845\/ideologia-alema-oe\/index.htm<\/p>\n<p>1848<\/p>\n<p>Manifesto do Partido Comunista<\/p>\n<p>https:\/\/www.marxists.org\/portugues\/marx\/1848\/ManifestoDoPartidoComunista\/index.htm<\/p>\n<p>Demandas do Partido Comunista na Alemanha<\/p>\n<p>https:\/\/www.marxists.org\/portugues\/marx\/1848\/03\/24.htm<\/p>\n<p>1850<\/p>\n<p>Revolu\u00e7\u00e3o do s\u00e9culo XVII na Inglaterra. \u201cPor que a Revolu\u00e7\u00e3o na Inglaterra teve sucesso?\u201d: uma cr\u00edtica do panfleto de Guizot<\/p>\n<p>https:\/\/www.marxists.org\/portugues\/marx\/1850\/02\/inglaterra.htm<\/p>\n<p>Mensagem da Direc\u00e7\u00e3o Central \u00e0 Liga dos Comunistas<\/p>\n<p>https:\/\/www.marxists.org\/portugues\/marx\/1850\/03\/mensagem-liga.htm<\/p>\n<p>Espi\u00f5es Prussianos em Londres<\/p>\n<p>https:\/\/www.marxists.org\/portugues\/marx\/1850\/06\/14.htm<\/p>\n<p>Dos Refugiados Prussianos para o Editor do The Sun<\/p>\n<p>https:\/\/www.marxists.org\/portugues\/marx\/1850\/06\/15.htm<\/p>\n<p>Declara\u00e7\u00e3o ao Editor do Neue Deutsche Zeitung<\/p>\n<p>https:\/\/www.marxists.org\/portugues\/marx\/1850\/07\/04.htm<\/p>\n<p>1852<\/p>\n<p>Declara\u00e7\u00e3o P\u00fablica aos Editores da Imprensa Inglesa<\/p>\n<p>https:\/\/www.marxists.org\/portugues\/marx\/1852\/10\/30.htm<\/p>\n<p>1854<\/p>\n<p>Escritos sobre Espa\u00f1a<\/p>\n<p>https:\/\/mega.nz\/folder\/vOpwmQiJ#nJFgpdsE-0mCF0yOOQYqCA\/folder\/rXQklCJa<\/p>\n<p>1858<\/p>\n<p>Escritos v\u00e1rios sobre la dialectica<\/p>\n<p>https:\/\/mega.nz\/folder\/vOpwmQiJ#nJFgpdsE-0mCF0yOOQYqCA\/folder\/rXQklCJa<\/p>\n<p>1871<\/p>\n<p>Sobre a Comuna<\/p>\n<p>https:\/\/www.marxists.org\/portugues\/marx\/1871\/05\/30.htm<\/p>\n<p>1872<\/p>\n<p>As Pretensas Cis\u00f5es na Internacional. Circular Privada do Conselho Geral da Associa\u00e7\u00e3o Internacional dos Trabalhadores<\/p>\n<p>https:\/\/www.marxists.org\/portugues\/marx\/1872\/cisoes\/index.htm#tn211<\/p>\n<p>Das Resolu\u00e7\u00f5es do Congresso Geral Realizado na Haia<\/p>\n<p>https:\/\/www.marxists.org\/portugues\/marx\/1872\/09\/07.htm<\/p>\n<p>1879<\/p>\n<p>Carta Circular a A. Bebel, W. Liebknecht, W. Bracke e Outros<\/p>\n<p>https:\/\/www.marxists.org\/portugues\/marx\/1879\/09\/18.htm<\/p>\n<p>sem data.<\/p>\n<p>Obras Escolhidas (em Tr\u00eas Tomos). Karl Marx e Friedrich Engels<\/p>\n<p>https:\/\/www.marxists.org\/portugues\/marx\/escolhidas\/index.htm<\/p>\n<p>Colet\u00e2nea Textos Sobre Educa\u00e7\u00e3o e Ensino<\/p>\n<p>https:\/\/www.marxists.org\/portugues\/marx\/ano\/mes\/ensino.htm<\/p>\n<p>Cartas<\/p>\n<p>Marx e Engels<\/p>\n<p>https:\/\/www.marxists.org\/portugues\/marx\/escolhidas\/cartas_indice.htm<\/p>\n<p>1881<\/p>\n<p>Escritos sobre Rusia<\/p>\n<p>https:\/\/mega.nz\/folder\/vOpwmQiJ#nJFgpdsE-0mCF0yOOQYqCA\/folder\/rXQklCJa<\/p>\n<p>III. Textos sobre Engels (e Marx):<\/p>\n<p>\u201cSobre a quest\u00e3o da Moradia\u201d: perman\u00eancias sob a vis\u00e3o marxista. \u2013 Bianca Davi Pereira de Almeida e Bernardo Marques Azevedo de Souza Pinto<\/p>\n<p>file:\/\/\/C:\/Users\/marcia\/Downloads\/230470-74427-1-PB.pdf<\/p>\n<p>Dossi\u00ea ENGELS \u2013 Revista ANT\u00cdTESE<\/p>\n<p>A CONTRIBUI\u00c7\u00c3O DOS TEXTOS JUVENIS DE ENGELS \u00c0 CR\u00cdTICA DA ECONOMIA POL\u00cdTICA<\/p>\n<p>Rodrigo Castelo Branco (PDF)<\/p>\n<p>FRIEDRICH ENGELS E A SITUA\u00c7\u00c3O DA<\/p>\n<p>CLASSE TRABALHADORA ONTEM E HOJE<\/p>\n<p>Jos\u00e9 de Lima Soares (PDF)<\/p>\n<p>A DIAL\u00c9TICA DA NATUREZA E A ANTIDIAL\u00c9TICA DOS QUE COMBATEM ENGELS<\/p>\n<p>Gilson Dantas (PDF)<\/p>\n<p>ENGELS, CI\u00caNCIA E SOCIALISMO*<\/p>\n<p>Pablo Rieznik (PDF)<\/p>\n<p>ENGELS E A ORIGEM DO MARXISMO<\/p>\n<p>Marcos Del Roio (PDF)<\/p>\n<p>ENGELS E O PROBLEMA DA REVOLU\u00c7\u00c3O<\/p>\n<p>BURGUESA NA ALEMANHA<\/p>\n<p>David Maciel (PDF)<\/p>\n<p>Marx, Engels e a concep\u00e7\u00e3o de modo(s) de produ\u00e7\u00e3o: uma resposta ao paradoxo no centro da teoria marxista, Paulo Fernando Rocha Antunes<\/p>\n<p>https:\/\/periodicos.ufpb.br\/ojs2\/index.php\/problemata\/article\/view\/48454<\/p>\n<p>Engels, Marx e o pragmatismo: a odisseia de William English Walling \u2013 Paulo Fernando Rocha Antunes<\/p>\n<p>https:\/\/www3.ufrb.edu.br\/seer\/index.php\/griot\/article\/view\/726<\/p>\n<p>Democracia e revolu\u00e7\u00e3o no pensamento de Marx e Engels (1847-1850) \u2013 \u00c1lvaro Bianchi<\/p>\n<p><a href=\"http:\/\/outubrorevista.com.br\/wp-content\/uploads\/2015\/02\/Revista-Outubro-Edic%CC%A7a%CC%83o-16-Artigo-04.pdf\" target=\"_blank\" rel=\"noopener noreferrer nofollow\">Clique para acessar o Revista-Outubro-Edic%CC%A7a%CC%83o-16-Artigo-04.pdf<\/a><\/p>\n<p>Educa\u00e7\u00e3o, escola e humaniza\u00e7\u00e3o em Marx, Engels e Luk\u00e1cs \u2013 Liliam Faria Porto Borges<\/p>\n<p>file:\/\/\/C:\/Users\/marcia\/Downloads\/12747-Texto%20do%20artigo-38317-2-10-20170912.pdf<\/p>\n<p>A \u201cquest\u00e3o social\u201d nas obras de Marx e Engels \u2013 Rodrigo Castelo Branco<\/p>\n<p>http:\/\/www.unirio.br\/unirio\/cchs\/ess\/Members\/rodrigo.castelo\/artigos\/a-questao-social-nas-obras-de-marx-e-engels<\/p>\n<p>Marx e Engels: pol\u00edtica internacional e luta de classes \u2013 Caio Bugiato<\/p>\n<p>https:\/\/www.cartainternacional.abri.org.br\/Carta\/article\/view\/802<\/p>\n<p>Morgan e Engels: consider\u00e7\u00f5es sobre a coincid\u00eancia entre as no\u00e7\u00f5es de evolu\u00e7\u00e3o e de progresso. Gilson Goulart Carrijo<\/p>\n<p>http:\/\/www.seer.ufu.br\/index.php\/historiaperspectivas\/article\/view\/19156<\/p>\n<p>O \u201csegundo violino\u201d: Contribui\u00e7\u00f5es de Engels \u00e0s quest\u00f5es sociais.- Tain\u00e3 Alcantara de Carvalho<\/p>\n<p>http:\/\/revistasep.org.br\/index.php\/SEP\/article\/view\/86<\/p>\n<p>Trabalho em Marx \/Engels e a apropria\u00e7\u00e3o desse conceito por Vygotski \u2013 Adriane Cenci<\/p>\n<p><a href=\"http:\/\/coral.ufsm.br\/sifedocregional\/images\/Anais\/Eixo%2005\/Adriane%20Cenci.pdf\" target=\"_blank\" rel=\"noopener noreferrer nofollow\">Clique para acessar o Adriane%20Cenci.pdf<\/a><\/p>\n<p>Marx &amp; Engels.Tomo I \u2013 Auguste Cornu<\/p>\n<p>(PDF)<\/p>\n<p>O JOVEM ENGELS E O ESBO\u00c7O DA CR\u00cdTICA DA ECONOMIA POL\u00cdTICA, DE 1844 \u2013 Fellipe Cotrim e Luiz Eduardo Sim\u00f5es de Souza<\/p>\n<p><a href=\"http:\/\/www.abphe.org.br\/uploads\/Encontro_2018\/COTRIM_%20DE%20SOUZA.%20O%20JOVEM%20ENGELS%20E%20O%20ESBO%C3%87O%20DA%20CR%C3%8DTICA%20DA%20ECONOMIA%20POL%C3%8DTICA,%20DE%201844.pdf\" target=\"_blank\" rel=\"noopener noreferrer nofollow\">Clique para acessar o COTRIM_%20DE%20SOUZA.%20O%20JOVEM%20ENGELS%20E%20O%20ESBO%C3%87O%20DA%20CR%C3%8DTICA%20DA%20ECONOMIA%20POL%C3%8DTICA,%20DE%201844.pdf<\/a><\/p>\n<p>ENGELS: o interlocutor fundamental de Marx \u2013 J\u00e9ferson Dantas<\/p>\n<p>https:\/\/revistas.udesc.br\/index.php\/tempo\/article\/view\/2175180303022011241<\/p>\n<p>Engels e a teoria do bonapartismo \u2013 Felipe Demier<\/p>\n<p><a href=\"http:\/\/outubrorevista.com.br\/wp-content\/uploads\/2015\/02\/Revista-Outubro-Edic%CC%A7a%CC%83o-22-Artigo-06.pdf\" target=\"_blank\" rel=\"noopener noreferrer nofollow\">Clique para acessar o Revista-Outubro-Edic%CC%A7a%CC%83o-22-Artigo-06.pdf<\/a><\/p>\n<p>O retorno de Engels \u2013 JOHN BELLAMY FOSTER<\/p>\n<p><a href=\"https:\/\/www.ifch.unicamp.br\/criticamarxista\/arquivos_biblioteca\/artigo2018_11_04_15_03_58.pdf\" target=\"_blank\" rel=\"noopener noreferrer nofollow\">Clique para acessar o artigo2018_11_04_15_03_58.pdf<\/a><\/p>\n<p>O DESENVOLVIMENTO HIST\u00d3RICO OCIDENTAL EM \u201cA IDEOLOGIA ALEM\u00c3\u201d, DE MARX E ENGELS \u2013 Giovanni Barillari de FREITAS<\/p>\n<p>file:\/\/\/C:\/Users\/marcia\/Downloads\/6675-16831-1-SM.pdf<\/p>\n<p>Alguns aspectos filos\u00f3ficos e pol\u00edticos da teoria de Estado em Marx e Engels \u2013 R\u00e9my Herrera<\/p>\n<p>https:\/\/periodicos.ufes.br\/argumentum\/article\/view\/2020<\/p>\n<p>CONTRIBUI\u00c7\u00d5ES DE MARX E ENGELS PARA O ENSINO E EDUCA\u00c7\u00c3O- Fl\u00e1vio Pereira de Jesus<\/p>\n<p>https:\/\/www.editorarealize.com.br\/index.php\/artigo\/visualizar\/20571#<\/p>\n<p>O problema Marx-Engels: por que Engels n\u00e3o falseou O capital marxiano \u2013 Michael Kr\u00e4tke<\/p>\n<p><a href=\"http:\/\/www.verinotio.org\/conteudo\/0.2380829595384.pdf\" target=\"_blank\" rel=\"noopener noreferrer nofollow\">Clique para acessar o 0.2380829595384.pdf<\/a><\/p>\n<p>Friedrich Engels \u2013 V. I. L\u00e9nine<\/p>\n<p>https:\/\/www.marxists.org\/portugues\/lenin\/1895\/mes\/engels.htm<\/p>\n<p>A Correspond\u00eancia entre Marx e Engels \u2013 VLADIMIR L\u00caNIN<\/p>\n<blockquote class=\"wp-embedded-content\" data-secret=\"Y1m5VKYfqn\"><p><a href=\"https:\/\/movimentorevista.com.br\/2018\/11\/a-correspondencia-entre-marx-e-engels\/\">A Correspond\u00eancia entre Marx e Engels<\/a><\/p><\/blockquote>\n<p><iframe loading=\"lazy\" class=\"wp-embedded-content\" sandbox=\"allow-scripts\" security=\"restricted\" style=\"position: absolute; clip: rect(1px, 1px, 1px, 1px);\" title=\"&#8220;A Correspond\u00eancia entre Marx e Engels&#8221; &#8212; Revista Movimento\" src=\"https:\/\/movimentorevista.com.br\/2018\/11\/a-correspondencia-entre-marx-e-engels\/embed\/#?secret=Y1m5VKYfqn\" data-secret=\"Y1m5VKYfqn\" width=\"600\" height=\"338\" frameborder=\"0\" marginwidth=\"0\" marginheight=\"0\" scrolling=\"no\"><\/iframe><\/p>\n<p>Karl Marx e Friedrich Engels na mira da raz\u00e3o negra: eurocentrismo marxista em desencanto por meio da afrocentricidade \u2013 Marcelo de Jesus Lima<\/p>\n<p><a href=\"https:\/\/africaeafricanidades.net\/documentos\/0290112019.pdf\" target=\"_blank\" rel=\"noopener noreferrer nofollow\">Clique para acessar o 0290112019.pdf<\/a><\/p>\n<p>Trabalho e educa\u00e7\u00e3o infantil em Marx e Engels \u2013 Jos\u00e9 Claudinei Lombardi<\/p>\n<p>https:\/\/periodicos.sbu.unicamp.br\/ojs\/index.php\/histedbr\/article\/view\/8639722<\/p>\n<p>Marx e Engels como soci\u00f3logos da religi\u00e3o \u2013 Michael L\u00f6wy<\/p>\n<p>https:\/\/www.scielo.br\/scielo.php?script=sci_arttext&#038;pid=S0102-64451998000100009&#038;lang=pt<\/p>\n<p>SOBRE A POL\u00cdTICA NA IDEOLOGIA ALEM\u00c3 DE MARX E ENGELS \u2013 Vilson Aparecido da Mata<\/p>\n<p>http:\/\/www.periodicos.ufc.br\/dialectus\/article\/view\/31012<\/p>\n<p>Friedrich Engels. A origem da fam\u00edlia, da propriedade privada e do Estado \u2013 Luciana Marcassa<\/p>\n<p>https:\/\/revista.pgsskroton.com\/index.php\/educ\/article\/view\/2178<\/p>\n<p>PROLETARIADO E LUTA DE CLASSES EM MARX E ENGELS \u2013 ELIEL MACHADO<\/p>\n<p><a href=\"http:\/\/www.snh2011.anpuh.org\/resources\/anais\/14\/1300909273_ARQUIVO_Anpuh_2011_Eliel_Machado.pdf\" target=\"_blank\" rel=\"noopener noreferrer nofollow\">Clique para acessar o 1300909273_ARQUIVO_Anpuh_2011_Eliel_Machado.pdf<\/a><\/p>\n<p>FRIEDRICH ENGELS, HISTORIADOR DA REVOLU\u00c7\u00c3O ALEM\u00c3 DE 1848-1849 \u2013 David MACIEL<\/p>\n<p>https:\/\/revistas.marilia.unesp.br\/index.php\/novosrumos\/article\/view\/3459<\/p>\n<p>O lugar de Marx e Engels na modernidade: ra\u00e7a, colonialismo e eurocentrismo \u2013 Jones Manoel<\/p>\n<p><a href=\"https:\/\/blogdaboitempo.com.br\/2020\/07\/31\/o-lugar-de-marx-e-engels-na-modernidade-raca-colonialismo-e-eurocentrismo\/\">O lugar de Marx e Engels na modernidade: ra\u00e7a, colonialismo e&nbsp;eurocentrismo<\/a><\/p>\n<p>Hist\u00f3ria cr\u00edtica das Obras completas de Marx e Engels (MEGA) \u2013 THOMAS MARXHAUSEN<\/p>\n<p><a href=\"https:\/\/www.ifch.unicamp.br\/criticamarxista\/arquivos_biblioteca\/artigo2015_11_09_16_31_1133.pdf\" target=\"_blank\" rel=\"noopener noreferrer nofollow\">Clique para acessar o artigo2015_11_09_16_31_1133.pdf<\/a><\/p>\n<p>Friedrich Engels: una biograf\u00eda \u2013 Gustav Mayer<\/p>\n<p>https:\/\/drive.google.com\/file\/d\/1hwhszU_JvDDwdgiYN3DBQMS-Ee1zjYMJ\/view?usp=sharing<\/p>\n<p>Friedrich Engels e a quest\u00e3o habitacional: o pauperismo socialmente produzido no sistema capitalista e as condi\u00e7\u00f5es de moradia \u2013 Wanderson Fabio de Melo<\/p>\n<p><a href=\"http:\/\/www.verinotio.org\/conteudo\/0.8126378458111.pdf\" target=\"_blank\" rel=\"noopener noreferrer nofollow\">Clique para acessar o 0.8126378458111.pdf<\/a><\/p>\n<p>A INFLU\u00caNCIA DA TEORIA \u00c9TICA DE ADAM SMITH NO JOVEM ENGELS \u2013 Franco Maximiliano Rodr\u00edguez Migliarini<\/p>\n<p>https:\/\/periodicos.unb.br\/index.php\/polemos\/article\/view\/23364<\/p>\n<p>Marx, Engels e a 1\u00aa Internacional \u2013 Alex Minoru<\/p>\n<blockquote class=\"wp-embedded-content\" data-secret=\"YAI0btXcmj\"><p><a href=\"https:\/\/www.marxismo.org.br\/marx-engels-e-a-1a-internacional\/\">Marx, Engels e a 1\u00aa Internacional<\/a><\/p><\/blockquote>\n<p><iframe loading=\"lazy\" class=\"wp-embedded-content\" sandbox=\"allow-scripts\" security=\"restricted\" style=\"position: absolute; clip: rect(1px, 1px, 1px, 1px);\" title=\"&#8220;Marx, Engels e a 1\u00aa Internacional&#8221; &#8212; Esquerda Marxista\" src=\"https:\/\/www.marxismo.org.br\/marx-engels-e-a-1a-internacional\/embed\/#?secret=YAI0btXcmj\" data-secret=\"YAI0btXcmj\" width=\"600\" height=\"338\" frameborder=\"0\" marginwidth=\"0\" marginheight=\"0\" scrolling=\"no\"><\/iframe><\/p>\n<p>MARX E ENGELS: A IMPORT\u00c2NCIA DA LEITURA DOS CL\u00c1SSICOS NA FORMA\u00c7\u00c3O DO EDUCADOR \u2013 Dalva Helena de Medeiros e Osmar Martins de Souza<\/p>\n<p>file:\/\/\/C:\/Users\/marcia\/Downloads\/9495-26603-1-PB.pdf<\/p>\n<p>A NATUREZA EM MARX E ENGELS: Contribui\u00e7\u00e3o ao debate da quest\u00e3o ambiental na atualidade \u2013 Eduardo Corr\u00eaa Morrone e Carlos Roberto da Silva Machado<\/p>\n<p>file:\/\/\/C:\/Users\/marcia\/Downloads\/3877-10769-1-PB.pdf<\/p>\n<p>Notas sobre Anti-D\u00fchring, de Engels \u2013 Ricardo Musse<\/p>\n<p><a href=\"https:\/\/blogdaboitempo.com.br\/2016\/04\/29\/notas-sobre-anti-duhring-de-engels\/\">Notas sobre Anti-D\u00fchring, de&nbsp;Engels<\/a><\/p>\n<p>Marx &amp;Engels- David Riazanov<\/p>\n<p>(PDF)<\/p>\n<p>Dossi\u00ea Friedrich Engels \u2013 Revista Novos Rumos<\/p>\n<p><a href=\"https:\/\/institutoastrojildopereira.com\/2020\/08\/06\/dossie-friedrich-engels-revista-novos-rumos\/\">Dossi\u00ea Friedrich Engels &#8211; Revista Novos&nbsp;Rumos<\/a><\/p>\n<p>Democracia e ditadura na teoria pol\u00edtica de Marx e Engels \u2013 The\u00f3filo Code\u00e7o Machado Rodrigues<\/p>\n<p>file:\/\/\/C:\/Users\/marcia\/Downloads\/36683-124272-1-PB.pdf<\/p>\n<p>As grandes cidades e suas contradi\u00e7\u00f5es: a sociologia urbana de Friedrich Engels \u2013 Wallace Cabral Ribeiro<\/p>\n<p><a href=\"http:\/\/outubrorevista.com.br\/wp-content\/uploads\/2019\/09\/06_Ribeiro.pdf\" target=\"_blank\" rel=\"noopener noreferrer nofollow\">Clique para acessar o 06_Ribeiro.pdf<\/a><\/p>\n<p>Friedrich Engels: As Influ\u00eancias do \u201cGeneral\u201d na Parceria com o \u201cMouro\u201d e no Socialismo Internacional \u2013 Wallace Cabral Ribeiro<\/p>\n<p>https:\/\/periodicos.ufmg.br\/index.php\/revistatrespontos\/article\/view\/3325<\/p>\n<p>\u2018A pausa de Engels\u2019 e a condi\u00e7\u00e3o da classe trabalhadora na Inglaterra \u2013 Michael Roberts<\/p>\n<p>https:\/\/www.cartamaior.com.br\/?\/Editoria\/Leituras\/-A-pausa-de-Engels-e-a-condicao-da-classe-trabalhadora-na-Inglaterra\/58\/46811<\/p>\n<p>Democracia e ditadura na teoria pol\u00edtica de Marx e Engels \u2013 The\u00f3filo Code\u00e7o Machado Rodrigues<\/p>\n<p>file:\/\/\/C:\/Users\/marcia\/Downloads\/36683-124272-1-PB%20(1).pdf<\/p>\n<p>KARL MARX, FRIEDRICH ENGELS E O FEN\u00d4MENO RELIGIOSO \u2013 RENATO TORRES ANACLETO ROSA<\/p>\n<p><a href=\"http:\/\/www.unitau.br\/files\/arquivos\/category_154\/MCH1205_1427389135.pdf\" target=\"_blank\" rel=\"noopener noreferrer nofollow\">Clique para acessar o MCH1205_1427389135.pdf<\/a><\/p>\n<p>A publica\u00e7\u00e3o dos livros II e III d\u2019O capital por Engels \u2013 Regina Roth<\/p>\n<p><a href=\"http:\/\/www.verinotio.org\/conteudo\/0.32662100189051.pdf\" target=\"_blank\" rel=\"noopener noreferrer nofollow\">Clique para acessar o 0.32662100189051.pdf<\/a><\/p>\n<p>Friedrich Engels e a moral frente ao fenecimento do Estado \u2013 Vitor Bartoletri Sartori<\/p>\n<p>file:\/\/\/C:\/Users\/marcia\/Downloads\/18957-80901-1-PB.pdf<\/p>\n<p>FRIEDRICH ENGELS E O DUPLO ASPECTO DA IGUALDADE \u2013 Vitor Bartoletti Sartori<\/p>\n<p><a href=\"http:\/\/www.mpsp.mp.br\/portal\/page\/portal\/documentacao_e_divulgacao\/doc_biblioteca\/bibli_servicos_produtos\/bibli_informativo\/bibli_inf_2006\/Rev-FD-UFMG_68.25.pdf\" target=\"_blank\" rel=\"noopener noreferrer nofollow\">Clique para acessar o Rev-FD-UFMG_68.25.pdf<\/a><\/p>\n<p>Engels, de burgu\u00eas a revolucion\u00e1rio \u2013 HAROLDO CERAVOLO SEREZA e<br \/>\nFERNANDO CARVALL<\/p>\n<p>https:\/\/operamundi.uol.com.br\/super-revolucionarios\/65130\/engels-de-burgues-a-revolucionario<\/p>\n<p>Marx e Engels: fundamentos do poder pol\u00edtico<\/p>\n<p>Jos\u00e9 Otac\u00edlio da Silva<\/p>\n<p>http:\/\/e-revista.unioeste.br\/index.php\/temasematizes\/article\/view\/549<\/p>\n<p>Notas introdut\u00f3rias ao texto de F. Engels sobre a marca \u2013 L\u00edgia Os\u00f3rio Silva<\/p>\n<p><a href=\"https:\/\/www.ifch.unicamp.br\/criticamarxista\/arquivos_biblioteca\/documento6documento1.pdf\" target=\"_blank\" rel=\"noopener noreferrer nofollow\">Clique para acessar o documento6documento1.pdf<\/a><\/p>\n<p>Friedrich Engels \u2013 biografia e obras de Engels \u2013 Vinicius Siqueira<\/p>\n<p>https:\/\/colunastortas.com.br\/friedrich-engels\/<\/p>\n<p>MARX E ENGELS Luta de classes, Socialismo Cient\u00edfico e Organiza\u00e7\u00e3o Pol\u00edtica \u2013 Sandra M.M. Siqueira e Francisco Pereira<\/p>\n<p><a href=\"http:\/\/www.lemarx.faced.ufba.br\/arquivo\/marx-engels-luta-socialismo-organizacao.pdf\" target=\"_blank\" rel=\"noopener noreferrer nofollow\">Clique para acessar o marx-engels-luta-socialismo-organizacao.pdf<\/a><\/p>\n<p>\u201cAqui \u00e9 da terra que se sobe ao c\u00e9u\u201d: Marx, Engels e a religi\u00e3o \u2013 Rui Bragado Sousa<\/p>\n<p>file:\/\/\/C:\/Users\/marcia\/Downloads\/17256-Texto%20do%20artigo-92986-1-10-20131016<\/p>\n<p>O anti-engelsismo: um compromisso contra o materialismo , Caio Navarro de Toledo<\/p>\n<p>A CONCEP\u00c7\u00c3O DE HOMEM NA OBRA \u201cA IDEOLOGIA ALEM\u00c3\u201d DE MARX E ENGELS \u2013 Fabiano Veliq<\/p>\n<p>http:\/\/periodicos.pucminas.br\/index.php\/SapereAude\/article\/view\/23275<\/p>\n<p>A VIS\u00c3O ESCATOL\u00d3GICA DE MARX E ENGELS SOBRE O CAMPESINATO E A VIDA LOCAL RURAL \u2013 Cristiano Wellington; Nobcrto Ramalho; Raimundo Nonato Pereira Moreira<\/p>\n<p>file:\/\/\/C:\/Users\/marcia\/Downloads\/235311-108457-1-PB.pdf<\/p>\n<p>A CR\u00cdTICA DE MARX E ENGELS AO DOM\u00cdNIO DAS ID\u00c9IAS: A IDEOLOGIA \u2013 Jos\u00e9 Luiz Zanella<\/p>\n<p>file:\/\/\/C:\/Users\/marcia\/Downloads\/7392-26653-1-PB.pdf<\/p>\n<p>IV. Teses e Disserta\u00e7\u00f5es:<\/p>\n<p>FRIEDRICH ENGELS: GUERRA E POL\u00cdTICA Uma investiga\u00e7\u00e3o sobre a an\u00e1lise marxista da guerra e das organiza\u00e7\u00f5es militares \u2013 DOUGLAS ROG\u00c9RIO ANFRA<\/p>\n<p><a href=\"https:\/\/www.teses.usp.br\/teses\/disponiveis\/8\/8133\/tde-30072013-114121\/publico\/2013_DouglasRogerioAnfra_VCorr.pdf\" target=\"_blank\" rel=\"noopener noreferrer nofollow\">Clique para acessar o 2013_DouglasRogerioAnfra_VCorr.pdf<\/a><\/p>\n<p>Marx, Engels e os limites do sindicalismo \u2013 Giovanni Alves<\/p>\n<p>https:\/\/bdtd.ibict.br\/vufind\/Record\/CAMP_4a15e9ded31db7fc42e1cc5bbe99174f<\/p>\n<p>Marx e o ultimo Engels : o modo de produ\u00e7\u00e3o asi\u00e1tico \u2013 Jair Antunes<\/p>\n<p>https:\/\/bdtd.ibict.br\/vufind\/Record\/CAMP_dfc1e72a9c67159fc429267600004e00<\/p>\n<p>Flechas e martelos: Marx e Engels como leitores de Lewis Morgan \u2013 Lucas Parreira \u00c1lvares<\/p>\n<p>https:\/\/bdtd.ibict.br\/vufind\/Record\/UFMG_a0b5ec7e11f148f7733b3f288e948b42<\/p>\n<p>A proposta marxiana\/engelsiana de vincula\u00e7\u00e3o e trabalho e ensino no embate com o utopismo e reformismo burgu\u00eas (an\u00e1lise te\u00f3rico-hist\u00f3rica) Sharly Albuquerque<\/p>\n<p>https:\/\/bdtd.ibict.br\/vufind\/Record\/UFC-7_e510a812215e8ab26c90a0dbd2cab7bb<\/p>\n<p>A quest\u00e3o educacional nas obras de Karl Marx e Friedrich Engels \u2013<br \/>\nNetto, Mario Borges<\/p>\n<p>https:\/\/repositorio.ufu.br\/handle\/123456789\/13899<\/p>\n<p>Estudos do lazer no Brasil : apropria\u00e7\u00e3o da obra de Marx e Engels \u2013<\/p>\n<p>Elza Peixoto<\/p>\n<p>https:\/\/bdtd.ibict.br\/vufind\/Record\/CAMP_ecd998d1cf2e90c4142d74c411071702<\/p>\n<p>Dial\u00e9tica \u00e0s pressas: intera\u00e7\u00e3o entre jornalismo e pesquisa na obra de Marx e Engels \u2013 Danilo Chaves Nakamura<\/p>\n<p>https:\/\/bdtd.ibict.br\/vufind\/Record\/USP_1b682967aba7185aa2c3bd282f5a8059<\/p>\n<p>As rela\u00e7\u00f5es entre a concep\u00e7\u00e3o de natureza de F. Engels e a hip\u00f3tese A. I. Oparin sobre o problema da origem da vida na terra \u2013 Carlos Negretti<\/p>\n<p>https:\/\/bdtd.ibict.br\/vufind\/Record\/PUC_SP-1_eb8ed538aafeb889d38abac519f66770<\/p>\n<p>Lentes coloridas: direito e religi\u00e3o, as concep\u00e7\u00f5es de mundo e a quest\u00e3o da igualdade em F. Engels<\/p>\n<p>Gabriel Perdig\u00e3o<\/p>\n<p>https:\/\/bdtd.ibict.br\/vufind\/Record\/UFMG_b714de070d468f2d8282b8c058c40f1f<\/p>\n<p>Os direitos humanos na perspectiva de Marx e Engels<\/p>\n<p>Jos\u00e9 Dami\u00e3o Trindade<\/p>\n<p>https:\/\/bdtd.ibict.br\/vufind\/Record\/UPM_e19214ce19403ef54909a0960512d4ca<\/p>\n<p>A uni\u00e3o do ensino com o trabalho produtivo: a educa\u00e7\u00e3o em Marx e Engels \u2013 Douglas Ferreira de Paula<\/p>\n<p>https:\/\/bdtd.ibict.br\/vufind\/Record\/USP_a38de12d3f14d739d22b8ee290e3d471<\/p>\n<p>V. V\u00eddeos sobre Engels (e Marx):<\/p>\n<p>Friedrich Engels<\/p>\n<p><span class=\"embed-youtube\" style=\"text-align:center; display: block;\"><iframe loading=\"lazy\" class=\"youtube-player\" width=\"747\" height=\"421\" src=\"https:\/\/www.youtube.com\/embed\/dKVRoSJIiqw?version=3&#038;rel=1&#038;showsearch=0&#038;showinfo=1&#038;iv_load_policy=1&#038;fs=1&#038;hl=pt-BR&#038;autohide=2&#038;wmode=transparent\" allowfullscreen=\"true\" style=\"border:0;\" sandbox=\"allow-scripts allow-same-origin allow-popups allow-presentation allow-popups-to-escape-sandbox\"><\/iframe><\/span><\/p>\n<p>ENGELS E OS ESTUDOS FEMINISTAS | Maria Lygia Quartim de Moraes<\/p>\n<p><span class=\"embed-youtube\" style=\"text-align:center; display: block;\"><iframe loading=\"lazy\" class=\"youtube-player\" width=\"747\" height=\"421\" src=\"https:\/\/www.youtube.com\/embed\/hUOkssoQZso?version=3&#038;rel=1&#038;showsearch=0&#038;showinfo=1&#038;iv_load_policy=1&#038;fs=1&#038;hl=pt-BR&#038;autohide=2&#038;wmode=transparent\" allowfullscreen=\"true\" style=\"border:0;\" sandbox=\"allow-scripts allow-same-origin allow-popups allow-presentation allow-popups-to-escape-sandbox\"><\/iframe><\/span><\/p>\n<p>Friedrich Engels: a revolu\u00e7\u00e3o e a quest\u00e3o militar \u2013 Jones Manoel<\/p>\n<p>https:\/\/revistaopera.com.br\/2020\/06\/10\/video-friedrich-engels-a-revolucao-e-a-questao-militar\/<\/p>\n<p>Cedo Demais \/ Tarde Demais<\/p>\n<p>http:\/\/mytwothousandmovies.blogspot.com\/2020\/02\/cedo-demais-tarde-demais-trop-tottrop.html<\/p>\n<p>O Jovem Karl Marx<\/p>\n<p>https:\/\/pt-br.facebook.com\/UJSBRASIL\/videos\/filme-completo-o-jovem-karl-marx\/1862146417143781\/<\/p>\n<p>Os manuscritos de Karl Marx e Friedrich Engels | Por Michael Heinrich<\/p>\n<p><span class=\"embed-youtube\" style=\"text-align:center; display: block;\"><iframe loading=\"lazy\" class=\"youtube-player\" width=\"747\" height=\"421\" src=\"https:\/\/www.youtube.com\/embed\/d1SngcUKD8M?version=3&#038;rel=1&#038;showsearch=0&#038;showinfo=1&#038;iv_load_policy=1&#038;fs=1&#038;hl=pt-BR&#038;autohide=2&#038;wmode=transparent\" allowfullscreen=\"true\" style=\"border:0;\" sandbox=\"allow-scripts allow-same-origin allow-popups allow-presentation allow-popups-to-escape-sandbox\"><\/iframe><\/span><\/p>\n<p>I Curso Livre Marx-Engels: \u201cManifesto Comunista\u201d, por Chico de Oliveira<\/p>\n<p><span class=\"embed-youtube\" style=\"text-align:center; display: block;\"><iframe loading=\"lazy\" class=\"youtube-player\" width=\"747\" height=\"421\" src=\"https:\/\/www.youtube.com\/embed\/QUReC8aIwJg?version=3&#038;rel=1&#038;showsearch=0&#038;showinfo=1&#038;iv_load_policy=1&#038;fs=1&#038;hl=pt-BR&#038;autohide=2&#038;wmode=transparent\" allowfullscreen=\"true\" style=\"border:0;\" sandbox=\"allow-scripts allow-same-origin allow-popups allow-presentation allow-popups-to-escape-sandbox\"><\/iframe><\/span><\/p>\n<p>Jos\u00e9 Paulo Netto | A atualidade do Manifesto Comunista | IV Curso Livre Marx-Engels<\/p>\n<p><span class=\"embed-youtube\" style=\"text-align:center; display: block;\"><iframe loading=\"lazy\" class=\"youtube-player\" width=\"747\" height=\"421\" src=\"https:\/\/www.youtube.com\/embed\/fmbMHOOBzwQ?version=3&#038;rel=1&#038;showsearch=0&#038;showinfo=1&#038;iv_load_policy=1&#038;fs=1&#038;hl=pt-BR&#038;autohide=2&#038;wmode=transparent\" allowfullscreen=\"true\" style=\"border:0;\" sandbox=\"allow-scripts allow-same-origin allow-popups allow-presentation allow-popups-to-escape-sandbox\"><\/iframe><\/span><\/p>\n<p>Alysson Mascaro | Marx, Engels e a cr\u00edtica do Estado e do direito | IV Curso Livre Marx-Engels<\/p>\n<p><span class=\"embed-youtube\" style=\"text-align:center; display: block;\"><iframe loading=\"lazy\" class=\"youtube-player\" width=\"747\" height=\"421\" src=\"https:\/\/www.youtube.com\/embed\/7bM4y9hsJS4?version=3&#038;rel=1&#038;showsearch=0&#038;showinfo=1&#038;iv_load_policy=1&#038;fs=1&#038;hl=pt-BR&#038;autohide=2&#038;wmode=transparent\" allowfullscreen=\"true\" style=\"border:0;\" sandbox=\"allow-scripts allow-same-origin allow-popups allow-presentation allow-popups-to-escape-sandbox\"><\/iframe><\/span><\/p>\n<p>Antonio Rago | A cr\u00edtica do idealismo em Marx e Engels | IV Curso Livre Marx-Engels<\/p>\n<p><span class=\"embed-youtube\" style=\"text-align:center; display: block;\"><iframe loading=\"lazy\" class=\"youtube-player\" width=\"747\" height=\"421\" src=\"https:\/\/www.youtube.com\/embed\/juhXSI3Jb7k?version=3&#038;rel=1&#038;showsearch=0&#038;showinfo=1&#038;iv_load_policy=1&#038;fs=1&#038;hl=pt-BR&#038;autohide=2&#038;wmode=transparent\" allowfullscreen=\"true\" style=\"border:0;\" sandbox=\"allow-scripts allow-same-origin allow-popups allow-presentation allow-popups-to-escape-sandbox\"><\/iframe><\/span><\/p>\n<p>O Manifesto Comunista de Karl Marx e Engels vers\u00e3o cartoon<\/p>\n<p><span class=\"embed-youtube\" style=\"text-align:center; display: block;\"><iframe loading=\"lazy\" class=\"youtube-player\" width=\"747\" height=\"421\" src=\"https:\/\/www.youtube.com\/embed\/Xp4Owv2iY4I?version=3&#038;rel=1&#038;showsearch=0&#038;showinfo=1&#038;iv_load_policy=1&#038;fs=1&#038;hl=pt-BR&#038;autohide=2&#038;wmode=transparent\" allowfullscreen=\"true\" style=\"border:0;\" sandbox=\"allow-scripts allow-same-origin allow-popups allow-presentation allow-popups-to-escape-sandbox\"><\/iframe><\/span><\/p>\n<p>\u00c1rea de anexos<br \/>\nVisualizar o v\u00eddeo Friedrich Engels do YouTube<\/p>\n<p>Visualizar o v\u00eddeo ENGELS E OS ESTUDOS FEMINISTAS | Maria Lygia Quartim de Moraes do YouTube<\/p>\n<p>Visualizar o v\u00eddeo Os manuscritos de Karl Marx e Friedrich Engels | Por Michael Heinrich do YouTube<\/p>\n<p>Visualizar o v\u00eddeo I Curso Livre Marx-Engels: &#8220;Manifesto Comunista&#8221;, por Chico de Oliveira do YouTube<\/p>\n<p>Visualizar o v\u00eddeo Jos\u00e9 Paulo Netto | A atualidade do Manifesto Comunista | IV Curso Livre Marx-Engels do YouTube<\/p>\n<p>Visualizar o v\u00eddeo Alysson Mascaro | Marx, Engels e a cr\u00edtica do Estado e do direito | IV Curso Livre Marx-Engels do YouTube<\/p>\n<p>Visualizar o v\u00eddeo Antonio Rago | A cr\u00edtica do idealismo em Marx e Engels | IV Curso Livre Marx-Engels do YouTube<\/p>\n<p>Visualizar o v\u00eddeo O Manifesto Comunista de Karl Marx e Engels vers\u00e3o cartoon do YouTube<\/p>\n","protected":false},"excerpt":{"rendered":"<a class=\"moretag\" href=\"https:\/\/pcb.org.br\/portal2\/26450\"> <\/a>","protected":false},"author":1,"featured_media":0,"comment_status":"closed","ping_status":"closed","sticky":false,"template":"","format":"standard","meta":{"jetpack_post_was_ever_published":false,"_jetpack_newsletter_access":"","_jetpack_dont_email_post_to_subs":false,"_jetpack_newsletter_tier_id":0,"_jetpack_memberships_contains_paywalled_content":false,"_jetpack_memberships_contains_paid_content":false,"footnotes":"","jetpack_publicize_message":"","jetpack_publicize_feature_enabled":true,"jetpack_social_post_already_shared":true,"jetpack_social_options":{"image_generator_settings":{"template":"highway","default_image_id":0,"font":"","enabled":false},"version":2}},"categories":[33],"tags":[222,228],"class_list":["post-26450","post","type-post","status-publish","format-standard","hentry","category-c34-marxismo","tag-2b","tag-5b"],"jetpack_publicize_connections":[],"jetpack_featured_media_url":"","jetpack_shortlink":"https:\/\/wp.me\/p659gw-6SC","jetpack-related-posts":[],"jetpack_likes_enabled":true,"jetpack_sharing_enabled":true,"_links":{"self":[{"href":"https:\/\/pcb.org.br\/portal2\/wp-json\/wp\/v2\/posts\/26450","targetHints":{"allow":["GET"]}}],"collection":[{"href":"https:\/\/pcb.org.br\/portal2\/wp-json\/wp\/v2\/posts"}],"about":[{"href":"https:\/\/pcb.org.br\/portal2\/wp-json\/wp\/v2\/types\/post"}],"author":[{"embeddable":true,"href":"https:\/\/pcb.org.br\/portal2\/wp-json\/wp\/v2\/users\/1"}],"replies":[{"embeddable":true,"href":"https:\/\/pcb.org.br\/portal2\/wp-json\/wp\/v2\/comments?post=26450"}],"version-history":[{"count":0,"href":"https:\/\/pcb.org.br\/portal2\/wp-json\/wp\/v2\/posts\/26450\/revisions"}],"wp:attachment":[{"href":"https:\/\/pcb.org.br\/portal2\/wp-json\/wp\/v2\/media?parent=26450"}],"wp:term":[{"taxonomy":"category","embeddable":true,"href":"https:\/\/pcb.org.br\/portal2\/wp-json\/wp\/v2\/categories?post=26450"},{"taxonomy":"post_tag","embeddable":true,"href":"https:\/\/pcb.org.br\/portal2\/wp-json\/wp\/v2\/tags?post=26450"}],"curies":[{"name":"wp","href":"https:\/\/api.w.org\/{rel}","templated":true}]}}