{"id":26458,"date":"2020-11-20T23:17:08","date_gmt":"2020-11-21T02:17:08","guid":{"rendered":"https:\/\/pcb.org.br\/portal2\/?p=26458"},"modified":"2020-11-20T23:17:08","modified_gmt":"2020-11-21T02:17:08","slug":"difundir-o-legado-de-zumbi-organizar-e-lutar","status":"publish","type":"post","link":"https:\/\/pcb.org.br\/portal2\/26458","title":{"rendered":"Difundir o legado de Zumbi: organizar e lutar"},"content":{"rendered":"<p><img decoding=\"async\" class=\"imagem\" title=\"imagem\" src=\"https:\/\/i0.wp.com\/lh3.googleusercontent.com\/pw\/ACtC-3eFCE82gty4R-O0cckqoK9flXnz0HUPSAlCiu7gLsYkrlHGpKa4raMGHvLRyyysyn3L-pyp_ZvKNvghmc8VMVJjWVhAsup4RX-N_5MyxvnAsUJ_JAOck6OoRs3gQoiLAQFxbzyGXa8wdoi4PX0V67ZV=w1280-h577-no\" alt=\"imagem\" \/><!--more-->NOTA POL\u00cdTICA DO COLETIVO NEGRO MINERVINO DE OLIVEIRA<\/p>\n<p>O primeiro caso fatal da Covid-19 demonstrou que a chegada da pandemia em nosso pa\u00eds tornaria evidente as verdadeiras faces do capitalismo brasileiro. O direito \u00e0 cidade e o acesso ao saneamento b\u00e1sico determinaram quais seriam as principais v\u00edtimas da doen\u00e7a e, em um contexto de aumento do desemprego e precariedade da reprodu\u00e7\u00e3o da vida da classe trabalhadora, 2020 foi marcado pela solidariedade de classe para a distribui\u00e7\u00e3o de cestas b\u00e1sicas, pois nas periferias, somada \u00e0 pandemia, a fome voltou a ser um dos principais desafios a ser enfrentados pelo povo brasileiro.<\/p>\n<p>O m\u00eas de maio foi marcado pela onda de protestos antirracistas frente ao assassinato de George Floyd, uma a\u00e7\u00e3o truculenta e racista da pol\u00edcia estadunidense. Atos aconteceram em diversos pa\u00edses e no Brasil n\u00e3o foi diferente, pois mesmo em um contexto pand\u00eamico, o Estado brasileiro seguiu com seu projeto genocida. E assim, n\u00f3s seguimos com a luta que tra\u00e7amos desde que chegamos neste territ\u00f3rio.<\/p>\n<p>O Coletivo Negro Minervino de Oliveira honra o compromisso hist\u00f3rico do PCB com a luta antirracista, desde a mobiliza\u00e7\u00e3o para a candidatura do primeiro presidenci\u00e1vel negro do Brasil, que d\u00e1 o nome do nosso Coletivo, passando pela defesa dos direitos religiosos de matriz africana e manifesta\u00e7\u00f5es culturais \u00e0 \u00e9poca com Jorge Amado, at\u00e9 a inser\u00e7\u00e3o em diversas frentes de luta antirracista atualmente.<\/p>\n<p>Na conjuntura em que nos encontramos, com o acirramento dos processos que culminam na luta de classes, nos deparamos com um horizonte de ofensivas do Estado burgu\u00eas: a retirada de direitos b\u00e1sicos, subservi\u00eancia ao capital externo, intensifica\u00e7\u00e3o da agenda neoliberal e tamb\u00e9m o fortalecimento das estruturas que regem o racismo.<\/p>\n<p>Entendemos que o racismo estrutural \u00e9 retroalimentado por inst\u00e2ncias pertencentes ao capital, que lucra com esse projeto [pol\u00edtico] de genoc\u00eddio em massa da nossa popula\u00e7\u00e3o, e a forma de supera\u00e7\u00e3o desse projeto s\u00f3 se dar\u00e1 quando esse horizonte supracitado for o revolucion\u00e1rio, em que a ruptura com o Capital \u00e9 a \u00fanica sa\u00edda.<\/p>\n<p>Zumbi e Dandara, figuras importantes e de luta que t\u00eam como sin\u00f4nimo de seus nomes, e a luta que travaram pela liberta\u00e7\u00e3o dos negros \u00e0 \u00e9poca sob o jugo da escravid\u00e3o, devem ser lembrados nesse 20 de Novembro mais do que nunca, pois significam todo o legado da organiza\u00e7\u00e3o de nosso povo e de nossa revolta.<\/p>\n<p>SALVE ZUMBI!<br \/>\nSALVE DANDARA!<br \/>\nAVANTE!<\/p>\n","protected":false},"excerpt":{"rendered":"<a class=\"moretag\" href=\"https:\/\/pcb.org.br\/portal2\/26458\"> <\/a>","protected":false},"author":1,"featured_media":0,"comment_status":"closed","ping_status":"closed","sticky":false,"template":"","format":"standard","meta":{"jetpack_post_was_ever_published":false,"_jetpack_newsletter_access":"","_jetpack_dont_email_post_to_subs":false,"_jetpack_newsletter_tier_id":0,"_jetpack_memberships_contains_paywalled_content":false,"_jetpack_memberships_contains_paid_content":false,"footnotes":"","jetpack_publicize_message":"","jetpack_publicize_feature_enabled":true,"jetpack_social_post_already_shared":true,"jetpack_social_options":{"image_generator_settings":{"template":"highway","default_image_id":0,"font":"","enabled":false},"version":2}},"categories":[124],"tags":[223],"class_list":["post-26458","post","type-post","status-publish","format-standard","hentry","category-c137-coletivo-minervino-de-oliveira","tag-3a"],"jetpack_publicize_connections":[],"jetpack_featured_media_url":"","jetpack_shortlink":"https:\/\/wp.me\/p659gw-6SK","jetpack-related-posts":[],"jetpack_likes_enabled":true,"jetpack_sharing_enabled":true,"_links":{"self":[{"href":"https:\/\/pcb.org.br\/portal2\/wp-json\/wp\/v2\/posts\/26458","targetHints":{"allow":["GET"]}}],"collection":[{"href":"https:\/\/pcb.org.br\/portal2\/wp-json\/wp\/v2\/posts"}],"about":[{"href":"https:\/\/pcb.org.br\/portal2\/wp-json\/wp\/v2\/types\/post"}],"author":[{"embeddable":true,"href":"https:\/\/pcb.org.br\/portal2\/wp-json\/wp\/v2\/users\/1"}],"replies":[{"embeddable":true,"href":"https:\/\/pcb.org.br\/portal2\/wp-json\/wp\/v2\/comments?post=26458"}],"version-history":[{"count":0,"href":"https:\/\/pcb.org.br\/portal2\/wp-json\/wp\/v2\/posts\/26458\/revisions"}],"wp:attachment":[{"href":"https:\/\/pcb.org.br\/portal2\/wp-json\/wp\/v2\/media?parent=26458"}],"wp:term":[{"taxonomy":"category","embeddable":true,"href":"https:\/\/pcb.org.br\/portal2\/wp-json\/wp\/v2\/categories?post=26458"},{"taxonomy":"post_tag","embeddable":true,"href":"https:\/\/pcb.org.br\/portal2\/wp-json\/wp\/v2\/tags?post=26458"}],"curies":[{"name":"wp","href":"https:\/\/api.w.org\/{rel}","templated":true}]}}