{"id":26463,"date":"2020-11-21T18:07:42","date_gmt":"2020-11-21T21:07:42","guid":{"rendered":"https:\/\/pcb.org.br\/portal2\/?p=26463"},"modified":"2020-11-27T11:18:13","modified_gmt":"2020-11-27T14:18:13","slug":"pcb-pa-edmilson-para-prefeito-de-belem","status":"publish","type":"post","link":"https:\/\/pcb.org.br\/portal2\/26463","title":{"rendered":"PCB-PA: Edmilson para Prefeito de Bel\u00e9m!"},"content":{"rendered":"<p><img decoding=\"async\" class=\"imagem\" title=\"imagem\" src=\"https:\/\/i0.wp.com\/lh3.googleusercontent.com\/pw\/ACtC-3cLxmXyIekcE_hMXowtJYiooNqPOmogtdJvBsmDrKJ26sU5xzVDxc4c-YuZuPbxjaFvvvVqWR1mKnjixz-HxLfBdCuGqA2MSfr_aKILhBUSt-sNvNupJkPsZswynwfP710Cq4jzcoNJgNO6CIkFSSXT=s979-no\" alt=\"imagem\" \/><!--more-->O primeiro turno das elei\u00e7\u00f5es 2020 foi de crescimento da direita tradicional, al\u00e7ada como alternativa sensata \u00e0 extrema-direita bolsonarista, mas que, na pr\u00e1tica, segue o mesmo projeto de precariza\u00e7\u00e3o e destrui\u00e7\u00e3o de direitos.<\/p>\n<p>Em algumas cidades, como S\u00e3o Paulo com Guilherme Boulos, a luta produz esperan\u00e7a na constru\u00e7\u00e3o de um governo de base popular e de origem nos movimentos sociais, ainda que nos limites da democracia burguesa.<\/p>\n<p>No interior do Par\u00e1, observa-se a continuidade das oligarquias ligadas ao latif\u00fandio, aos grandes projetos extrativistas, \u00e0s igrejas neopentecostais e a diversos outros setores reacion\u00e1rios. Em Bel\u00e9m, Edmilson Rodrigues construiu uma frente ampla progressista e enfrenta no segundo turno o Delegado Eguchi, representante do reacionarismo decadente de Bolsonaro, que se utiliza das mesmas estrat\u00e9gias eleitorais s\u00f3rdidas e representa os interesses da classe dominante.<\/p>\n<p>O perigo de que um oportunista de extrema-direita chegue ao poder em Bel\u00e9m \u00e9 real. Edmilson \u00e9 a alternativa popular de esquerda na cidade de Bel\u00e9m. No combate ao bolsonarismo e \u00e0s oligarquias representadas por Zenaldo Coutinho e Helder Barbalho, reafirmamos nosso total apoio \u00e0 candidatura de Edmilson Rodrigues para a Prefeitura de Bel\u00e9m e convocamos todos os nossos militantes e simpatizantes a somar para construir uma ampla campanha que consolide a vit\u00f3ria do povo trabalhador sobre a barb\u00e1rie da extrema-direita.<\/p>\n<p>O voto em Edmilson \u00e9 um voto na esperan\u00e7a contra o \u00f3dio. O voto em Edmilson \u00e9 um voto em defesa de Bel\u00e9m.<\/p>\n<p>Dia 29 \u00e9 voto no 50, para continuar a luta por teto, por trabalho, por terra, por p\u00e3o e por direitos.<\/p>\n<p>LUTAR! CRIAR! PODER POPULAR!<\/p>\n<p>COMITE REGIONAL PCB PAR\u00c1<\/p>\n","protected":false},"excerpt":{"rendered":"<a class=\"moretag\" href=\"https:\/\/pcb.org.br\/portal2\/26463\"> <\/a>","protected":false},"author":1,"featured_media":0,"comment_status":"closed","ping_status":"closed","sticky":false,"template":"","format":"standard","meta":{"jetpack_post_was_ever_published":false,"_jetpack_newsletter_access":"","_jetpack_dont_email_post_to_subs":false,"_jetpack_newsletter_tier_id":0,"_jetpack_memberships_contains_paywalled_content":false,"_jetpack_memberships_contains_paid_content":false,"footnotes":"","jetpack_publicize_message":"","jetpack_publicize_feature_enabled":true,"jetpack_social_post_already_shared":true,"jetpack_social_options":{"image_generator_settings":{"template":"highway","default_image_id":0,"font":"","enabled":false},"version":2}},"categories":[26,363],"tags":[222],"class_list":["post-26463","post","type-post","status-publish","format-standard","hentry","category-c25-notas-politicas-do-pcb","category-pcb-nas-eleicoes-2020","tag-2b"],"jetpack_publicize_connections":[],"jetpack_featured_media_url":"","jetpack_shortlink":"https:\/\/wp.me\/p659gw-6SP","jetpack-related-posts":[],"jetpack_likes_enabled":true,"jetpack_sharing_enabled":true,"_links":{"self":[{"href":"https:\/\/pcb.org.br\/portal2\/wp-json\/wp\/v2\/posts\/26463","targetHints":{"allow":["GET"]}}],"collection":[{"href":"https:\/\/pcb.org.br\/portal2\/wp-json\/wp\/v2\/posts"}],"about":[{"href":"https:\/\/pcb.org.br\/portal2\/wp-json\/wp\/v2\/types\/post"}],"author":[{"embeddable":true,"href":"https:\/\/pcb.org.br\/portal2\/wp-json\/wp\/v2\/users\/1"}],"replies":[{"embeddable":true,"href":"https:\/\/pcb.org.br\/portal2\/wp-json\/wp\/v2\/comments?post=26463"}],"version-history":[{"count":0,"href":"https:\/\/pcb.org.br\/portal2\/wp-json\/wp\/v2\/posts\/26463\/revisions"}],"wp:attachment":[{"href":"https:\/\/pcb.org.br\/portal2\/wp-json\/wp\/v2\/media?parent=26463"}],"wp:term":[{"taxonomy":"category","embeddable":true,"href":"https:\/\/pcb.org.br\/portal2\/wp-json\/wp\/v2\/categories?post=26463"},{"taxonomy":"post_tag","embeddable":true,"href":"https:\/\/pcb.org.br\/portal2\/wp-json\/wp\/v2\/tags?post=26463"}],"curies":[{"name":"wp","href":"https:\/\/api.w.org\/{rel}","templated":true}]}}