{"id":2647,"date":"2012-04-08T20:01:29","date_gmt":"2012-04-08T20:01:29","guid":{"rendered":"http:\/\/pcb.org.br\/portal2\/?p=2647"},"modified":"2012-04-08T20:01:29","modified_gmt":"2012-04-08T20:01:29","slug":"tortura-durante-a-ditadura-relato-de-maria-amelia-de-almeida-teles","status":"publish","type":"post","link":"https:\/\/pcb.org.br\/portal2\/2647","title":{"rendered":"Tortura durante a ditadura, relato de MARIA AM\u00c9LIA DE ALMEIDA TELES"},"content":{"rendered":"\n<p>Fomos levados diretamente para a Oban. Tiraram o C\u00e9sar e o [Carlos Nicolau] Danielli do carro dando coronhadas, batendo. Eu vi que quem comandava a opera\u00e7\u00e3o do alto da escada era o Ustra [coronel reformado do Ex\u00e9rcito Carlos Alberto Brilhante Ustra]. Subi dois degraus e disse: \u2018Isso que voc\u00eas est\u00e3o fazendo \u00e9 um absurdo\u2019. Ele disse: \u2018Foda-se, sua terrorista\u2019, e bateu no meu rosto. Eu rolei no p\u00e1tio. A\u00ed, fui agarrada e arrastada para dentro. A primeira forma de torturar foi me arrancar a roupa. Lembro-me que ainda tentava impedir que tirassem a minha calcinha, que acabou sendo rasgada. Come\u00e7aram com choque el\u00e9trico e dando socos na minha cara. Com tanto choque e soco, teve uma hora que eu apaguei. Quando recobrei a consci\u00eancia, estava deitada, nua, numa cama de lona com um cara em cima de mim, esfregando o meu seio. Era o Mangabeira [codinome do escriv\u00e3o de pol\u00edcia de nome Gaeta], um torturador de l\u00e1. A impress\u00e3o que eu tinha \u00e9 de que estava sendo estuprada. A\u00ed come\u00e7aram novas torturas. Me amarraram na cadeira do drag\u00e3o, nua, e me deram choque no \u00e2nus, na vagina, no umbigo, no seio, na boca, no ouvido. Fiquei nessa cadeira, nua, e os caras se esfregavam em mim, se masturbavam em cima de mim. A gente sentia muita sede e, quando eles davam \u00e1gua, estava com sal. Eles punham sal para voc\u00ea sentir mais sede ainda. Depois fui para o pau de arara. Eles jogavam coca-cola no nariz. Voc\u00ea fi cava nua como frango no a\u00e7ougue, e eles espetando seu p\u00e9, suas n\u00e1degas, falando que era o soro da verdade. Mas com certeza a pior tortura foi ver meus fi lhos entrando na sala quando eu estava na cadeira do drag\u00e3o. Eu estava nua, toda urinada por conta dos choques. Quando me viu, a Jana\u00edna perguntou: \u2018M\u00e3e, por que voc\u00ea est\u00e1 azul e o pai verde?\u2019. O Edson disse: \u2018Ah, m\u00e3e, aqui a gente fica azul, n\u00e9?\u2019. Eles tamb\u00e9m me diziam que iam matar as crian\u00e7as. Chegaram a falar que a Jana\u00edna j\u00e1 estava morta dentro de um caix\u00e3o.<\/p>\n<p>MARIA AM\u00c9LIA DE ALMEIDA TELES, ex-militante do Partido Comunista do Brasil (PCdoB), era professora de educa\u00e7\u00e3o art\u00edstica quando foi presa em 28 de dezembro de 1972, em S\u00e3o Paulo (SP). Hoje, vive na mesma cidade, \u00e9 diretora da Uni\u00e3o de Mulheres de S\u00e3o Paulo e integra a Comiss\u00e3o de Familiares de Mortos e Desaparecidos Pol\u00edticos. Recebeu o Pr\u00eamio Nacional de Direitos Humanos 2008, na categoria Defensores de Direitos Humanos.<\/p>\n","protected":false},"excerpt":{"rendered":"\n\n\nCr\u00e9dito: 1.bp.blogspot\n\n\n\n\n\n\n\n\n<a class=\"moretag\" href=\"https:\/\/pcb.org.br\/portal2\/2647\"> <\/a>","protected":false},"author":1,"featured_media":0,"comment_status":"open","ping_status":"open","sticky":false,"template":"","format":"standard","meta":{"jetpack_post_was_ever_published":false,"_jetpack_newsletter_access":"","_jetpack_dont_email_post_to_subs":false,"_jetpack_newsletter_tier_id":0,"_jetpack_memberships_contains_paywalled_content":false,"_jetpack_memberships_contains_paid_content":false,"footnotes":"","jetpack_publicize_message":"","jetpack_publicize_feature_enabled":true,"jetpack_social_post_already_shared":false,"jetpack_social_options":{"image_generator_settings":{"template":"highway","default_image_id":0,"font":"","enabled":false},"version":2}},"categories":[53],"tags":[],"class_list":["post-2647","post","type-post","status-publish","format-standard","hentry","category-c64-ditadura"],"jetpack_publicize_connections":[],"jetpack_featured_media_url":"","jetpack_shortlink":"https:\/\/wp.me\/p659gw-GH","jetpack-related-posts":[],"jetpack_likes_enabled":true,"jetpack_sharing_enabled":true,"_links":{"self":[{"href":"https:\/\/pcb.org.br\/portal2\/wp-json\/wp\/v2\/posts\/2647","targetHints":{"allow":["GET"]}}],"collection":[{"href":"https:\/\/pcb.org.br\/portal2\/wp-json\/wp\/v2\/posts"}],"about":[{"href":"https:\/\/pcb.org.br\/portal2\/wp-json\/wp\/v2\/types\/post"}],"author":[{"embeddable":true,"href":"https:\/\/pcb.org.br\/portal2\/wp-json\/wp\/v2\/users\/1"}],"replies":[{"embeddable":true,"href":"https:\/\/pcb.org.br\/portal2\/wp-json\/wp\/v2\/comments?post=2647"}],"version-history":[{"count":0,"href":"https:\/\/pcb.org.br\/portal2\/wp-json\/wp\/v2\/posts\/2647\/revisions"}],"wp:attachment":[{"href":"https:\/\/pcb.org.br\/portal2\/wp-json\/wp\/v2\/media?parent=2647"}],"wp:term":[{"taxonomy":"category","embeddable":true,"href":"https:\/\/pcb.org.br\/portal2\/wp-json\/wp\/v2\/categories?post=2647"},{"taxonomy":"post_tag","embeddable":true,"href":"https:\/\/pcb.org.br\/portal2\/wp-json\/wp\/v2\/tags?post=2647"}],"curies":[{"name":"wp","href":"https:\/\/api.w.org\/{rel}","templated":true}]}}