{"id":2649,"date":"2012-04-08T20:16:50","date_gmt":"2012-04-08T20:16:50","guid":{"rendered":"http:\/\/pcb.org.br\/portal2\/?p=2649"},"modified":"2012-04-08T20:16:50","modified_gmt":"2012-04-08T20:16:50","slug":"campanha-internacional-da-fsm-de-solidariedade-a-palestina","status":"publish","type":"post","link":"https:\/\/pcb.org.br\/portal2\/2649","title":{"rendered":"Campanha Internacional da FSM de solidariedade \u00e0 Palestina"},"content":{"rendered":"\n<p><strong>Campanha Internacional da FSM de solidariedade \u00e0 Palestina<\/strong><\/p>\n<p><strong>Pela liberta\u00e7\u00e3o imediata de todos os presos pol\u00edticos reclusos nas pris\u00f5es israelenses<\/strong><\/p>\n<p>Estimados companheiros e companheiras,<\/p>\n<p>No dia de hoje, nos c\u00e1rceres israelenses, h\u00e1 4.600 militantes palestinos presos. Destes:<\/p>\n<p><strong>560 foram condenados a pris\u00e3o perp\u00e9tua pelos tribunais israelenses.<\/strong><\/p>\n<p><strong>220 s\u00e3o crian\u00e7as.<\/strong><\/p>\n<p><strong>24 s\u00e3o Deputados do Parlamento.<\/strong><\/p>\n<p><strong>204 presos morreram nas pris\u00f5es israelenses.<\/strong><\/p>\n<p>Entre os presos h\u00e1 grandes militantes palestinos e \u00e1rabes que dedicaram suas vidas \u00e0 luta do povo palestino pela sua p\u00e1tria independente.<\/p>\n<p>A FSM, desde o primeiro dia de sua cria\u00e7\u00e3o, est\u00e1 firmemente ao lado do povo palestino.<\/p>\n<p><strong>O 17 de abril \u00e9 o Dia Internacional de A\u00e7\u00e3o para o povo palestino, pela liberta\u00e7\u00e3o de todos os presos das pris\u00f5es israelenses, todos estes militantes encarcerados de maneira ilegal e antidemocr\u00e1tica pelos imperialistas e seus \u00f3rg\u00e3os.<\/strong><\/p>\n<p>H\u00e1 anos os organismo internacionais se limitam a palavras. Mostram indiferen\u00e7a. Permitem que o governo de Israel mate, encarcere e aterrorize os habitantes da regi\u00e3o.<\/p>\n<p>A Federa\u00e7\u00e3o Sindical Mundial, em uma reuni\u00e3o conjunta com a GUPW [General Union of Palestinian Women], celebrada recentemente em Ramallah, decidiu fazer um chamado a todos os nossos afiliados e seus amigos para construir o 17 de abril e apresentar declara\u00e7\u00f5es nas embaixadas israelenses em seus pa\u00edses, assim como nos organismos internacionais, e exigir a liberta\u00e7\u00e3o imediata de todos os militantes das pris\u00f5es israelenses.<\/p>\n<p>Pedimos a todos que atuem,\u00a0<strong>que expressem sua solidariedade <\/strong>ativa da maior maneira poss\u00edvel. Todos juntos, no 17 de abril, reivindicaremos:<\/p>\n<p>&#8211; \u00a0A liberta\u00e7\u00e3o imediata de todos os presos pol\u00edticos reclusos injustamente nos c\u00e1rceres<\/p>\n<p>israelenses.<\/p>\n<p>&#8211; \u00a0Que sejam interrompas as atividades dos assentamentos e que estes sejam desfeitos.<\/p>\n<p>&#8211; \u00a0A suspens\u00e3o imediata do bloqueio injusto e desumano na Faixa de Gaza, a retirada do ex\u00e9rcito israelense de todos os territ\u00f3rios ocupados, onde est\u00e3o desde 1967, incluindo\u00a0 as Colinas de Gol\u00e3 e a \u00e1rea de Shebaa do sul do L\u00edbano.<\/p>\n<p>&#8211; \u00a0A demoli\u00e7\u00e3o do muro racista.<\/p>\n<p>&#8211; \u00a0A cria\u00e7\u00e3o de um Estado palestino independente, democr\u00e1tico e verdadeiramente livre, com Jerusal\u00e9m como sua capital e o retorno dos refugiados palestinos \u00e0 sua p\u00e1tria.<\/p>\n<p>&#8211; \u00a0\u00a0Que a comunidade internacional cumpra com suas responsabilidades e ponha em pr\u00e1tica todas as decis\u00f5es das Na\u00e7\u00f5es Unidas e do Conselho de Seguran\u00e7a!<\/p>\n<p>Enviem suas cartas de protesto, fotos e declara\u00e7\u00f5es aos seguintes endere\u00e7os eletr\u00f4nicos:<a href=\"mailto:mohammad_yahya2007@yahoo.com\" target=\"_blank\">mohammad_yahya2007@yahoo.com<\/a>,<\/p>\n<p><a href=\"mailto:mohiqn62@gmail.com\" target=\"_blank\">mohiqn62@gmail.com<\/a>,<\/p>\n<p><a href=\"mailto:international@wftucentral.org\" target=\"_blank\">international@wftucentral.org<\/a>.<\/p>\n<p>&#8211; Conselho de Direitos Humanos da ONU:\u00a0<a href=\"mailto:civilsociety@ohchr.org\" target=\"_blank\">civilsociety@ohchr.org<\/a><\/p>\n<p>&#8211; Minist\u00e9rio israelense de Assuntos Exteriores: <a href=\"mailto:sar@mfa.gov.il\" target=\"_blank\">sar@mfa.gov.il<\/a><\/p>\n<p>&#8211; Alto Representante da UE para Assuntos Exteriores e Pol\u00edtica de Seguran\u00e7a:<\/p>\n<p><a href=\"mailto:COMM-SPP-HRVP-ASHTON@ec.europa.eu\" target=\"_blank\">COMM-SPP-HRVP-ASHTON@ec.europa.eu<\/a><\/p>\n<p>4\/4\/2012<\/p>\n<p>O SECRETARIADO<\/p>\n","protected":false},"excerpt":{"rendered":"\n\n\nCr\u00e9dito: FSM\n\n\n\n\n\n\n\n\nFedera\u00e7\u00e3o Sindical Mundial\n<a class=\"moretag\" href=\"https:\/\/pcb.org.br\/portal2\/2649\"> <\/a>","protected":false},"author":1,"featured_media":0,"comment_status":"open","ping_status":"open","sticky":false,"template":"","format":"standard","meta":{"jetpack_post_was_ever_published":false,"_jetpack_newsletter_access":"","_jetpack_dont_email_post_to_subs":false,"_jetpack_newsletter_tier_id":0,"_jetpack_memberships_contains_paywalled_content":false,"_jetpack_memberships_contains_paid_content":false,"footnotes":"","jetpack_publicize_message":"","jetpack_publicize_feature_enabled":true,"jetpack_social_post_already_shared":false,"jetpack_social_options":{"image_generator_settings":{"template":"highway","default_image_id":0,"font":"","enabled":false},"version":2}},"categories":[78],"tags":[],"class_list":["post-2649","post","type-post","status-publish","format-standard","hentry","category-c91-solidariedade-a-palestina"],"jetpack_publicize_connections":[],"jetpack_featured_media_url":"","jetpack_shortlink":"https:\/\/wp.me\/p659gw-GJ","jetpack-related-posts":[],"jetpack_likes_enabled":true,"jetpack_sharing_enabled":true,"_links":{"self":[{"href":"https:\/\/pcb.org.br\/portal2\/wp-json\/wp\/v2\/posts\/2649","targetHints":{"allow":["GET"]}}],"collection":[{"href":"https:\/\/pcb.org.br\/portal2\/wp-json\/wp\/v2\/posts"}],"about":[{"href":"https:\/\/pcb.org.br\/portal2\/wp-json\/wp\/v2\/types\/post"}],"author":[{"embeddable":true,"href":"https:\/\/pcb.org.br\/portal2\/wp-json\/wp\/v2\/users\/1"}],"replies":[{"embeddable":true,"href":"https:\/\/pcb.org.br\/portal2\/wp-json\/wp\/v2\/comments?post=2649"}],"version-history":[{"count":0,"href":"https:\/\/pcb.org.br\/portal2\/wp-json\/wp\/v2\/posts\/2649\/revisions"}],"wp:attachment":[{"href":"https:\/\/pcb.org.br\/portal2\/wp-json\/wp\/v2\/media?parent=2649"}],"wp:term":[{"taxonomy":"category","embeddable":true,"href":"https:\/\/pcb.org.br\/portal2\/wp-json\/wp\/v2\/categories?post=2649"},{"taxonomy":"post_tag","embeddable":true,"href":"https:\/\/pcb.org.br\/portal2\/wp-json\/wp\/v2\/tags?post=2649"}],"curies":[{"name":"wp","href":"https:\/\/api.w.org\/{rel}","templated":true}]}}