{"id":26493,"date":"2020-11-28T22:18:41","date_gmt":"2020-11-29T01:18:41","guid":{"rendered":"https:\/\/pcb.org.br\/portal2\/?p=26493"},"modified":"2020-11-28T22:18:41","modified_gmt":"2020-11-29T01:18:41","slug":"india-milhoes-de-trabalhadores-em-greve","status":"publish","type":"post","link":"https:\/\/pcb.org.br\/portal2\/26493","title":{"rendered":"\u00cdndia: milh\u00f5es de trabalhadores em greve"},"content":{"rendered":"<p><img data-recalc-dims=\"1\" decoding=\"async\" class=\"imagem\" title=\"imagem\" src=\"https:\/\/i0.wp.com\/pbs.twimg.com\/media\/EnvNe2MVgAEmfnd.jpg?w=747&#038;ssl=1\" alt=\"imagem\" \/><!--more-->Mobiliza\u00e7\u00e3o em Khammam, no estado de Telangana, no contexto da greve geral de 26 de Novembro Cr\u00e9ditos \/ AIKS<\/p>\n<p>AbrilAbril<\/p>\n<p>Mais de 250 milh\u00f5es de trabalhadores participaram da greve geral convocada em protesto contra as pol\u00edticas do governo de Modi, em que se incluem pesados ataques \u00e0 legisla\u00e7\u00e3o trabalhista e a privatiza\u00e7\u00e3o do setor p\u00fablico.<\/p>\n<p>A jornada de protesto da \u00faltima quinta-feira (26\/11), convocada por diversos sindicatos, teve uma \u00abresposta imensa\u00bb em todo o pa\u00eds, com forte ades\u00e3o \u00e0 greve geral dos trabalhadores portu\u00e1rios e mineiros, das telecomunica\u00e7\u00f5es e energia, dos transportes, constru\u00e7\u00e3o e produ\u00e7\u00e3o de a\u00e7o, bem como dos funcion\u00e1rios p\u00fablicos, dos trabalhadores dos bancos, dos seguros e do setor informal, segundo revelou o Partido Comunista da \u00cdndia (Marxista) numa nota de imprensa.<\/p>\n<p>Tamb\u00e9m o fizeram, em grande escala, os trabalhadores agr\u00edcolas, que, representados por mais de 300 organiza\u00e7\u00f5es, prolongam o protesto na sexta-feira (27\/11), em coordena\u00e7\u00e3o com as centrais sindicais.<\/p>\n<p>Num comunicado em que saudou as centenas de milh\u00f5es de trabalhadores e agricultores indianos, por terem erguido de forma unit\u00e1ria a sua voz, a Central de Sindicatos Indianos (CITU, na sigla em ingl\u00eas) afirmou que \u00aba atmosfera em v\u00e1rios estados, incluindo Kerala, Bengala Ocidental, Tripura, entre outros, era de paralisa\u00e7\u00e3o total, com os transportes parados e as f\u00e1bricas, as lojas, os escrit\u00f3rios e outros estabelecimentos comerciais apresentando um ar deserto\u00bb.<\/p>\n<p>A greve geral foi tamb\u00e9m um \u00eaxito nos estados de Assam, Karnataka, Bihar, entre outros.<\/p>\n<p>Repress\u00e3o e tentativa de intimida\u00e7\u00e3o<br \/>\nTanto o PCI (M) quanto a CITU, que lhe \u00e9 associada, denunciaram com veem\u00eancia a forte repress\u00e3o exercida sobre os trabalhadores pelo governo central e em n\u00edvel local, sobretudo nos estados governados pelo Partido do Povo Indiano (BJP, do primeiro-ministro Narendra Modi).<\/p>\n<p>Em D\u00e9li, a Pol\u00edcia ergueu barreiras nas autoestradas para impedir a marcha dos agricultores e, conforme acusa a CITU, prendeu centenas de agricultores e dirigentes sindicais, como forma de intimida\u00e7\u00e3o. No estado de Tripura, a pol\u00edcia e seus \u00abbrutamontes\u00bb, com o apoio t\u00e1cito do governo local, tentaram for\u00e7ar lojas a abrir e atacaram escrit\u00f3rios de sindicatos e partidos de esquerda.<\/p>\n<p>Ainda de acordo com a CITU, em todo o pa\u00eds foram presos cerca de 700 trabalhadores da constru\u00e7\u00e3o e v\u00e1rios dirigentes sindicais foram \u00abdetidos preventivamente\u00bb no estado de Andhra Pradesh. V\u00e1rios ativistas e dirigentes sindicais foram presos em todo o pa\u00eds.<\/p>\n<p>O PCI (M), que \u00abcondena fortemente a repress\u00e3o\u00bb verificada, afirma que Modi e o seu governo devem pensar duas vezes, tendo em conta a dimens\u00e3o do protesto em n\u00edvel nacional contra as pol\u00edticas que \u00abest\u00e3o destruindo a vida de milh\u00f5es de pessoas e impondo mais mis\u00e9ria ao pa\u00eds\u00bb.<\/p>\n<p>Em defesa dos direitos e de melhores condi\u00e7\u00f5es de vida<br \/>\nNa greve geral desta quinta-feira, os trabalhadores denunciam as medidas delet\u00e9rias aprovadas pelo governo de Narendra Modi que permitem ao patronato aumentar a carga de trabalho e diminuir os sal\u00e1rios, facilitam as demiss\u00f5es e a precariedade, entre outros aspectos. A pandemia de Covid-19 serviu de pretexto para agravar a explora\u00e7\u00e3o.<\/p>\n<p>Os trabalhadores, que exigem um sal\u00e1rio m\u00ednimo, incluem nas suas reivindica\u00e7\u00f5es a revoga\u00e7\u00e3o dos retrocessos aprovados contra a classe trabalhadora, bem como a supress\u00e3o de tr\u00eas leis agr\u00edcolas que abrem o setor ao agroneg\u00f3cio, a atribui\u00e7\u00e3o de dez quilos de alimentos \u00e0s fam\u00edlias necessitadas e o refor\u00e7o do sistema de distribui\u00e7\u00e3o p\u00fablica.<\/p>\n<p>Exigem ainda que 5% do PIB seja destinado \u00e0 Educa\u00e7\u00e3o e 6% \u00e0 Sa\u00fade (e que a lei garanta cuidados de sa\u00fade para todos), bem como o fim do desinvestimento nas empresas p\u00fablicas e da pol\u00edtica de privatiza\u00e7\u00f5es e de saque aos recursos nacionais.<\/p>\n<p>https:\/\/www.abrilabril.pt\/internacional\/milhoes-de-trabalhadores-indianos-dizem-nao-politicas-de-modi<\/p>\n","protected":false},"excerpt":{"rendered":"<a class=\"moretag\" href=\"https:\/\/pcb.org.br\/portal2\/26493\"> <\/a>","protected":false},"author":1,"featured_media":0,"comment_status":"closed","ping_status":"closed","sticky":false,"template":"","format":"standard","meta":{"jetpack_post_was_ever_published":false,"_jetpack_newsletter_access":"","_jetpack_dont_email_post_to_subs":false,"_jetpack_newsletter_tier_id":0,"_jetpack_memberships_contains_paywalled_content":false,"_jetpack_memberships_contains_paid_content":false,"footnotes":"","jetpack_publicize_message":"","jetpack_publicize_feature_enabled":true,"jetpack_social_post_already_shared":true,"jetpack_social_options":{"image_generator_settings":{"template":"highway","default_image_id":0,"font":"","enabled":false},"version":2}},"categories":[261],"tags":[227],"class_list":["post-26493","post","type-post","status-publish","format-standard","hentry","category-india","tag-5a"],"jetpack_publicize_connections":[],"jetpack_featured_media_url":"","jetpack_shortlink":"https:\/\/wp.me\/p659gw-6Tj","jetpack-related-posts":[],"jetpack_likes_enabled":true,"jetpack_sharing_enabled":true,"_links":{"self":[{"href":"https:\/\/pcb.org.br\/portal2\/wp-json\/wp\/v2\/posts\/26493","targetHints":{"allow":["GET"]}}],"collection":[{"href":"https:\/\/pcb.org.br\/portal2\/wp-json\/wp\/v2\/posts"}],"about":[{"href":"https:\/\/pcb.org.br\/portal2\/wp-json\/wp\/v2\/types\/post"}],"author":[{"embeddable":true,"href":"https:\/\/pcb.org.br\/portal2\/wp-json\/wp\/v2\/users\/1"}],"replies":[{"embeddable":true,"href":"https:\/\/pcb.org.br\/portal2\/wp-json\/wp\/v2\/comments?post=26493"}],"version-history":[{"count":0,"href":"https:\/\/pcb.org.br\/portal2\/wp-json\/wp\/v2\/posts\/26493\/revisions"}],"wp:attachment":[{"href":"https:\/\/pcb.org.br\/portal2\/wp-json\/wp\/v2\/media?parent=26493"}],"wp:term":[{"taxonomy":"category","embeddable":true,"href":"https:\/\/pcb.org.br\/portal2\/wp-json\/wp\/v2\/categories?post=26493"},{"taxonomy":"post_tag","embeddable":true,"href":"https:\/\/pcb.org.br\/portal2\/wp-json\/wp\/v2\/tags?post=26493"}],"curies":[{"name":"wp","href":"https:\/\/api.w.org\/{rel}","templated":true}]}}