{"id":26495,"date":"2020-11-28T22:20:11","date_gmt":"2020-11-29T01:20:11","guid":{"rendered":"https:\/\/pcb.org.br\/portal2\/?p=26495"},"modified":"2020-11-28T22:20:11","modified_gmt":"2020-11-29T01:20:11","slug":"solidariedade-ao-povo-palestino-2","status":"publish","type":"post","link":"https:\/\/pcb.org.br\/portal2\/26495","title":{"rendered":"Solidariedade ao povo palestino!"},"content":{"rendered":"<p><img data-recalc-dims=\"1\" decoding=\"async\" class=\"imagem\" title=\"imagem\" src=\"https:\/\/i0.wp.com\/headtopics.com\/images\/2020\/10\/14\/el-pais\/la-soledad-de-los-palestinos-tras-dar-el-portazo-a-israel-1316434847280160768.webp?w=747&#038;ssl=1\" alt=\"imagem\" \/><!--more-->Em entrevista ao Brasil de Fato, Samah Jabr fala sobre a viol\u00eancia psicol\u00f3gica \u00e0 qual os palestinos s\u00e3o submetidos h\u00e1 d\u00e9cadas &#8211; Foto: Abbas Momani\/AFP<\/p>\n<p>Ofensiva de Israel contra palestinos nunca parou<\/p>\n<p>Chefe da pasta de Sa\u00fade Mental do Minist\u00e9rio da Sa\u00fade palestino explica trauma coletivo causado por investida israelense<\/p>\n<p>Lu Sudr\u00e9<br \/>\nBrasil de Fato | S\u00e3o Paulo (SP)<\/p>\n<p>Em rep\u00fadio \u00e0 hist\u00f3rica viol\u00eancia do Estado de Israel contra a popula\u00e7\u00e3o palestina, a comunidade internacional celebra, neste domingo (29), o Dia Internacional de Solidariedade ao Povo Palestino.<\/p>\n<p>Foi em 29 de novembro de 1947, h\u00e1 exatos 73 anos, que a Assembleia Geral da Organiza\u00e7\u00e3o das Na\u00e7\u00f5es Unidas (ONU) aprovou o plano de partilha da Palestina, o que daria origem ao Estado de Israel, um ano depois. O Dia de Solidariedade, criado em 1977 pela pr\u00f3pria ONU, \u00e9 um marco na defesa da soberania nacional do povo palestino, que tem sido expulso sistematicamente de suas terras.<\/p>\n<p>Um exemplo dessa pol\u00edtica de ocupa\u00e7\u00e3o \u00e9 o chamado \u201cAcordo do S\u00e9culo\u201d, apresentado pelo primeiro-ministro israelense, Benjamin Netanyahu, ao lado do presidente dos EUA, Donald Trump, no primeiro semestre deste ano. O plano prev\u00ea a apropria\u00e7\u00e3o por parte de Israel de 30% das col\u00f4nias e territ\u00f3rios palestinos no Vale do Jord\u00e3o, localizado a 50 km de Gaza, assim como a cria\u00e7\u00e3o de um Estado Palestino restrito \u00e0s \u00e1reas restantes.<\/p>\n<p>Em entrevista ao Brasil de Fato, a ativista palestina Samah Jabr afirma que a presen\u00e7a das for\u00e7as israelenses em territ\u00f3rios como a Cisjord\u00e2nia, alvo da anexa\u00e7\u00e3o, \u00e9 perpetuada a partir de ataques e repress\u00f5es permanentes que submetem o povo palestino a viola\u00e7\u00f5es cotidianas.<\/p>\n<p>\u201cA ofensiva de Israel contra os palestinos nunca parou. O Dia Internacional de Solidariedade aos Palestinos \u00e9 um dia importante, mas a solidariedade deve continuar ao longo de todo o ano. Deve ser um processo acumulativo, requer um trabalho forte e cont\u00ednuo, de formiguinha, e n\u00e3o acontecer de uma forma reativa ou ocasional. A solidariedade deve continuar enquanto a Palestina estiver ocupada\u201d, defende.<\/p>\n<p>Jabr \u00e9 psiquiatra e chefe da Unidade de Sa\u00fade Mental do Minist\u00e9rio da Sa\u00fade da Palestina. Ela ressalta que, para al\u00e9m da domina\u00e7\u00e3o territorial, a repress\u00e3o israelense traz grandes impactos psicol\u00f3gicos para a popula\u00e7\u00e3o, o que torna a atua\u00e7\u00e3o internacional em solidariedade ainda mais urgente.<\/p>\n<p>\u201cO trauma dos palestinos n\u00e3o \u00e9 individualizado, \u00e9 coletivo, \u00e9 hist\u00f3rico. Alcan\u00e7a todas as pessoas. A solidariedade prov\u00ea um efeito terap\u00eautico porque reconhece os danos \u00e0 popula\u00e7\u00e3o, valida a experi\u00eancia hist\u00f3rica dos palestinos, diz aos palestinos que eles s\u00e3o ouvidos e que o sofrimento \u00e9 reconhecido\u201d, afirma Samah.<\/p>\n<p>Al\u00e9m de ataques militares e deten\u00e7\u00f5es arbitr\u00e1rias, h\u00e1 tamb\u00e9m o controle da vida cotidiana. At\u00e9 mesmo regula\u00e7\u00f5es sobre a vida privada e \u00edntima dos palestinos, como regras para casamento ou para a exist\u00eancia de movimentos e organiza\u00e7\u00f5es, integram o projeto colonizador de Israel.<\/p>\n<p>\u201cTodas essas coisas trazem um dano imenso aos palestinos. Cria uma futura gera\u00e7\u00e3o incapaz de resistir e se levantar contra a ocupa\u00e7\u00e3o de Israel. O fato de saber que h\u00e1 um terceiro ator que fala contra os horrores e os condena \u00e9 um apoio, um suporte psicol\u00f3gico, mas ainda assim h\u00e1 muito o que fazer em termos pol\u00edticos\u201d, diz a fundadora da Rede de Sa\u00fade Mental Palestina Global.<\/p>\n<p>Ainda que \u00e1reas como a Cisjord\u00e2nia e a Faixa de Gaza sejam reconhecidas pela lei internacional como terras palestinas e que haja demonstra\u00e7\u00f5es de solidariedade por parte de organiza\u00e7\u00f5es da sociedade civil e articula\u00e7\u00f5es populares em todo o mundo, Samah Jabr critica a omiss\u00e3o de muitos pa\u00edses.<\/p>\n<p>Para ela, governos pr\u00f3ximos a Israel, a exemplo dos Estados Unidos e do Brasil, se interessam apenas pelo poder e pelo controle de uma ordem mundial injusta. \u201c\u00c9 o que explica a limitada a\u00e7\u00e3o contra a situa\u00e7\u00e3o da Palestina e a completa falta de apoio por parte dos governos\u201d.<\/p>\n<p>No entanto, segundo a ativista, a esperan\u00e7a do povo palestino reside na colabora\u00e7\u00e3o e solidariedade dos pa\u00edses democr\u00e1ticos.<\/p>\n<p>\u201c\u00c9 importante um trabalho de educa\u00e7\u00e3o da comunidade internacional para que estejam mais alertas sobre a situa\u00e7\u00e3o da Palestina, para que haja mais visibilidade para a realidade palestina. Ela \u00e9 tratada com completa nega\u00e7\u00e3o, desvaloriza\u00e7\u00e3o e falta de reconhecimento\u201d, critica Jabr.<\/p>\n<p>Edi\u00e7\u00e3o: Vivian Fernandes<\/p>\n","protected":false},"excerpt":{"rendered":"<a class=\"moretag\" href=\"https:\/\/pcb.org.br\/portal2\/26495\"> <\/a>","protected":false},"author":1,"featured_media":0,"comment_status":"closed","ping_status":"closed","sticky":false,"template":"","format":"standard","meta":{"jetpack_post_was_ever_published":false,"_jetpack_newsletter_access":"","_jetpack_dont_email_post_to_subs":false,"_jetpack_newsletter_tier_id":0,"_jetpack_memberships_contains_paywalled_content":false,"_jetpack_memberships_contains_paid_content":false,"footnotes":"","jetpack_publicize_message":"","jetpack_publicize_feature_enabled":true,"jetpack_social_post_already_shared":true,"jetpack_social_options":{"image_generator_settings":{"template":"highway","default_image_id":0,"font":"","enabled":false},"version":2}},"categories":[78],"tags":[226],"class_list":["post-26495","post","type-post","status-publish","format-standard","hentry","category-c91-solidariedade-a-palestina","tag-4b"],"jetpack_publicize_connections":[],"jetpack_featured_media_url":"","jetpack_shortlink":"https:\/\/wp.me\/p659gw-6Tl","jetpack-related-posts":[],"jetpack_likes_enabled":true,"jetpack_sharing_enabled":true,"_links":{"self":[{"href":"https:\/\/pcb.org.br\/portal2\/wp-json\/wp\/v2\/posts\/26495","targetHints":{"allow":["GET"]}}],"collection":[{"href":"https:\/\/pcb.org.br\/portal2\/wp-json\/wp\/v2\/posts"}],"about":[{"href":"https:\/\/pcb.org.br\/portal2\/wp-json\/wp\/v2\/types\/post"}],"author":[{"embeddable":true,"href":"https:\/\/pcb.org.br\/portal2\/wp-json\/wp\/v2\/users\/1"}],"replies":[{"embeddable":true,"href":"https:\/\/pcb.org.br\/portal2\/wp-json\/wp\/v2\/comments?post=26495"}],"version-history":[{"count":0,"href":"https:\/\/pcb.org.br\/portal2\/wp-json\/wp\/v2\/posts\/26495\/revisions"}],"wp:attachment":[{"href":"https:\/\/pcb.org.br\/portal2\/wp-json\/wp\/v2\/media?parent=26495"}],"wp:term":[{"taxonomy":"category","embeddable":true,"href":"https:\/\/pcb.org.br\/portal2\/wp-json\/wp\/v2\/categories?post=26495"},{"taxonomy":"post_tag","embeddable":true,"href":"https:\/\/pcb.org.br\/portal2\/wp-json\/wp\/v2\/tags?post=26495"}],"curies":[{"name":"wp","href":"https:\/\/api.w.org\/{rel}","templated":true}]}}