{"id":265,"date":"2010-01-23T05:16:43","date_gmt":"2010-01-23T05:16:43","guid":{"rendered":"http:\/\/pcb.org.br\/portal2\/?p=265"},"modified":"2010-01-23T05:16:43","modified_gmt":"2010-01-23T05:16:43","slug":"atos-patrioticos-uma-grande-bananada","status":"publish","type":"post","link":"https:\/\/pcb.org.br\/portal2\/265","title":{"rendered":"ATOS PATRI\u00d3TICOS &#8211; UMA GRANDE BANANADA"},"content":{"rendered":"\n<p>Na reuni\u00e3o que decidiu pela san\u00e7\u00e3o do AI-5 o &#8220;intelectual&#8221; Jarbas Passarinho, ministro do governo e membro da Academia Paraense de Letras, l\u00e1 pelas tantas, ao perceber as idas e vindas de Costa e Silva, aproveitou o momento que o marechal falou em &#8220;escr\u00fapulos&#8221; para sintetizar a opini\u00e3o da bo\u00e7alidade que permeava a maioria do governo \u00e0quela \u00e9poca. &#8211; &#8220;as favas com os escr\u00fapulos presidente&#8221;.<\/p>\n<p>Quarenta e cinco dias ap\u00f3s o ataque \u00e0s torres g\u00eameas do World Trade Center o presidente dos EUA, ent\u00e3o o terrorista George Bush, conseguiu arrancar do congresso o ATO PATRI\u00d3TICO. A lei autorizava o governo como um todo, atrav\u00e9s de suas ag\u00eancias de seguran\u00e7a e intelig\u00eancia, a prender sem mandados, promover escutas sem ordem judicial, seq\u00fcestrar cidad\u00e3os hostis fora do territ\u00f3rio norte-americano e t\u00e9cnicas de interrogat\u00f3rios mais duras (tortura), para salvar o mundo da destrui\u00e7\u00e3o.<\/p>\n<p>Norte-americanos acreditam que n\u00e3o existe vida humana racional para al\u00e9m do seu territ\u00f3rio e pior, se acreditam humanos (\u00e9 claro que existe uma pequena parcela ainda de humanos por ali, pode crer, existem).<\/p>\n<p>Chamam a si a tarefa de salvar os povos inferiores. \u00c9 o que se v\u00ea no Haiti.<\/p>\n<p>Est\u00e3o afundados no Afeganist\u00e3o numa guerra que come\u00e7a a incomodar a pr\u00f3pria opini\u00e3o p\u00fablica do pa\u00eds, que percebe a derrota pol\u00edtica e militar, guardadas as propor\u00e7\u00f5es, um novo Vietn\u00e3.<\/p>\n<p>No final do governo de Bush, no af\u00e3 de limpar a mesa, evitar deixar provas das barb\u00e1ries cometidas, o Departamento de Justi\u00e7a, em mar\u00e7o de 2007, acusou o FBI (pol\u00edcia federal) de &#8220;n\u00e3o informar oficialmente o uso ilegal do Ato Patri\u00f3tico&#8221;.<\/p>\n<p>O professor Williams Gon\u00e7alves, da Universidade Federal Fluminense, apareceu hoje num dos notici\u00e1rios do canal a cabo GLOBONEWS falando sobre a &#8220;arrog\u00e2ncia dos norte-americanos&#8221; na quest\u00e3o do Haiti. Foi incisivo ao dizer que nessa hora ignoram a ONU, ignoram direitos fundamentais, passam por cima de tudo e todos com seu poder econ\u00f4mico e militar.<\/p>\n<p>Para fazer o contraponto &#8211; a situa\u00e7\u00e3o dos canais da GLOBO no que diz respeito ao Haiti \u00e9 complicad\u00edssima. A rede \u00e9 financiada por empresas e pelo governo dos EUA e por outro lado n\u00e3o tem como criticar os militares brasileiros no Haiti. O jeito \u00e9 a defesa disfar\u00e7ada dos interesses que representa &#8211; os jornalistas globais t\u00eam dito que apesar dos pesares eles, os norte-americanos, resolvem.<\/p>\n<p>Na trilogia O PODEROSO CHEF\u00c3O, de Francis Ford Coppola, h\u00e1 um momento em que um comerciante do bairro pede um favor a D. Vito Corleone. No primeiro filme. Recebe o benef\u00edcio solicitado e fica devedor para uma eventual necessidade do chef\u00e3o num dado qualquer momento.<\/p>\n<p>O momento surge e \u00e9 mais ou menos como voc\u00ea pedir a um amigo dez reais emprestados e ele uma semana depois pedir a voc\u00ea para matar um desafeto, ou infringir uma determinada lei. Tudo em nome da amizade. Pediu, tem que aceitar as regras, caso contr\u00e1rio, ATO PATRI\u00d3TICO nele ou o velho AI-5. Ingratid\u00e3o punida pelas leis da M\u00e1fia. O que s\u00e3o os EUA al\u00e9m de grandes m\u00e1fias reunidas em uma federa\u00e7\u00e3o?<\/p>\n<p>Barack Obama est\u00e1 se estrepando na incapacidade de ser alguma coisa, pelo menos at\u00e9 agora, que n\u00e3o um produto de marketing. Marca de sab\u00e3o em p\u00f3. Leite que se dissolve instantaneamente. Perdeu elei\u00e7\u00f5es em Massachusetts onde os democratas n\u00e3o perdiam h\u00e1 38 anos. Justo na vaga de um hist\u00f3rico liberal, o senador Ted Kennedy.<\/p>\n<p>Se vai dar a volta por cima \u00e9 outra hist\u00f3ria. Na verdade, visto de hoje, parece condenado a um mandato s\u00f3, mas, como tudo \u00e9 poss\u00edvel&#8230; Americanos do norte adoram cen\u00e1rios de Hollywood e nisso Obama \u00e9 pole position.<\/p>\n<p>O presidente do Brasil, Lu\u00eds In\u00e1cio Lula da Silva, foi escolhido pelos representantes dos pa\u00edses que formam o F\u00d3RUM DE DAVOS como o ganhador do pr\u00eamio Estadista Global do F\u00f3rum Econ\u00f4mico Mundial. A entrega ser\u00e1 feita no dia 29 de janeiro e \u00e9 a primeira edi\u00e7\u00e3o do pr\u00eamio.<\/p>\n<p>Isso autentica a defini\u00e7\u00e3o de Ivan Pinheiro, secret\u00e1rio geral do Partido Comunista Brasileiro, sobre o &#8220;capitalismo a brasileira&#8221;, inven\u00e7\u00e3o de Lula. Do ponto de vista do modelo, no entanto, refor\u00e7a o cacife eleitoral de Lula para outubro, cria uma baita saia justa para a m\u00eddia colonizada (E Obama, onde fica?) e deve ter provocado um ataque hist\u00e9rico em FHC, doutor com todos os doutorados em todos os cantos, relegado ao ostracismo de sua carne assada e cuscuz paulista.<\/p>\n<p>Rams\u00e9s, se n\u00e3o terminou sua pir\u00e2mide ainda, corre o risco de terminar nas \u00e1guas polu\u00eddas do Tiet\u00ea.<\/p>\n<p>O grande temor dos militares brasileiros com rela\u00e7\u00e3o ao Plano Nacional de Direitos Humanos n\u00e3o \u00e9 necessariamente a possibilidade de virem a ser presos por crime de tortura. O medo real \u00e9 a revela\u00e7\u00e3o dos nomes de ilustres e respeit\u00e1veis canalhas transformados em patriotas no dever cumprido da bo\u00e7alidade contra presos indefesos.<\/p>\n<p>A\u00ed \u00e9 que mora o perigo. O cara que confessa e comunga toda semana, nas horas vagas tortura, estupra, assassina e diz que \u00e9 em nome de Deus, da p\u00e1tria e da fam\u00edlia, para salvar a democracia.<\/p>\n<p>O que os militares brasileiros t\u00eam a aprender no Haiti \u00e9 simples. Ou s\u00e3o policiais subordinados aos EUA, ou cumprem um mandato da ONU e enxergam no governo do Brasil algo diferente de FHC. Em tempos tucanos j\u00e1 estariam incorporados aos servi\u00e7os de limpeza dos acampamentos norte-americanos.<\/p>\n<p>Davos \u00e9 um f\u00f3rum de banqueiros, feito para banqueiros, grandes empres\u00e1rios. O pr\u00eamio concedido a Lula tem um aspecto interessante. Est\u00e1 para al\u00e9m do reconhecimento dos m\u00e9ritos do presidente brasileiro (na l\u00f3gica do &#8220;capitalismo a brasileira&#8221;). A maioria dos pa\u00edses que formam o f\u00f3rum, das entidades, est\u00e1 dizendo a Obama que o pr\u00eamio Nobel da Paz deu para comprar, mas que como est\u00e1 ningu\u00e9m ag\u00fcenta a arrog\u00e2ncia e prepot\u00eancia dos EUA.<\/p>\n<p>Os favores que est\u00e3o sendo prestados ao Haiti na marra, sem qualquer respeito aos haitianos e \u00e0 ONU, ser\u00e3o cobrados e pagos pelo povo do Haiti e pelo resto do mundo, na l\u00f3gica do imperialismo. D\u00e1 com uma das m\u00e3os uma banana e tira com a outra toda a produ\u00e7\u00e3o de bananas gerada sobre trabalho escravo.<\/p>\n<p>S\u00e3o atos patri\u00f3ticos. Uma grande bananada.<\/p>\n","protected":false},"excerpt":{"rendered":"\n\n\nCr\u00e9dito: Latuff\n\n\n\n\nLaerte Braga\nQuando Costa e Silva perguntou a Pedro Aleixo, seu vice-presidente e mais tarde impedido de assumir o cargo pela quartelada de 1969, sobre o AI-5, Aleixo respondeu o seguinte &#8211; &#8220;eu n\u00e3o estou preocupado com o uso que o senhor far\u00e1 desse instrumento presidente, mas com o guarda do quarteir\u00e3o&#8221;.\nFoi gentil e polido. Costa e Silva era o pr\u00f3prio guarda do quarteir\u00e3o. Ou foi ir\u00f4nico, o marechal jamais saberia diferenciar uma coisa de outra, gentileza de ironia. Como Figueiredo, entendia muito de cavalos.\n<a class=\"moretag\" href=\"https:\/\/pcb.org.br\/portal2\/265\"> <\/a>","protected":false},"author":1,"featured_media":0,"comment_status":"open","ping_status":"open","sticky":false,"template":"","format":"standard","meta":{"jetpack_post_was_ever_published":false,"_jetpack_newsletter_access":"","_jetpack_dont_email_post_to_subs":false,"_jetpack_newsletter_tier_id":0,"_jetpack_memberships_contains_paywalled_content":false,"_jetpack_memberships_contains_paid_content":false,"footnotes":"","jetpack_publicize_message":"","jetpack_publicize_feature_enabled":true,"jetpack_social_post_already_shared":false,"jetpack_social_options":{"image_generator_settings":{"template":"highway","default_image_id":0,"font":"","enabled":false},"version":2}},"categories":[65],"tags":[],"class_list":["post-265","post","type-post","status-publish","format-standard","hentry","category-c78-internacional"],"jetpack_publicize_connections":[],"jetpack_featured_media_url":"","jetpack_shortlink":"https:\/\/wp.me\/p659gw-4h","jetpack-related-posts":[],"jetpack_likes_enabled":true,"jetpack_sharing_enabled":true,"_links":{"self":[{"href":"https:\/\/pcb.org.br\/portal2\/wp-json\/wp\/v2\/posts\/265","targetHints":{"allow":["GET"]}}],"collection":[{"href":"https:\/\/pcb.org.br\/portal2\/wp-json\/wp\/v2\/posts"}],"about":[{"href":"https:\/\/pcb.org.br\/portal2\/wp-json\/wp\/v2\/types\/post"}],"author":[{"embeddable":true,"href":"https:\/\/pcb.org.br\/portal2\/wp-json\/wp\/v2\/users\/1"}],"replies":[{"embeddable":true,"href":"https:\/\/pcb.org.br\/portal2\/wp-json\/wp\/v2\/comments?post=265"}],"version-history":[{"count":0,"href":"https:\/\/pcb.org.br\/portal2\/wp-json\/wp\/v2\/posts\/265\/revisions"}],"wp:attachment":[{"href":"https:\/\/pcb.org.br\/portal2\/wp-json\/wp\/v2\/media?parent=265"}],"wp:term":[{"taxonomy":"category","embeddable":true,"href":"https:\/\/pcb.org.br\/portal2\/wp-json\/wp\/v2\/categories?post=265"},{"taxonomy":"post_tag","embeddable":true,"href":"https:\/\/pcb.org.br\/portal2\/wp-json\/wp\/v2\/tags?post=265"}],"curies":[{"name":"wp","href":"https:\/\/api.w.org\/{rel}","templated":true}]}}