{"id":26544,"date":"2020-12-08T21:38:15","date_gmt":"2020-12-09T00:38:15","guid":{"rendered":"https:\/\/pcb.org.br\/portal2\/?p=26544"},"modified":"2020-12-08T21:38:15","modified_gmt":"2020-12-09T00:38:15","slug":"pcv-an-deve-legislar-para-que-o-povo-nao-siga-pagando-pela-crise","status":"publish","type":"post","link":"https:\/\/pcb.org.br\/portal2\/26544","title":{"rendered":"PCV: AN deve legislar para que o povo n\u00e3o siga pagando pela crise"},"content":{"rendered":"<p><img decoding=\"async\" class=\"imagem\" title=\"imagem\" src=\"https:\/\/i0.wp.com\/prensapcv.files.wordpress.com\/2020\/12\/whatsapp-image-2020-12-05-at-3.49.26-pm.jpeg\" alt=\"imagem\" \/><!--more-->Tribuna Popular &#8211; Partido Comunista da Venezuela<\/p>\n<p>\u00c0s v\u00e9speras das elei\u00e7\u00f5es parlamentares na Venezuela, quando as organiza\u00e7\u00f5es pol\u00edticas encerravam suas campanhas e afinavam suas estruturas de mobiliza\u00e7\u00e3o se preparando para o domingo 6 de dezembro, o presidente Nicol\u00e1s Maduro ofereceu, a v\u00e1rios jornalistas de televis\u00f5es privadas, pol\u00eamicas e contradit\u00f3rias declara\u00e7\u00f5es nas quais reiterou que renunciaria se o seu partido e aliados n\u00e3o obtivessem a maioria na Assembleia Legislativa (AN), assegurando ainda que est\u00e1 disposto a fazer um governo com a oposi\u00e7\u00e3o venezuelana.<\/p>\n<p>A esse respeito, o Secret\u00e1rio Geral do Partido Comunista da Venezuela (PCV) Oscar Figuera, que encabe\u00e7ou a \u00fanica coaliz\u00e3o de esquerda que participou das elei\u00e7\u00f5es, a Alternativa Popular Revolucion\u00e1ria (APR), comentou para a Tribuna Popular:<\/p>\n<p>\u201cO presidente Maduro, em seu encontro com a m\u00eddia, oficializou o que n\u00f3s advertimos durante toda a nossa campanha: h\u00e1 um novo pacto de concilia\u00e7\u00e3o de elites entre as c\u00fapulas do Governo e a oposi\u00e7\u00e3o\u201d, enfatizou.<\/p>\n<p>\u201cConsideramos, como j\u00e1 denunciamos em repetidas oportunidades, que esse pacto, no contexto das atuais san\u00e7\u00f5es ilegais que os EUA e seus aliados t\u00eam imposto ao pa\u00eds, se faz para garantir os lucros da burguesia importadora e do grande capital \u00e0s custas de colocar sobre os ombros do povo trabalhador toda a carga da crise econ\u00f4mica\u201d, explicou.<\/p>\n<p>\u201cPor exemplo, est\u00e3o sendo geradas condi\u00e7\u00f5es para que o capital nacional e internacional venha para o pa\u00eds a fim de investir e explorar nossos recursos naturais e for\u00e7a de trabalho, por\u00e9m, pagando sal\u00e1rios vis menores que 2 d\u00f3lares, confiscando as presta\u00e7\u00f5es sociais e recebendo todo tipo de favorecimentos da parte do governo. Qual \u00e9 o resultado? Os empres\u00e1rios acumulam grandes riquezas e os trabalhadores do campo e da cidade se tornam cada vez mais pobres. Essa pol\u00edtica econ\u00f4mica deve mudar e temos que promover a mobiliza\u00e7\u00e3o popular e legislar neste sentido\u201d, real\u00e7ou.<\/p>\n<p>\u201cSaudamos que o presidente diga que a nova AN deve revisar a Lei Anti Bloqueio. Isso foi justamente o que propusemos desde o princ\u00edpio pelo PCV, antes de sua aprova\u00e7\u00e3o, que se submetesse \u00e0 discuss\u00e3o nacional o conte\u00fado dessa lei, que at\u00e9 o momento s\u00f3 contribuiu para um velado processo de reprivatiza\u00e7\u00e3o de empresas estatais que n\u00e3o est\u00e1 sendo devidamente informado \u00e0 opini\u00e3o p\u00fablica\u201d, prosseguiu o tamb\u00e9m candidato na lista nacional da APR pela legenda do PCV.<\/p>\n<p>\u201cN\u00f3s do PCV e da APR propomos uma sa\u00edda revolucion\u00e1ria para a crise do capitalismo dependente e rentista venezuelano. Devemos legislar a favor de que o povo tenha o que diz a Constitui\u00e7\u00e3o: sal\u00e1rio suficiente para viver dignamente; terras e financiamento para o campesinato; capacidade de controle social real sobre os processos produtivos e de distribui\u00e7\u00e3o por parte dos setores oper\u00e1rios, camponeses, comuneiros e demais express\u00f5es organizadas do povo. N\u00e3o h\u00e1 recursos para isso por causa das san\u00e7\u00f5es? Sim, h\u00e1. Vamos a cobrar imposto \u00e0s grandes fortunas; confiscar os bens dos corruptos, especuladores e mafiosos; n\u00e3o permitir tratados de dupla tributa\u00e7\u00e3o que nos prejudicam e realizar uma auditoria da d\u00edvida externa. Sim, h\u00e1 maneiras de buscar recursos para aliviar a trag\u00e9dia que vivem os setores populares, mas falta trocar o benefici\u00e1rio atual da pol\u00edtica governamental: a chamada burguesia revolucion\u00e1ria, para colocar de novo, como nos tempos de Ch\u00e1vez, o povo como benefici\u00e1rio das pol\u00edticas p\u00fablicas e n\u00e3o o capital\u201d, destacou.<\/p>\n<p>Sobre se o 6D seria uma esp\u00e9cie de plebiscito para o Chefe de Estado, Figuera explicou:<\/p>\n<p>\u201cEssa \u00e9 uma decis\u00e3o personal\u00edssima do Presidente, ele saber\u00e1 dizer por que fez essa declara\u00e7\u00e3o neste momento. As correntes populares revolucion\u00e1rias e de esquerda que nos agrupamos na APR, n\u00e3o colocamos desta forma em rela\u00e7\u00e3o ao 6D. Chamamos a votar para expulsar a direita pr\u00f3 imperialista que apoiou o bloqueio e as san\u00e7\u00f5es prejudicando o pa\u00eds, ao mesmo tempo em que enfrentaremos os setores que, no interior do governo, promovem uma pol\u00edtica entreguista das conquistas do processo bolivariano e do pa\u00eds para o grande capital local e transnacional. O que acontecer\u00e1 depois \u00e9 um cen\u00e1rio a ser avaliado, porque se, hipoteticamente, os partidos da direita obtiverem maioria na AN e o presidente renunciar, imagino que ele mesmo deveria repensar se isso n\u00e3o aprofundaria ainda mais a crise pol\u00edtica. Al\u00e9m disso, ele j\u00e1 anunciou que est\u00e1 disposto a governar com a oposi\u00e7\u00e3o; parece um pouco contradit\u00f3rio ent\u00e3o\u201d, afirmou.<\/p>\n<p>\u201cN\u00f3s das correntes populares revolucion\u00e1rias e de esquerda agrupadas na APR e representadas na legenda do PCV, n\u00e3o estamos planejando esse contexto agora, a n\u00e3o ser o de recuperar o Poder Legislativo. Que a crise seja paga pela burguesia e n\u00e3o pelo povo venezuelano! Nem pacto nem concilia\u00e7\u00e3o, a sa\u00edda \u00e9 a revolu\u00e7\u00e3o! Por isso fizemos o chamado a todas e todos a votar no 6 de dezembro por uma legislatura com e para a classe oper\u00e1ria e o povo trabalhador da cidade e do campo\u201d, concluiu.<\/p>\n<p>Coliga\u00e7\u00e3o chavista leva a maioria dos assentos da Assembleia Nacional na Venezuela<br \/>\nMichele de Mello &#8211; Brasil de Fato | Caracas (Venezuela)<\/p>\n<p>7 de dezembro de 2020<\/p>\n<p>Cerca de 31% do eleitorado compareceu \u00e0s urnas no \u00faltimo domingo (6) para eleger o novo parlamento venezuelano.<br \/>\nO Conselho Nacional Eleitoral da Venezuela (CNE) divulgou na madrugada do dia 07\/12 os resultados parciais das elei\u00e7\u00f5es legislativas, que ocorreram neste domingo (6). Com 82,35% da vota\u00e7\u00e3o apurada e um total de 5,2 milh\u00f5es de votos, cerca de 31% do eleitorado compareceu \u00e0s urnas. O Grande Polo Patr\u00edotico, chapa governista, obteve 3,5 milh\u00f5es de votos, o que representa 67,6% do total at\u00e9 o momento. J\u00e1 a Alian\u00e7a Democr\u00e1tica ficou em segundo lugar com 944 mil votos, equivalente a 17,95%.<\/p>\n<p>As chapas minorit\u00e1rias Venezuela Unida, pelo lado opostior de direita, recebeu 4,19% da prefer\u00eancia com 220 mil votos; enquanto a Alian\u00e7a Popular Revolucion\u00e1ria (APR), promovida pelo Partido Comunista da Venezuela (PCV), obteve 143 mil votos, representando 2,73% do total da apura\u00e7\u00e3o.<\/p>\n<p>O resultado pr\u00e9vio supera a tend\u00eancia apontada pelas pesquisas de boca de urna, que indicavam uma participa\u00e7\u00e3o de 23% do eleitorado, sendo que cerca de 70% j\u00e1 declaravam que haviam escolhido o Grande Polo Patri\u00f3tico, segundo o estudo de opini\u00e3o da empresa Consultores 2020, que entrevistou 12,7 mil cidad\u00e3os em 22 col\u00e9gios eleitorais de todo o pa\u00eds.<\/p>\n<p>A presidenta do CNE, Indira Alfonzo declarou que &#8220;venceu a paz&#8221; e felicitou todos os partidos pela jornada eleitoral. Enquanto o presidente Nicol\u00e1s Maduro tamb\u00e9m celebrou a vit\u00f3ria da sua chapa: &#8220;O povo venezuelano pode dormir tranquilo, temos uma nova Assembleia Nacional&#8221;. Dias antes da elei\u00e7\u00e3o, o chefe de Estado venezuelano havia declarado que se a oposi\u00e7\u00e3o ganhasse novamente a maioria do parlamento, ele deixaria o cargo de maneira volunt\u00e1ria.<\/p>\n<p>No entanto, o resultado apontou justamente para uma vit\u00f3ria contundente do partido governante. At\u00e9 o momento, o PSUV tem 148 deputados de um total de 277 cadeiras do Legislativo. Entre os nomes que j\u00e1 est\u00e3o eleitos se destacam Diosdado Cabello, atual presidente da Assembleia Nacional Constituinte (ANC); a primeira-dama, C\u00edlia Flores; al\u00e9m das ex-ministras da Mulher, \u00c1sia Villegas; e de sistema penitenci\u00e1rio, Iris Varela.<\/p>\n<p>Jornada de vota\u00e7\u00e3o<\/p>\n<p>Durante todo o dia de vota\u00e7\u00e3o, a aflu\u00eancia nos centros eleitorais foi constante e em alguns lugares se formaram pequenas filas.<\/p>\n<p>Para disputar esse processo, foram conformadas quatro grandes chapas, duas pelo lado chavista e duas pelo lado opositor. No entanto, entre os 14,4 mil candidatos inscritos, 90% se declararam de oposi\u00e7\u00e3o.<\/p>\n<p>Leia mais: Observadores internacionais destacam efici\u00eancia do sistema eleitoral venezuelano<\/p>\n<p>O partido do deputado Juan Guaid\u00f3 se dividiu entre aqueles que seguiram o autoproclamado presidente no chamado pela absten\u00e7\u00e3o e outra que decidiu participar. Luis Ybarra foi um dos candidatos do partido Voluntad Popular, como parte da Alian\u00e7a Venezuela Unida, e assegura que as disputas pol\u00edticas devem ser feitas atrav\u00e9s do voto.<\/p>\n<p>&#8220;Estamos derrotando a absten\u00e7\u00e3o. A \u00fanica ferramenta de mudan\u00e7a para derrotar o regime \u00e9 o voto. Com isso faremos a renova\u00e7\u00e3o pol\u00edtica do nosso pa\u00eds&#8221;, afirmou.<\/p>\n<p>Flor Mujica, dona de casa, uma das 7,2 mil eleitoras do col\u00e9gio Andr\u00e9s Bello, na zona leste da Grande Caracas, regi\u00e3o tradicionalmente opositora, afirmou que votou para mudar tudo.<\/p>\n<p>&#8220;\u00c9 a \u00fanica forma de acabar com tudo isso. Quero melhorar a situa\u00e7\u00e3o da nossa economia, j\u00e1 n\u00e3o aguentamos mais&#8221;, disse.<\/p>\n<p>J\u00e1 os eleitores que se identificam com o chavismo destacam a tradi\u00e7\u00e3o eleitoral dos venezuelanos.<\/p>\n<p>&#8220;A participa\u00e7\u00e3o nos d\u00e1 o direito a opinar. Esse \u00e9 um direito dos venezuelanos. E que, no dia de amanh\u00e3, a nossa voz seja escutada e representada. Que esse resultado seja bem-vindo&#8221;, comentou Maria Canelas, representante do conselho comunal Calero Desamparado, no bairro La Calendaria, centro da capital.<\/p>\n<p>Maria Canelas votou no col\u00e9gio Andr\u00e9s Bello, uma das maiores zonas eleitorais do pa\u00eds, concentrando cerca de 12 mil eleitores. Ali estiveram representantes de todos os partidos votando, fiscalizando e verificando a vota\u00e7\u00e3o.<\/p>\n<p>Enquanto para os opositores o foco desta elei\u00e7\u00e3o \u00e9 atacar a situa\u00e7\u00e3o de crise econ\u00f4mica, para os governistas, a quest\u00e3o central desse processo \u00e9 retomar a hegemonia do parlamento.<\/p>\n<p>Na \u00faltima legislatura (2015-2020), a oposi\u00e7\u00e3o de direita unificada na Mesa de Unidade Democr\u00e1tica (MUD) ganhou a ampla maioria, assumindo a presid\u00eancia do Legislativo.<\/p>\n<p>Depois de empossar deputados que tiveram suas candidaturas impugnadas pelo Poder eleitoral, a Assembleia atuou nos \u00faltimos cinco anos em desacato com a justi\u00e7a.<\/p>\n<p>&#8220;Nos \u00faltimos cinco anos participamos de um conflito absurdo da institucionalidade. A import\u00e2ncia de votar \u00e9 apostar na democracia, pelas sa\u00eddas constitucionais, por retomar o di\u00e1logo, o exerc\u00edcio da pol\u00edtica e deixar para tr\u00e1s esse per\u00edodo obscuro que representou a agress\u00e3o e o constante conflito&#8221;, afirmou Silvester Montillo, membro do Grande Polo Patri\u00f3tico.<\/p>\n<p>Edi\u00e7\u00e3o: Luiza Man\u00e7ano e Vivian Fernandes<\/p>\n","protected":false},"excerpt":{"rendered":"<a class=\"moretag\" href=\"https:\/\/pcb.org.br\/portal2\/26544\"> <\/a>","protected":false},"author":1,"featured_media":0,"comment_status":"closed","ping_status":"closed","sticky":false,"template":"","format":"standard","meta":{"jetpack_post_was_ever_published":false,"_jetpack_newsletter_access":"","_jetpack_dont_email_post_to_subs":false,"_jetpack_newsletter_tier_id":0,"_jetpack_memberships_contains_paywalled_content":false,"_jetpack_memberships_contains_paid_content":false,"footnotes":"","jetpack_publicize_message":"","jetpack_publicize_feature_enabled":true,"jetpack_social_post_already_shared":true,"jetpack_social_options":{"image_generator_settings":{"template":"highway","default_image_id":0,"font":"","enabled":false},"version":2}},"categories":[45],"tags":[234],"class_list":["post-26544","post","type-post","status-publish","format-standard","hentry","category-c54-venezuela","tag-6b"],"jetpack_publicize_connections":[],"jetpack_featured_media_url":"","jetpack_shortlink":"https:\/\/wp.me\/p659gw-6U8","jetpack-related-posts":[],"jetpack_likes_enabled":true,"jetpack_sharing_enabled":true,"_links":{"self":[{"href":"https:\/\/pcb.org.br\/portal2\/wp-json\/wp\/v2\/posts\/26544","targetHints":{"allow":["GET"]}}],"collection":[{"href":"https:\/\/pcb.org.br\/portal2\/wp-json\/wp\/v2\/posts"}],"about":[{"href":"https:\/\/pcb.org.br\/portal2\/wp-json\/wp\/v2\/types\/post"}],"author":[{"embeddable":true,"href":"https:\/\/pcb.org.br\/portal2\/wp-json\/wp\/v2\/users\/1"}],"replies":[{"embeddable":true,"href":"https:\/\/pcb.org.br\/portal2\/wp-json\/wp\/v2\/comments?post=26544"}],"version-history":[{"count":0,"href":"https:\/\/pcb.org.br\/portal2\/wp-json\/wp\/v2\/posts\/26544\/revisions"}],"wp:attachment":[{"href":"https:\/\/pcb.org.br\/portal2\/wp-json\/wp\/v2\/media?parent=26544"}],"wp:term":[{"taxonomy":"category","embeddable":true,"href":"https:\/\/pcb.org.br\/portal2\/wp-json\/wp\/v2\/categories?post=26544"},{"taxonomy":"post_tag","embeddable":true,"href":"https:\/\/pcb.org.br\/portal2\/wp-json\/wp\/v2\/tags?post=26544"}],"curies":[{"name":"wp","href":"https:\/\/api.w.org\/{rel}","templated":true}]}}