{"id":26599,"date":"2020-12-19T18:25:40","date_gmt":"2020-12-19T21:25:40","guid":{"rendered":"https:\/\/pcb.org.br\/portal2\/?p=26599"},"modified":"2020-12-24T18:17:17","modified_gmt":"2020-12-24T21:17:17","slug":"sobre-a-suspensao-de-exames-de-hiv-aids-e-hepatites-virais","status":"publish","type":"post","link":"https:\/\/pcb.org.br\/portal2\/26599","title":{"rendered":"Sobre a suspens\u00e3o de exames de HIV, AIDS e hepatites virais"},"content":{"rendered":"<p><img decoding=\"async\" class=\"imagem\" title=\"imagem\" src=\"https:\/\/i0.wp.com\/pbs.twimg.com\/media\/EpSTHXgVgAYY5eY.jpg\" alt=\"imagem\" \/><!--more-->Coordena\u00e7\u00e3o Nacional da UJC<\/p>\n<p>Sete dias ap\u00f3s o Dia Mundial de Luta contra a AIDS, o Minist\u00e9rio da Sa\u00fade suspendeu os exames de genotipagem pelo Sistema \u00danico de Sa\u00fade (SUS) para pessoas que possuem HIV, Aids e hepatites virais. Estes exames s\u00e3o essenciais, pois identificam o tipo do v\u00edrus e orientam a combina\u00e7\u00e3o de medicamentos para um tratamento adequado dos pacientes. A suspens\u00e3o foi informada ap\u00f3s o vencimento do contrato com a empresa respons\u00e1vel pelo exame. Foi-se iniciado um processo de licita\u00e7\u00e3o ainda em outubro a fim de buscar uma nova empresa para oferecer o servi\u00e7o, por\u00e9m a empresa selecionada falhou em enviar toda a documenta\u00e7\u00e3o necess\u00e1ria dentro do prazo. Por esse motivo, a expectativa de retomada do servi\u00e7o est\u00e1 prevista para janeiro de 2021. Esse fato representa mais uma investida contra a sa\u00fade p\u00fablica no Brasil, que vem passando por um processo de desmonte e privatiza\u00e7\u00e3o.<\/p>\n<p>De acordo com o boletim epidemiol\u00f3gico anual sobre HIV\/Aids lan\u00e7ado em 1\u00ba de dezembro pelo Minist\u00e9rio da Sa\u00fade, foram diagnosticados 41.919 novos casos de HIV e 37.308 casos de infec\u00e7\u00e3o por Aids (adoecimento ocasionado por HIV n\u00e3o tratado) no Brasil em 2019. Os dados mostram uma redu\u00e7\u00e3o de 7% em novas infec\u00e7\u00f5es por HIV em compara\u00e7\u00e3o com o ano anterior, que contava com 45.078 novos casos. Nota-se tamb\u00e9m uma queda no n\u00famero de infec\u00e7\u00f5es por Aids nos \u00faltimos anos. Contudo, o boletim explica que parte dessa redu\u00e7\u00e3o pode estar relacionada \u00e0 \u201cidentifica\u00e7\u00e3o de problemas de transfer\u00eancia de dados entre as esferas de gest\u00e3o do SUS, o que pode acarretar diferen\u00e7a no total de casos entre as bases de dados municipal, estadual e federal de HIV\/Aids\u201d.<\/p>\n<p>O boletim menciona outro fator para o decl\u00ednio no n\u00famero de casos, que \u201cpode decorrer de uma demora na notifica\u00e7\u00e3o e alimenta\u00e7\u00e3o das bases de dados do Sinan, devido \u00e0 mobiliza\u00e7\u00e3o local dos profissionais de sa\u00fade ocasionada pela pandemia de covid-19\u201d. Considerando o momento de pandemia de Covid-19 e seus impactos, medidas como o fechamento de fronteiras afetam a produ\u00e7\u00e3o de medicamentos e sua distribui\u00e7\u00e3o, levando a um poss\u00edvel aumento em seus custos e a problemas de abastecimento.<\/p>\n<p>Estat\u00edsticas estimam que uma interrup\u00e7\u00e3o completa de seis meses no tratamento do HIV pode levar a mais de 500.000 mortes adicionais por doen\u00e7as relacionadas \u00e0 AIDS. Atualmente, cerca de 920 mil pessoas vivem com HIV no Brasil. Ainda segundo o boletim, no per\u00edodo de 2007 a junho de 2020 foram notificados um total de 342.375 novas infec\u00e7\u00f5es, dentre estas 69,4% eram homens e 30,6% mulheres. Entre os homens, a maioria dos casos dos casos foram decorrentes de exposi\u00e7\u00e3o homo\/bissexual, contando tamb\u00e9m com um n\u00famero expressivo de exposi\u00e7\u00e3o heterossexual; entre as mulheres, em sua grande maioria (86,6%), decorrentes de exposi\u00e7\u00e3o heterossexual. Dos homens, 49,2% eram negros e 41,7% brancos; as mulheres, 54,3% eram negras e 36,6% brancas. Enquanto isso, a taxa de mortalidade por Aids torna mais vis\u00edvel a disparidade entre cor\/ra\u00e7a. Entre os anos de 2009 e 2019, foram verificadas uma queda de 21% nos \u00f3bitos de pessoas brancas e um crescimento de 19,3% dos \u00f3bitos de pessoas negras. Seguindo o recorte racial, 61,7% das mortes notificadas em 2019 foram de pessoas negras, sendo 61,4% entre homens negros e 62,1% entre mulheres negras, tornando-as as maiores v\u00edtimas da doen\u00e7a.<\/p>\n<p>\u00c9 preciso considerar que vivemos sob um sistema capitalista que subjuga os direitos sociais conquistados pela classe trabalhadora em prol da l\u00f3gica de mercantiliza\u00e7\u00e3o, sujeitando a rede p\u00fablica \u00e0 competi\u00e7\u00e3o com o setor privado e seus avan\u00e7os constantes. \u00c9 preciso defender o direito garantido pelo SUS, pois defend\u00ea-lo \u00e9 defender os interesses do povo.<\/p>\n<p>Por uma sa\u00fade coletiva e popular!<\/p>\n","protected":false},"excerpt":{"rendered":"<a class=\"moretag\" href=\"https:\/\/pcb.org.br\/portal2\/26599\"> <\/a>","protected":false},"author":1,"featured_media":0,"comment_status":"closed","ping_status":"closed","sticky":false,"template":"","format":"standard","meta":{"jetpack_post_was_ever_published":false,"_jetpack_newsletter_access":"","_jetpack_dont_email_post_to_subs":false,"_jetpack_newsletter_tier_id":0,"_jetpack_memberships_contains_paywalled_content":false,"_jetpack_memberships_contains_paid_content":false,"footnotes":"","jetpack_publicize_message":"","jetpack_publicize_feature_enabled":true,"jetpack_social_post_already_shared":true,"jetpack_social_options":{"image_generator_settings":{"template":"highway","default_image_id":0,"font":"","enabled":false},"version":2}},"categories":[27],"tags":[226,247],"class_list":["post-26599","post","type-post","status-publish","format-standard","hentry","category-c27-ujc","tag-4b","tag-jd"],"jetpack_publicize_connections":[],"jetpack_featured_media_url":"","jetpack_shortlink":"https:\/\/wp.me\/p659gw-6V1","jetpack-related-posts":[],"jetpack_likes_enabled":true,"jetpack_sharing_enabled":true,"_links":{"self":[{"href":"https:\/\/pcb.org.br\/portal2\/wp-json\/wp\/v2\/posts\/26599","targetHints":{"allow":["GET"]}}],"collection":[{"href":"https:\/\/pcb.org.br\/portal2\/wp-json\/wp\/v2\/posts"}],"about":[{"href":"https:\/\/pcb.org.br\/portal2\/wp-json\/wp\/v2\/types\/post"}],"author":[{"embeddable":true,"href":"https:\/\/pcb.org.br\/portal2\/wp-json\/wp\/v2\/users\/1"}],"replies":[{"embeddable":true,"href":"https:\/\/pcb.org.br\/portal2\/wp-json\/wp\/v2\/comments?post=26599"}],"version-history":[{"count":0,"href":"https:\/\/pcb.org.br\/portal2\/wp-json\/wp\/v2\/posts\/26599\/revisions"}],"wp:attachment":[{"href":"https:\/\/pcb.org.br\/portal2\/wp-json\/wp\/v2\/media?parent=26599"}],"wp:term":[{"taxonomy":"category","embeddable":true,"href":"https:\/\/pcb.org.br\/portal2\/wp-json\/wp\/v2\/categories?post=26599"},{"taxonomy":"post_tag","embeddable":true,"href":"https:\/\/pcb.org.br\/portal2\/wp-json\/wp\/v2\/tags?post=26599"}],"curies":[{"name":"wp","href":"https:\/\/api.w.org\/{rel}","templated":true}]}}