{"id":26610,"date":"2020-12-21T22:38:24","date_gmt":"2020-12-22T01:38:24","guid":{"rendered":"https:\/\/pcb.org.br\/portal2\/?p=26610"},"modified":"2020-12-21T22:38:24","modified_gmt":"2020-12-22T01:38:24","slug":"mst-fortalecer-a-luta-pela-reforma-agraria","status":"publish","type":"post","link":"https:\/\/pcb.org.br\/portal2\/26610","title":{"rendered":"MST: fortalecer a luta pela reforma agr\u00e1ria"},"content":{"rendered":"<p><img decoding=\"async\" class=\"imagem\" title=\"imagem\" src=\"https:\/\/i0.wp.com\/conteudo.imguol.com.br\/c\/entretenimento\/3a\/2020\/08\/14\/acao-da-pm-mg-em-assentamento-do-mst-quilombo-campo-grande-1597444250642_v2_450x1.jpg\" alt=\"imagem\" \/><!--more-->Acervo do MST<\/p>\n<p>Agravamento da fome deve refor\u00e7ar luta pela reforma agr\u00e1ria no Brasil<\/p>\n<p>A observa\u00e7\u00e3o \u00e9 de Kelli Mafort, dirigente do MST, que analisa o agravamento da crise no Brasil e fala do ano que termina, sublinhando que a \u00abprioridade \u00e9 salvar vidas\u00bb.<\/p>\n<p>AbrilAbril<\/p>\n<p>A perda de rendimentos das fam\u00edlias brasileiras e o agravamento da fome no pa\u00eds devem fortalecer a luta pela reforma agr\u00e1ria em 2021. Esta \u00e9 a avalia\u00e7\u00e3o do Movimento dos Trabalhadores Sem Terra (MST), que este m\u00eas lan\u00e7ou o seu Caderno de Forma\u00e7\u00e3o n.\u00ba 53, intitulado A luta de classes no campo e a luta por reforma agr\u00e1ria popular.<\/p>\n<p>\u00abN\u00e3o \u00e9 uma quest\u00e3o de escolha. \u00c9 uma quest\u00e3o de necessidade\u00bb, destaca Kelli Mafort, que faz parte da dire\u00e7\u00e3o nacional do movimento. \u00abCom o fim do aux\u00edlio de emerg\u00eancia, os \u00edndices ligados \u00e0 pobreza extrema devem aumentar, com a falta de perspectiva de trabalho e rendimento, e a luta pela reforma agr\u00e1ria vir\u00e1 com muita for\u00e7a no ano de 2021\u00bb, prev\u00ea a dirigente em declara\u00e7\u00f5es ao Brasil de Fato.<\/p>\n<p>O MST reconhece que a pandemia continua a condicionar a organiza\u00e7\u00e3o popular, uma vez que impede as aglomera\u00e7\u00f5es e imp\u00f5e a necessidade de distanciamento social. Em 2020, as ocupa\u00e7\u00f5es de terras levadas a cabo pelo movimento foram interrompidas, de modo a evitar a propaga\u00e7\u00e3o do novo coronav\u00edrus entre os camponeses.<\/p>\n<p>\u00abPara n\u00f3s, a prioridade \u00e9 salvar vidas, aquelas que est\u00e3o sendo desprezadas pelo governo brasileiro numa campanha negacionista, antivacina\u00bb, declara Mafort. \u00abEstaremos com os movimentos na rua assim que a vacina [da Covid-19] nos assegurar essa possibilidade\u00bb, acrescenta.<\/p>\n<p>Lutas com maior repercuss\u00e3o em 2020<br \/>\nO MST participou em duas disputas frontais com o agroneg\u00f3cio que tiveram repercuss\u00e3o nacional no ano que agora finda.<\/p>\n<p>A primeira ocorreu em meados de agosto, com o despejo violento de duas \u00e1reas do acampamento Quilombo Campo Grande, em Campo do Meio (estado de Minas Gerais), onde viviam sete fam\u00edlias. A regi\u00e3o \u00e9 ocupada h\u00e1 mais de 20 anos por 450 fam\u00edlias camponesas, que se notabilizaram pela produ\u00e7\u00e3o do Caf\u00e9 Guai\u00ed, um dos l\u00edderes da produ\u00e7\u00e3o agroecol\u00f3gica do MST, informa o portal brasileiro.<\/p>\n<p>O principal benefici\u00e1rio do despejo foi Jo\u00e3o Faria da Silva, dono da marca Terra Forte e um dos maiores exportadores de caf\u00e9 do mundo.<\/p>\n<p>\u00abEssa disputa tem uma simbologia interessante, porque s\u00e3o duas produ\u00e7\u00f5es de caf\u00e9 com rela\u00e7\u00f5es sociais completamente distintas\u00bb, analisa Mafort. \u00abPor um lado, trabalho an\u00e1logo \u00e0 escravid\u00e3o, expropria\u00e7\u00e3o de terras, de direitos. Por outro, o Caf\u00e9 Guai\u00ed, que representa a agroecologia, que brota de uma luta pela divis\u00e3o de terras, contra o machismo\u00bb.<\/p>\n<p>O MST considera que o governador Romeu Zema (Novo), que autorizou o uso da for\u00e7a contra o acampamento, representa os mesmos interesses de Bolsonaro, e que o Tribunal de Justi\u00e7a de Minas Gerais foi subserviente ao projeto do agroneg\u00f3cio ao autorizar o despejo em plena pandemia.<\/p>\n<p>O segundo epis\u00f3dio de grande repercuss\u00e3o foi protagonizado pelo secret\u00e1rio de Assuntos Fundi\u00e1rios do Instituto Nacional de Coloniza\u00e7\u00e3o e Reforma Agr\u00e1ria, Nabhan Garcia. A For\u00e7a Nacional foi enviada para assentamentos do MST no Sul da Bahia sem a autoriza\u00e7\u00e3o do governador do estado, Rui Costa (PT), e voltou sem alcan\u00e7ar o seu objetivo, depois de questionada pelo Supremo Tribunal Federal (STF).<\/p>\n<p>\u00abNa pr\u00e1tica, o que eles tentam \u00e9 dividir e cooptar as fam\u00edlias\u00bb, avalia Mafort. \u00abDessas duas a\u00e7\u00f5es, ficou a li\u00e7\u00e3o de muita resist\u00eancia e organiza\u00e7\u00e3o da nossa base e de muita mobiliza\u00e7\u00e3o da sociedade brasileira, com forte apoio internacional nos dois epis\u00f3dios\u00bb, disse.<\/p>\n<p>Solidariedade no terreno<br \/>\nO ano de 2020 fica tamb\u00e9m marcado pela solidariedade, sendo que o MST doou quase 4000 toneladas de alimentos da agricultura familiar para fam\u00edlias em situa\u00e7\u00e3o de vulnerabilidade social. S\u00f3 no estado do Paran\u00e1 (Sul do Brasil), foram doadas 442 toneladas de alimentos, oriundos da produ\u00e7\u00e3o de 52 acampamentos e 121 assentamentos da reforma agr\u00e1ria.<\/p>\n<p>\u00abA solidariedade se imp\u00f4s como uma necessidade, e os movimentos populares foram os primeiros a perceber isso, antes do Estado ou de qualquer empresa\u00bb, lembra a dirigente do MST. \u00abOs nossos alimentos encontraram panelas vazias, numa situa\u00e7\u00e3o desesperadora\u00bb, sublinhou.<\/p>\n<p>Luta pela reforma agr\u00e1ria<br \/>\nO Plano Emergencial da Reforma Agr\u00e1ria Popular, lan\u00e7ado pelo MST em junho, estabelece como medida urgente, por exemplo, a expropria\u00e7\u00e3o de terras de evasores fiscais para o assentamento de fam\u00edlias camponesas. O documento tamb\u00e9m prop\u00f5e o uso de terras pr\u00f3ximas a centros urbanos, em parceria com munic\u00edpios, para produ\u00e7\u00e3o de alimentos, garantindo terra, trabalho, teto e alimentos saud\u00e1veis para fam\u00edlias empobrecidas e criando um \u00abcintur\u00e3o verde\u00bb em torno das cidades.<\/p>\n<p>Em 9 de dezembro \u00faltimo, o MST registou uma A\u00e7\u00e3o de Descumprimento de Preceito Fundamental (ADPF) no STF, em que questiona a paralisa\u00e7\u00e3o dos 413 processos de desapropria\u00e7\u00e3o e aquisi\u00e7\u00e3o de terras para reforma agr\u00e1ria no in\u00edcio do governo Bolsonaro, e pede a destina\u00e7\u00e3o de terras p\u00fablicas para a reforma agr\u00e1ria, como previsto na Constitui\u00e7\u00e3o brasileira.<\/p>\n<p>\u00abO ano de 2021 vai ser muito dif\u00edcil, do ponto de vista dos embates que teremos. E, com certeza, a sociedade brasileira poder\u00e1 contar com o MST, seja nas a\u00e7\u00f5es de solidariedade \u2013 que n\u00e3o pararam por nenhum dia e v\u00e3o continuar \u2013, seja nos trabalhos de base, organizando o povo para lutar e derrotar esse projeto de morte\u00bb, afirmou Mafort.<\/p>\n","protected":false},"excerpt":{"rendered":"<a class=\"moretag\" href=\"https:\/\/pcb.org.br\/portal2\/26610\"> <\/a>","protected":false},"author":1,"featured_media":0,"comment_status":"closed","ping_status":"closed","sticky":false,"template":"","format":"standard","meta":{"jetpack_post_was_ever_published":false,"_jetpack_newsletter_access":"","_jetpack_dont_email_post_to_subs":false,"_jetpack_newsletter_tier_id":0,"_jetpack_memberships_contains_paywalled_content":false,"_jetpack_memberships_contains_paid_content":false,"footnotes":"","jetpack_publicize_message":"","jetpack_publicize_feature_enabled":true,"jetpack_social_post_already_shared":true,"jetpack_social_options":{"image_generator_settings":{"template":"highway","default_image_id":0,"font":"","enabled":false},"version":2}},"categories":[118],"tags":[224],"class_list":["post-26610","post","type-post","status-publish","format-standard","hentry","category-c131-reforma-agraria","tag-3b"],"jetpack_publicize_connections":[],"jetpack_featured_media_url":"","jetpack_shortlink":"https:\/\/wp.me\/p659gw-6Vc","jetpack-related-posts":[],"jetpack_likes_enabled":true,"jetpack_sharing_enabled":true,"_links":{"self":[{"href":"https:\/\/pcb.org.br\/portal2\/wp-json\/wp\/v2\/posts\/26610","targetHints":{"allow":["GET"]}}],"collection":[{"href":"https:\/\/pcb.org.br\/portal2\/wp-json\/wp\/v2\/posts"}],"about":[{"href":"https:\/\/pcb.org.br\/portal2\/wp-json\/wp\/v2\/types\/post"}],"author":[{"embeddable":true,"href":"https:\/\/pcb.org.br\/portal2\/wp-json\/wp\/v2\/users\/1"}],"replies":[{"embeddable":true,"href":"https:\/\/pcb.org.br\/portal2\/wp-json\/wp\/v2\/comments?post=26610"}],"version-history":[{"count":0,"href":"https:\/\/pcb.org.br\/portal2\/wp-json\/wp\/v2\/posts\/26610\/revisions"}],"wp:attachment":[{"href":"https:\/\/pcb.org.br\/portal2\/wp-json\/wp\/v2\/media?parent=26610"}],"wp:term":[{"taxonomy":"category","embeddable":true,"href":"https:\/\/pcb.org.br\/portal2\/wp-json\/wp\/v2\/categories?post=26610"},{"taxonomy":"post_tag","embeddable":true,"href":"https:\/\/pcb.org.br\/portal2\/wp-json\/wp\/v2\/tags?post=26610"}],"curies":[{"name":"wp","href":"https:\/\/api.w.org\/{rel}","templated":true}]}}