{"id":26688,"date":"2021-01-10T23:47:20","date_gmt":"2021-01-11T02:47:20","guid":{"rendered":"https:\/\/pcb.org.br\/portal2\/?p=26688"},"modified":"2021-01-10T23:47:20","modified_gmt":"2021-01-11T02:47:20","slug":"terrorismo-de-estado-contra-o-povo-mapuche","status":"publish","type":"post","link":"https:\/\/pcb.org.br\/portal2\/26688","title":{"rendered":"Terrorismo de Estado contra o Povo Mapuche"},"content":{"rendered":"<p><img data-recalc-dims=\"1\" height=\"374\" width=\"747\" decoding=\"async\" class=\"imagem\" title=\"imagem\" src=\"https:\/\/i0.wp.com\/pcchile.cl\/wp-content\/uploads\/2020\/09\/mapuche-pueblo-850x425.jpg?resize=747%2C374\" alt=\"imagem\" \/><!--more-->Partido Comunista do Chile<\/p>\n<p>A Comiss\u00e3o Nacional de Povos Ind\u00edgenas do Partido Comunista do Chile denuncia o governo Pi\u00f1era, os Carabineros chilenos e a Pol\u00edcia de Investiga\u00e7\u00e3o, pela brutal incurs\u00e3o a 5 Comunidades do Povo Mapuche, entre elas e com maior \u00f3dio e racismo \u00e0 Comunidade de Temucucui, em Araucan\u00eda. Expressamos nossa indigna\u00e7\u00e3o contra a viol\u00eancia indiscriminada e permanente exercida pelo Governo do Chile contra crian\u00e7as e adolescentes e a popula\u00e7\u00e3o mapuche em geral, viol\u00eancia que vem crescendo ainda mais nos \u00faltimos tempos. E isso s\u00f3 se entende como uma pol\u00edtica sistem\u00e1tica do governo de direita para frear a legitimidade e o avan\u00e7o das reivindica\u00e7\u00f5es do povo mapuche.<\/p>\n<p>Viol\u00eancia e repress\u00e3o que se exerce como vingan\u00e7a, enquanto senten\u00e7a condenada no Tribunal Penal Oral de Angol, onde Carlos Alarc\u00f3n (ex-Carabinero del Gope) foi declarado culpado pelo homic\u00eddio a sangue frio do lagmiano Camilo Catrillanca, que morreu com um tiro na cabe\u00e7a em novembro de 2018, bem como os outros seis r\u00e9us que tamb\u00e9m foram condenados por diversos crimes, desde a coer\u00e7\u00e3o ilegal contra a crian\u00e7a que acompanhava Camilo, at\u00e9 a obstru\u00e7\u00e3o da investiga\u00e7\u00e3o. Trata-se de um processo que vitimiza novamente a comunidade Temucucui e a fam\u00edlia de Lagmien Catrillanca.<\/p>\n<p>Com um desdobramento operacional militar t\u00edpico do terrorismo de Estado, com mais de 800 integrantes do PDI, quase 10% do efetivo da Pol\u00edcia Civil, v\u00e1rios deles mobilizados de outras regi\u00f5es do pa\u00eds (Erta do PDI), com a mobiliza\u00e7\u00e3o de cerca de 200 viaturas policiais, helic\u00f3pteros e drones, esta pol\u00edtica repressiva que se desenvolve desde o primeiro dia do governo de Sebasti\u00e1n Pi\u00f1era faz parte das pol\u00edticas e a\u00e7\u00f5es violentas, racistas e discriminat\u00f3rias do Estado do Chile contra os povos ind\u00edgenas e com feroz crueldade na Araucan\u00eda contra o povo mapuche.<\/p>\n<p>Meninos e meninas foram agredidos em suas comunidades, jovens feridos, entre eles Guacolda Catrillanca, 7, filha do assassinado lagmien, detida por 3 policiais investigativos em flagrante viola\u00e7\u00e3o de seus direitos humanos, enquanto sua m\u00e3e e av\u00f3 eram presas.<\/p>\n<p>\u00c9 importante lembrar que o Chile tem a obriga\u00e7\u00e3o de garantir os direitos e a dignidade das crian\u00e7as e que deve respeitar a Conven\u00e7\u00e3o sobre os Direitos da Crian\u00e7a, ratificada pelo Chile em 1990 e que, entre outras quest\u00f5es, estabelece a n\u00e3o discrimina\u00e7\u00e3o, o interesse superior da crian\u00e7a e a garantia de sua sobreviv\u00eancia, desenvolvimento e prote\u00e7\u00e3o.<\/p>\n<p>Mas, da mesma forma, por serem crian\u00e7as ind\u00edgenas, s\u00e3o sujeitos com direitos e prote\u00e7\u00e3o especial conforme estabelecido pela Conven\u00e7\u00e3o 169 da OIT e pela Declara\u00e7\u00e3o das Na\u00e7\u00f5es Unidas sobre os Direitos dos Povos Ind\u00edgenas, que estabelece: \u201cOs Estados adotar\u00e3o medidas, juntamente com os povos ind\u00edgenas, para assegurar que as mulheres e crian\u00e7as ind\u00edgenas gozem de plena prote\u00e7\u00e3o e garantias contra todas as formas de viol\u00eancia e discrimina\u00e7\u00e3o\u201d (art. 22.2).<\/p>\n<p>Condenamos esses atos degradantes de viol\u00eancia, que s\u00f3 fomentam o conflito entre o Estado e os Povos Ind\u00edgenas e semeiam indigna\u00e7\u00e3o entre os cidad\u00e3os. Por isso, exigimos o fim da viol\u00eancia e do racismo contra os Povos Ind\u00edgenas, especialmente contra as crian\u00e7as mapuche, e exigimos medidas urgentes de prote\u00e7\u00e3o integral e respeito do Estado.<\/p>\n<p>Esperamos que o processo constituinte em curso, a futura plurinacionalidade do Estado e a participa\u00e7\u00e3o ativa dos Povos Ind\u00edgenas na pol\u00edtica nacional sirvam para acabar com o Estado Colonial, Racista e Discriminat\u00f3rio e com essas vergonhosas pr\u00e1ticas de viola\u00e7\u00e3o dos direitos humanos e dos povos.<\/p>\n<p>Finalmente, exigimos o fim da militariza\u00e7\u00e3o do Wallmapu, da criminaliza\u00e7\u00e3o e repress\u00e3o permanente contra o Povo Mapuche, em sua luta pela reivindica\u00e7\u00e3o de seus leg\u00edtimos direitos.<\/p>\n<p>Comiss\u00e3o Nacional dos Povos Ind\u00edgenas<\/p>\n<p>Partido Comunista do Chile<\/p>\n<p>9 de janeiro de 2021.<\/p>\n<p>Tradu\u00e7\u00e3o: Partido Comunista Brasileiro (PCB)<\/p>\n<p>Fonte:<\/p>\n<blockquote class=\"wp-embedded-content\" data-secret=\"D2fCCXi5Rb\"><p><a href=\"http:\/\/pcchile.cl\/2021\/01\/09\/declaracion-denunciamos-el-terrorismo-de-estado-y-racismo-ejercido-contra-el-pueblo-nacion-mapuche\/\">[Declaraci\u00f3n] Denunciamos el terrorismo de Estado y racismo ejercido contra el pueblo-naci\u00f3n mapuche<\/a><\/p><\/blockquote>\n<p><iframe loading=\"lazy\" class=\"wp-embedded-content\" sandbox=\"allow-scripts\" security=\"restricted\" style=\"position: absolute; clip: rect(1px, 1px, 1px, 1px);\" title=\"\u00ab[Declaraci\u00f3n] Denunciamos el terrorismo de Estado y racismo ejercido contra el pueblo-naci\u00f3n mapuche\u00bb \u2014 PC CHILE\" src=\"http:\/\/pcchile.cl\/2021\/01\/09\/declaracion-denunciamos-el-terrorismo-de-estado-y-racismo-ejercido-contra-el-pueblo-nacion-mapuche\/embed\/#?secret=D2fCCXi5Rb\" data-secret=\"D2fCCXi5Rb\" width=\"600\" height=\"338\" frameborder=\"0\" marginwidth=\"0\" marginheight=\"0\" scrolling=\"no\"><\/iframe><\/p>\n","protected":false},"excerpt":{"rendered":"<a class=\"moretag\" href=\"https:\/\/pcb.org.br\/portal2\/26688\"> <\/a>","protected":false},"author":1,"featured_media":0,"comment_status":"closed","ping_status":"closed","sticky":false,"template":"","format":"standard","meta":{"jetpack_post_was_ever_published":false,"_jetpack_newsletter_access":"","_jetpack_dont_email_post_to_subs":false,"_jetpack_newsletter_tier_id":0,"_jetpack_memberships_contains_paywalled_content":false,"_jetpack_memberships_contains_paid_content":false,"footnotes":"","jetpack_publicize_message":"","jetpack_publicize_feature_enabled":true,"jetpack_social_post_already_shared":true,"jetpack_social_options":{"image_generator_settings":{"template":"highway","default_image_id":0,"font":"","enabled":false},"version":2}},"categories":[87],"tags":[227],"class_list":["post-26688","post","type-post","status-publish","format-standard","hentry","category-c100-chile","tag-5a"],"jetpack_publicize_connections":[],"jetpack_featured_media_url":"","jetpack_shortlink":"https:\/\/wp.me\/p659gw-6Ws","jetpack-related-posts":[],"jetpack_likes_enabled":true,"jetpack_sharing_enabled":true,"_links":{"self":[{"href":"https:\/\/pcb.org.br\/portal2\/wp-json\/wp\/v2\/posts\/26688","targetHints":{"allow":["GET"]}}],"collection":[{"href":"https:\/\/pcb.org.br\/portal2\/wp-json\/wp\/v2\/posts"}],"about":[{"href":"https:\/\/pcb.org.br\/portal2\/wp-json\/wp\/v2\/types\/post"}],"author":[{"embeddable":true,"href":"https:\/\/pcb.org.br\/portal2\/wp-json\/wp\/v2\/users\/1"}],"replies":[{"embeddable":true,"href":"https:\/\/pcb.org.br\/portal2\/wp-json\/wp\/v2\/comments?post=26688"}],"version-history":[{"count":0,"href":"https:\/\/pcb.org.br\/portal2\/wp-json\/wp\/v2\/posts\/26688\/revisions"}],"wp:attachment":[{"href":"https:\/\/pcb.org.br\/portal2\/wp-json\/wp\/v2\/media?parent=26688"}],"wp:term":[{"taxonomy":"category","embeddable":true,"href":"https:\/\/pcb.org.br\/portal2\/wp-json\/wp\/v2\/categories?post=26688"},{"taxonomy":"post_tag","embeddable":true,"href":"https:\/\/pcb.org.br\/portal2\/wp-json\/wp\/v2\/tags?post=26688"}],"curies":[{"name":"wp","href":"https:\/\/api.w.org\/{rel}","templated":true}]}}