{"id":26711,"date":"2021-01-12T18:37:23","date_gmt":"2021-01-12T21:37:23","guid":{"rendered":"https:\/\/pcb.org.br\/portal2\/?p=26711"},"modified":"2021-01-12T18:37:23","modified_gmt":"2021-01-12T21:37:23","slug":"desindustrializacao-e-demissoes-em-massa","status":"publish","type":"post","link":"https:\/\/pcb.org.br\/portal2\/26711","title":{"rendered":"Desindustrializa\u00e7\u00e3o e demiss\u00f5es em massa"},"content":{"rendered":"<p><img decoding=\"async\" class=\"imagem\" title=\"imagem\" src=\"https:\/\/i0.wp.com\/unidadeclassista.org.br\/wp-content\/uploads\/2021\/01\/WhatsApp-Image-2021-01-12-at-12.34.40-250x0-c-default.jpeg\" alt=\"imagem\" \/><!--more-->DESINDUSTRIALIZA\u00c7\u00c3O \u2013 CONSEQU\u00caNCIA DE UMA POL\u00cdTICA DESASTROSA PARA A CLASSE TRABALHADORA<\/p>\n<p>Coordena\u00e7\u00e3o Nacional da Unidade Classista<\/p>\n<p>Ao comunicar o encerramento de suas atividades no Brasil nesta segunda-feira (11\/01) a montadora Ford extingue 6.171 postos de trabalho. E acaba expondo o resultado de uma pol\u00edtica desastrosa para o povo brasileiro e toda sua classe trabalhadora.<\/p>\n<p>No documento apresentado aos concession\u00e1rios da Ford, os destaques foram \u00e0 situa\u00e7\u00e3o de instabilidade pol\u00edtica do pa\u00eds desde 2013, o aumento da capacidade ociosa da produ\u00e7\u00e3o por conta da pandemia do novo Coronav\u00edrus (COVID-19), a desvaloriza\u00e7\u00e3o da moeda.<\/p>\n<p>As bases de produ\u00e7\u00e3o da Ford ser\u00e3o fechadas em Horizonte (CE), Cama\u00e7ari (BA) e Taubat\u00e9 (SP). 8 mil trabalhadores est\u00e3o realizando uma manifesta\u00e7\u00e3o na frente da Ford em Cama\u00e7ari, colocando fim a 20 anos de atividade, apesar dos mais de 20 bilh\u00f5es de reais de isen\u00e7\u00e3o fiscal nos \u00faltimos anos.<\/p>\n<p>No m\u00eas passado (17\/12\/2020) a Mercedes-Benz encerrou as atividades no Brasil, segundo a empresa, ela est\u00e1 buscando uma alternativa para os seus 370 funcion\u00e1rios.<\/p>\n<p>Levando em considera\u00e7\u00e3o a hist\u00f3ria recente do Brasil, entre os anos de 2013 e 2017, a ind\u00fastria brasileira fechou aproximadamente 1,3 milh\u00e3o de postos de trabalho, diminuindo em quase 15% o seu efetivo. Hoje a ind\u00fastria representa apenas 10,4% do PIB nacional.<\/p>\n<p>A pol\u00edtica econ\u00f4mica conduzida de forma desastrosa por Paulo Guedes aponta uma pol\u00edtica voltada para especula\u00e7\u00e3o no mercado financeiro, pela exporta\u00e7\u00e3o de commodities agr\u00edcolas e uma pol\u00edtica agressiva de privatiza\u00e7\u00e3o dos setores estrat\u00e9gicos do pa\u00eds, aliada a uma desindustrializa\u00e7\u00e3o em massa, que deveria ser revertida com forte planejamento estatal e investimento p\u00fablico.<\/p>\n<p>\u00c9 preciso organizar as lutas nesse momento dif\u00edcil, nas suas manifesta\u00e7\u00f5es e greves. Devemos estar organizados para dar um basta nesse governo e em sua pol\u00edtica que destr\u00f3i a economia e lan\u00e7a milhares de pessoas no desemprego.<\/p>\n<p>\u201c\u00c9 preciso lutar sem tr\u00e9gua pela retomada da industrializa\u00e7\u00e3o, com planejamento estatal, sal\u00e1rios e jornadas de trabalho ben\u00e9ficas para os trabalhadores e foco na produ\u00e7\u00e3o de setores estrat\u00e9gicos e no plano imediato pela manuten\u00e7\u00e3o dos empregos, por medidas de reconvers\u00e3o industrial para produ\u00e7\u00e3o de equipamentos e insumos m\u00e9dicos, contribuindo diretamente no combate \u00e0 pandemia e no combate ao desemprego\u201d. Declarou Sidney Moura, Secret\u00e1rio Sindical do Partido Comunista Brasileiro (PCB).<\/p>\n<p>A Unidade Classista prestar\u00e1 solidariedade militante aos trabalhadores da Ford e trabalha para construir f\u00f3runs regionais de luta sindical e popular em todo o Brasil, para organizar a resist\u00eancia aos ataques, construir a contraofensiva dos trabalhadores e organizar um Encontro Nacional da Classe Trabalhadora (ENCLAT), que seja capaz de realizar um balan\u00e7o e propor um plano de a\u00e7\u00e3o para a reorganiza\u00e7\u00e3o de nossa classe.<\/p>\n<p>AVANTE CAMARADAS!<\/p>\n<p>UNIDADE CLASSISTA!<\/p>\n<p>FUTURO SOCIALISTA!<\/p>\n","protected":false},"excerpt":{"rendered":"<a class=\"moretag\" href=\"https:\/\/pcb.org.br\/portal2\/26711\"> <\/a>","protected":false},"author":1,"featured_media":0,"comment_status":"closed","ping_status":"closed","sticky":false,"template":"","format":"standard","meta":{"jetpack_post_was_ever_published":false,"_jetpack_newsletter_access":"","_jetpack_dont_email_post_to_subs":false,"_jetpack_newsletter_tier_id":0,"_jetpack_memberships_contains_paywalled_content":false,"_jetpack_memberships_contains_paid_content":false,"footnotes":"","jetpack_publicize_message":"","jetpack_publicize_feature_enabled":true,"jetpack_social_post_already_shared":true,"jetpack_social_options":{"image_generator_settings":{"template":"highway","default_image_id":0,"font":"","enabled":false},"version":2}},"categories":[31],"tags":[222],"class_list":["post-26711","post","type-post","status-publish","format-standard","hentry","category-c31-unidade-classista","tag-2b"],"jetpack_publicize_connections":[],"jetpack_featured_media_url":"","jetpack_shortlink":"https:\/\/wp.me\/p659gw-6WP","jetpack-related-posts":[],"jetpack_likes_enabled":true,"jetpack_sharing_enabled":true,"_links":{"self":[{"href":"https:\/\/pcb.org.br\/portal2\/wp-json\/wp\/v2\/posts\/26711","targetHints":{"allow":["GET"]}}],"collection":[{"href":"https:\/\/pcb.org.br\/portal2\/wp-json\/wp\/v2\/posts"}],"about":[{"href":"https:\/\/pcb.org.br\/portal2\/wp-json\/wp\/v2\/types\/post"}],"author":[{"embeddable":true,"href":"https:\/\/pcb.org.br\/portal2\/wp-json\/wp\/v2\/users\/1"}],"replies":[{"embeddable":true,"href":"https:\/\/pcb.org.br\/portal2\/wp-json\/wp\/v2\/comments?post=26711"}],"version-history":[{"count":0,"href":"https:\/\/pcb.org.br\/portal2\/wp-json\/wp\/v2\/posts\/26711\/revisions"}],"wp:attachment":[{"href":"https:\/\/pcb.org.br\/portal2\/wp-json\/wp\/v2\/media?parent=26711"}],"wp:term":[{"taxonomy":"category","embeddable":true,"href":"https:\/\/pcb.org.br\/portal2\/wp-json\/wp\/v2\/categories?post=26711"},{"taxonomy":"post_tag","embeddable":true,"href":"https:\/\/pcb.org.br\/portal2\/wp-json\/wp\/v2\/tags?post=26711"}],"curies":[{"name":"wp","href":"https:\/\/api.w.org\/{rel}","templated":true}]}}