{"id":2674,"date":"2012-04-12T16:59:28","date_gmt":"2012-04-12T16:59:28","guid":{"rendered":"http:\/\/pcb.org.br\/portal2\/?p=2674"},"modified":"2012-04-12T16:59:28","modified_gmt":"2012-04-12T16:59:28","slug":"qtemos-que-estar-a-altura-das-possibilidades-que-a-conjuntura-nos-oferece","status":"publish","type":"post","link":"https:\/\/pcb.org.br\/portal2\/2674","title":{"rendered":"&#8220;Temos que estar \u00e0 altura das possibilidades que a conjuntura nos oferece\u201d"},"content":{"rendered":"\n<p>Membro do Comit\u00ea Central do PCB desde 1982 e Secret\u00e1rio-geral do Partido desde 2005, quando da realiza\u00e7\u00e3o do seu XIII Congresso, Ivan Pinheiro recebeu a equipe do Imprensa Popular para conversar sobre as comemora\u00e7\u00f5es de 90 anos do PCB e os desafios atuais para a organiza\u00e7\u00e3o. Durante a entrevista, Ivan deixou claro que os comunistas brasileiros est\u00e3o diante de boas possibilidades para o fortalecimento do PCB, mas que para isso ocorrer o Partido ter\u00e1 que vencer algumas defici\u00eancias em seu trabalho pol\u00edtico e organizativo.<\/p>\n<p>IMPRENSA POPULAR: Ivan, o que voc\u00ea diria se encontrasse aqueles homens que, em 25 de mar\u00e7o de 1922, se reuniram em Niter\u00f3i para fundar o PCB?<\/p>\n<p>IVAN PINHEIRO: Em primeiro lugar agradeceria a eles por terem deixado este legado e o exemplo de que, por maiores que sejam as dificuldades, \u00e9 preciso lutar. Aqueles comunistas enfrentaram grandes dificuldades para colocar o PCB de p\u00e9: viviam o predom\u00ednio do anarquismo no meio sindical, a repress\u00e3o e a persegui\u00e7\u00e3o da Rep\u00fablica Velha. E ainda sofriam com a falta de recursos materiais e a pouca conviv\u00eancia comum, pois os n\u00facleos comunistas eram pulverizados em v\u00e1rios Estados distantes, em um pa\u00eds enorme como o Brasil, numa \u00e9poca em que as comunica\u00e7\u00f5es e os transportes eram muito limitados. Isso demonstra de forma inequ\u00edvoca: o PCB sobreviveu a essa dific\u00edlima inf\u00e2ncia devido ao apoio dos trabalhadores, ao acerto de sua pol\u00edtica, \u00e0 liga\u00e7\u00e3o com o Movimento Comunista Internacional\u00a0 e \u00e0 disposi\u00e7\u00e3o de luta de seus militantes, que conseguiram ultrapassar todas essas barreiras. Deixaram um enorme exemplo para aqueles que fraquejam, conciliam e se rendem, cooptados pelo sistema.<\/p>\n<p>Depois de agradecer, diria a eles que estamos muito atentos para a necessidade de mantermos no PCB os princ\u00edpios de camaradagem, de internacionalismo prolet\u00e1rio, de firmeza ideol\u00f3gica, de organiza\u00e7\u00e3o leninista que nos foram deixados. Que estamos vigilantes para que o instrumento que eles criaram em t\u00e3o dif\u00edceis condi\u00e7\u00f5es n\u00e3o caia na vala comum do reformismo, do compadrio, do caciquismo nas rela\u00e7\u00f5es internas. Nossa responsabilidade \u00e9 enorme!<\/p>\n<p>IMPRENSA POPULAR: Responsabilidade n\u00e3o s\u00f3 com o passado, ali\u00e1s&#8230;<\/p>\n<p>IVAN: Sem d\u00favidas. O respeito \u00e0queles que tombaram, que entregaram o melhor de suas vidas, que se sacrificaram em prol do PCB, da liberdade e da revolu\u00e7\u00e3o socialista &#8211; e n\u00e3o s\u00f3 no Brasil. Nosso suor e nosso sangue estiveram na Guerra Civil Espanhola, na Resist\u00eancia Francesa e em tantos outros momentos e lugares. Mais do que placas e medalhas, livros e filmes, nossa maior homenagem \u00e9 continuarmos a luta pelo socialismo em nosso pa\u00eds e a solidariedade internacionalista.<\/p>\n<p>IMPRENSA POPULAR: E os erros que o Partido cometeu?<\/p>\n<p>IVAN: Aqui est\u00e1 um ponto fundamental. Esses 90 anos nos d\u00e3o uma oportunidade \u00edmpar entre as for\u00e7as pol\u00edticas do pa\u00eds: a do aprendizado atrav\u00e9s da pr\u00f3pria experi\u00eancia. J\u00e1 erramos muito; creio que nossa cota de equ\u00edvocos j\u00e1 se esgotou. S\u00e3o grandes as possibilidades de o PCB se transformar num vigoroso partido revolucion\u00e1rio. Mas para isso temos que olhar para alguns momentos do passado e manter dist\u00e2ncia tanto do sectarismo quanto da concilia\u00e7\u00e3o, Estamos encontrando um ponto de equil\u00edbrio em algumas quest\u00f5es importantes. N\u00e3o cair no liberalismo com quest\u00f5es de seguran\u00e7a e nem no &#8220;secretismo&#8221; conspirativo. N\u00e3o supervalorizar espa\u00e7os institucionais como os parlamentos nem na sua completa nega\u00e7\u00e3o.<\/p>\n<p>Tamb\u00e9m n\u00e3o podemos ser arrogantes com aliados do nosso campo pol\u00edtico que, como n\u00f3s, lutam pela ruptura do capitalismo e n\u00e3o por seu desenvolvimento e reforma. Temos que ser intransigentes com o reformismo e, no nosso Partido, com desvios oportunistas, individualistas, carreiristas.<\/p>\n<table border=\"0\" width=\"230\" align=\"right\">\n<tbody>\n<tr>\n<td><\/td>\n<td width=\"200\" bgcolor=\"#f9f9f9\">\n<p><em>OLHO: &#8220;Lembro dos nossos her\u00f3is, dos que foram assassinados, torturados, perseguidos. Lembro de nossas individualidades mais conhecidas, a come\u00e7ar por Luiz Carlos Prestes, o Cavaleiro da Esperan\u00e7a. Lembro de Ana Montenegro, Greg\u00f3rio Bezerra, Olga Ben\u00e1rio, Marighella, Dinarc\u00e3o, Giocondo, Caio Prado, Astrogildo, Oct\u00e1vio Brand\u00e3o, Hor\u00e1cio; lembro de Jo\u00e3o Saldanha, Isnard Teixeira, Roberto Morena, Oswaldo Pacheco; lembro do Raimund\u00e3o, do Espedito, do nosso querido Pacheco. Mas penso sobretudo nos milhares de militantes an\u00f4nimos que deram suas energias, suas vidas para construir este querido PCB e lutar pelas causas mais nobres da humanidade. &#8220;<\/em><\/p>\n<\/td>\n<\/tr>\n<tr>\n<td><\/td>\n<td><\/td>\n<\/tr>\n<\/tbody>\n<\/table>\n<p>IMPRENSA POPULAR: Ali\u00e1s, consideradas as condi\u00e7\u00f5es atuais, que PCB o futuro encontrar\u00e1?<\/p>\n<p>IVAN: Estamos fazendo o poss\u00edvel para que o futuro encontre um PCB cada vez mais enraizado no proletariado, atuando ativamente nos sindicatos e movimentos populares, na juventude, nos movimentos contra discrimina\u00e7\u00f5es, na solidariedade internacionalista. Precisamos de uma intelectualidade org\u00e2nica e coletiva, em que o estudo te\u00f3rico esteja a servi\u00e7o principalmente do desenvolvimento ideol\u00f3gico. Precisamos uma verdadeira democracia interna, de m\u00e3o dupla, das bases ao Comit\u00ea Central. Para isso, as bases t\u00eam um papel central no Partido, que \u00e9 um sistema de organiza\u00e7\u00f5es.<\/p>\n<p>Queremos um partido verdadeira e profundamente revolucion\u00e1rio e internacionalista.<\/p>\n<p>Temos que estar \u00e0 altura das possibilidades com as quais a conjuntura nos oferece: com um capitalismo em crise e cujas m\u00e1scaras est\u00e3o caindo; temos de um lado uma esquerda que se rendeu ou foi cooptada, que est\u00e1 &#8220;no bolso&#8221; do grande capital. De outro, vemos sectarismo e movimentismo. Mas temos for\u00e7as aliadas que t\u00eam uma linha pol\u00edtica pr\u00f3xima a n\u00f3s, com as quais temos que valorizar a unidade de a\u00e7\u00e3o. O PCB tem uma avenida \u00e0 sua frente, e n\u00e3o pode desperdi\u00e7ar a oportunidade de caminh\u00e1-la e alarg\u00e1-la. Uma avenida ao socialismo! Parafraseando Leonel Brizola, \u201co cavalo est\u00e1 passando encilhado para o PCB\u201d!<\/p>\n<p>IMPRENSA POPULAR: Como assim?<\/p>\n<p>IVAN: A queda da Uni\u00e3o Sovi\u00e9tica e a posterior tentativa frustrada de liquida\u00e7\u00e3o do Partido por aqueles que fundaram o PPS nos trouxeram muitos problemas e algumas possibilidades. Entre os problemas estava a conviv\u00eancia, entre n\u00f3s que mantivemos o PCB, de vis\u00f5es as mais d\u00edspares sobre para que o Partido deveria continuar existindo. Esse processo s\u00f3 foi cessar em 2005, e atrasou em muito as nossas possibilidades. Basta perceber que de l\u00e1 para c\u00e1 tivemos dois Congressos, duas Confer\u00eancias Pol\u00edticas: uma de organiza\u00e7\u00e3o e outra de media\u00e7\u00f5es t\u00e1ticas. Reorganizamos a UJC e dinamizamos nossa \u00e1rea de atua\u00e7\u00e3o sindical. \u00c9 como se estiv\u00e9ssemos azeitando uma m\u00e1quina durante seu funcionamento. N\u00e3o havia &#8211; como n\u00e3o h\u00e1 &#8211; a possibilidade de botar uma faixa &#8220;Fechado para obras&#8221;.<\/p>\n<p>Por outro lado, todo esse processo ocorreu com as inevit\u00e1veis depura\u00e7\u00f5es e deixou claro: n\u00e3o h\u00e1 modelos a seguir, f\u00f3rmulas prontas a importar, \u00e9 preciso estarmos prontos para receber militantes com as mais diversas trajet\u00f3rias. Como diz\u00edamos em 1992, nosso Partido pode ser o estu\u00e1rio dos comunistas brasileiros. Estamos cientes disso, temos muito a avan\u00e7ar em organiza\u00e7\u00e3o, finan\u00e7as, agita\u00e7\u00e3o e propaganda, mas principalmente em nossa atua\u00e7\u00e3o nos movimentos de massa. Afinal de contas, PCB \u00e9 pra lutar!<\/p>\n<p>IMPRENSA POPULAR: Poderia resumir as principais lutas do PCB hoje?<\/p>\n<p>IVAN: S\u00e3o tantas&#8230; Vamos come\u00e7ar por duas que recentemente mereceram algum destaque: a Palestina livre e a paz com justi\u00e7a social na Col\u00f4mbia. Tratam-se, nos dois casos, de povos que lutam contra Estados verdadeiros terroristas. Israel, que j\u00e1 desrespeitou tantas resolu\u00e7\u00f5es da ONU e que, para n\u00f3s brasileiros, \u00e9 um vergonhoso parceiro comercial na \u00e1rea da ind\u00fastria armamentista, mais uma vez bombardeou a popula\u00e7\u00e3o palestina. Seu irm\u00e3o g\u00eameo na Am\u00e9rica Latina, o governo colombiano, violou de forma sistem\u00e1tica e permanente os direitos humanos exterminando, na d\u00e9ceda de 90, o partido pol\u00edtico de esquerda Uni\u00e3o Patri\u00f3tica (UP), cujos mortos superam 5 mil militantes. No mundo, 60% dos sindicalistas assassinados s\u00e3o da Col\u00f4mbia, foram mais de 2.778 nos \u00faltimos anos. No governo Uribe, mais de 34.000 pessoas foram desaparecidas. Prestamos, ainda que aqu\u00e9m de nosso potencial, solidariedade irrestrita a esses dois povos em sua luta contra a opress\u00e3o.<\/p>\n<p>IMPRENSA POPULAR: Importante voc\u00ea citar as rela\u00e7\u00f5es comerciais entre Brasil e Israel, principalmente no setor armamentista&#8230;<\/p>\n<p>IVAN: Temos denunciado sem subterf\u00fagios que os governos petistas promovem uma expans\u00e3o do capitalismo brasileiro pelo mundo, o que por vezes pode ser confundido como contraponto aos centros do imperialismo. Fundamentalmente na Am\u00e9rica Latina, \u00e9 um di\u00e1logo que mantemos de forma franca com outros partidos comunistas da regi\u00e3o.<\/p>\n<table border=\"0\" width=\"230\" align=\"right\">\n<tbody>\n<tr>\n<td><\/td>\n<td width=\"200\" bgcolor=\"#f9f9f9\">\n<p><em>OLHO: &#8220;Entre os problemas estava a conviv\u00eancia, entre n\u00f3s que mantivemos o PCB, de vis\u00f5es as mais d\u00edspares sobre para que o Partido deveria continuar existindo. Esse processo s\u00f3 foi cessar em 2005, e atrasou em muito as nossas possibilidades. Basta perceber que de l\u00e1 para c\u00e1 tivemos dois Congressos, duas Confer\u00eancias Pol\u00edticas: uma de organiza\u00e7\u00e3o e outra de media\u00e7\u00f5es t\u00e1ticas. Reorganizamos a UJC e dinamizamos nossa \u00e1rea de atua\u00e7\u00e3o sindical. \u00c9 como se estiv\u00e9ssemos azeitando uma m\u00e1quina durante seu funcionamento. N\u00e3o havia &#8211; como n\u00e3o h\u00e1 &#8211; a possibilidade de botar uma faixa &#8216;Fechado para obras'&#8221;.<\/em><\/p>\n<\/td>\n<\/tr>\n<tr>\n<td><\/td>\n<td><\/td>\n<\/tr>\n<\/tbody>\n<\/table>\n<p>IMPRENSA POPULAR: Di\u00e1logo cada vez mais prof\u00edcuo, n\u00e3o?<\/p>\n<p>IVAN: E sem nenhum tipo de concilia\u00e7\u00e3o. O movimento comunista internacional precisa deixar, de uma vez por todas, as ilus\u00f5es reformistas para tr\u00e1s. Mesmo em pa\u00edses que atravessam processos de transforma\u00e7\u00f5es democr\u00e1ticas, e talvez o melhor exemplo seja a Venezuela, os partidos comunistas n\u00e3o podem abrir m\u00e3o de princ\u00edpios e se deixarem levar por ilus\u00f5es. Ali\u00e1s, o Partido Comunista da Venezuela \u00e9 um belo exemplo de for\u00e7a pol\u00edtica que n\u00e3o coloca subterf\u00fagios em sua linha pol\u00edtica, prestando apoio ao governo Ch\u00e1vez sem perder sua independ\u00eancia. N\u00e3o \u00e9 \u00e0 toa que mantemos boas rela\u00e7\u00f5es com ele. De forma geral, diria que precisamos, cada vez mais, estabelecer a\u00e7\u00f5es comuns entre os PCs. \u00c9 a pol\u00edtica que funcionar\u00e1 como divisora de \u00e1guas entre aqueles que se renderam ao capitalismo e os que, em seus pa\u00edses, lutam pela revolu\u00e7\u00e3o socialista.<\/p>\n<p>IMPRENSA POPULAR: E para chegarmos a ela no Brasil, qual tem sido a contribui\u00e7\u00e3o do PCB?<\/p>\n<p>IVAN: A luta contra o peleguismo nos movimentos sociais, a bandeira da Frente Anticapitalista e Anti-imperialista, a defesa de nossos recursos naturais, principalmente o petr\u00f3leo, a aproxima\u00e7\u00e3o com aqueles que enxergam a necessidade de transforma\u00e7\u00f5es radicais. N\u00e3o ser\u00e1 com mais capitalismo que os trabalhadores ter\u00e3o melhorias em sua condi\u00e7\u00e3o de vida. O que vemos \u00e9 a perda de direitos, o endividamento crescente das fam\u00edlias, a fal\u00eancia dos sistemas de transporte nas grandes cidades, a privatiza\u00e7\u00e3o da sa\u00fade, a expans\u00e3o sem qualidade da educa\u00e7\u00e3o. Precisamos dizer isso de forma clara, at\u00e9 porque as pessoas sentem isso no dia-a-dia.<\/p>\n<p>IMPRENSA POPULAR: Para terminar, quais suas principais lembran\u00e7as desses 90 anos do PCB?<\/p>\n<p>IVAN: Lembro dos nossos her\u00f3is, dos que foram assassinados, torturados, perseguidos. Lembro de nossas individualidades mais conhecidas, a come\u00e7ar por Luiz Carlos Prestes, o Cavaleiro da Esperan\u00e7a. Lembro de Ana Montenegro, Greg\u00f3rio Bezerra, Olga Ben\u00e1rio, Marighella, Dinarc\u00e3o, Giocondo, Caio Prado, Astrogildo, Oct\u00e1vio Brand\u00e3o, Hor\u00e1cio; lembro de Jo\u00e3o Saldanha, Isnard Teixeira, Roberto Morena, Oswaldo Pacheco; lembro do Raimund\u00e3o, do Espedito, do nosso querido Pacheco. Mas penso sobretudo nos milhares de militantes an\u00f4nimos que deram suas energias, suas vidas para construir este querido PCB e lutar pelas causas mais nobres da humanidade.<\/p>\n","protected":false},"excerpt":{"rendered":"\n\n\nCr\u00e9dito: PCB\n\n\n\n\n\n\n\n\n<a class=\"moretag\" href=\"https:\/\/pcb.org.br\/portal2\/2674\"> <\/a>","protected":false},"author":1,"featured_media":0,"comment_status":"open","ping_status":"open","sticky":false,"template":"","format":"standard","meta":{"jetpack_post_was_ever_published":false,"_jetpack_newsletter_access":"","_jetpack_dont_email_post_to_subs":false,"_jetpack_newsletter_tier_id":0,"_jetpack_memberships_contains_paywalled_content":false,"_jetpack_memberships_contains_paid_content":false,"footnotes":"","jetpack_publicize_message":"","jetpack_publicize_feature_enabled":true,"jetpack_social_post_already_shared":false,"jetpack_social_options":{"image_generator_settings":{"template":"highway","default_image_id":0,"font":"","enabled":false},"version":2}},"categories":[96],"tags":[],"class_list":["post-2674","post","type-post","status-publish","format-standard","hentry","category-c109-imprensa-popular"],"jetpack_publicize_connections":[],"jetpack_featured_media_url":"","jetpack_shortlink":"https:\/\/wp.me\/p659gw-H8","jetpack-related-posts":[],"jetpack_likes_enabled":true,"jetpack_sharing_enabled":true,"_links":{"self":[{"href":"https:\/\/pcb.org.br\/portal2\/wp-json\/wp\/v2\/posts\/2674","targetHints":{"allow":["GET"]}}],"collection":[{"href":"https:\/\/pcb.org.br\/portal2\/wp-json\/wp\/v2\/posts"}],"about":[{"href":"https:\/\/pcb.org.br\/portal2\/wp-json\/wp\/v2\/types\/post"}],"author":[{"embeddable":true,"href":"https:\/\/pcb.org.br\/portal2\/wp-json\/wp\/v2\/users\/1"}],"replies":[{"embeddable":true,"href":"https:\/\/pcb.org.br\/portal2\/wp-json\/wp\/v2\/comments?post=2674"}],"version-history":[{"count":0,"href":"https:\/\/pcb.org.br\/portal2\/wp-json\/wp\/v2\/posts\/2674\/revisions"}],"wp:attachment":[{"href":"https:\/\/pcb.org.br\/portal2\/wp-json\/wp\/v2\/media?parent=2674"}],"wp:term":[{"taxonomy":"category","embeddable":true,"href":"https:\/\/pcb.org.br\/portal2\/wp-json\/wp\/v2\/categories?post=2674"},{"taxonomy":"post_tag","embeddable":true,"href":"https:\/\/pcb.org.br\/portal2\/wp-json\/wp\/v2\/tags?post=2674"}],"curies":[{"name":"wp","href":"https:\/\/api.w.org\/{rel}","templated":true}]}}