{"id":26779,"date":"2021-01-25T17:50:32","date_gmt":"2021-01-25T20:50:32","guid":{"rendered":"https:\/\/pcb.org.br\/portal2\/?p=26779"},"modified":"2021-01-25T17:50:32","modified_gmt":"2021-01-25T20:50:32","slug":"pre-inscricoes-para-o-curso-o-poder-popular","status":"publish","type":"post","link":"https:\/\/pcb.org.br\/portal2\/26779","title":{"rendered":"Pr\u00e9-inscri\u00e7\u00f5es para o curso O Poder Popular"},"content":{"rendered":"<p><img decoding=\"async\" class=\"imagem\" title=\"imagem\" src=\"https:\/\/i0.wp.com\/fdinarcoreis.org.br\/fdr\/wp-content\/uploads\/2021\/01\/134443950_1948377085301414_5907049217093417122_n.jpg\" alt=\"imagem\" \/><!--more-->Funda\u00e7\u00e3o Dinarco Reis<\/p>\n<p>O aprofundamento das crises econ\u00f4mica, sanit\u00e1ria e social escancara as contradi\u00e7\u00f5es do capitalismo e demanda do proletariado a constru\u00e7\u00e3o de uma alternativa de poder. Enquanto o poder pol\u00edtico estiver nas m\u00e3os da burguesia, a vida da maioria da popula\u00e7\u00e3o continuar\u00e1 subordinada \u00e0 acumula\u00e7\u00e3o de capital.<\/p>\n<p>Esta n\u00e3o \u00e9 a primeira vez na hist\u00f3ria que os capitalistas colocam a conta da crise nas costas da classe trabalhadora. A nega\u00e7\u00e3o de direitos fundamentais e a viol\u00eancia s\u00e3o inerentes a esse sistema. \u00c9 a resist\u00eancia dos trabalhadores que freia o avan\u00e7o da barb\u00e1rie, mas para ir \u00e0 raiz dos problemas \u00e9 necess\u00e1rio substituir as atuais estruturas de domina\u00e7\u00e3o por mecanismos de governo submetidos aos interesses da esmagadora maioria do povo.<\/p>\n<p>Nossa classe tem uma extraordin\u00e1ria experi\u00eancia acumulada ao longo de v\u00e1rias d\u00e9cadas de luta. Ao contr\u00e1rio do que prega a ideologia dominante, a humanidade n\u00e3o tem voca\u00e7\u00e3o para ser eternamente explorada e oprimida. As diversas tentativas de constru\u00e7\u00e3o do Poder Popular, com suas derrotas e conquistas, representam um rico aprendizado, fundamental para pensarmos os atuais desafios e a necessidade da revolu\u00e7\u00e3o nos dias de hoje.<\/p>\n<p>O curso \u201cO Poder Popular\u201d \u00e9 destinado a trabalhadores e jovens interessados em conhecer aspectos relevantes do ac\u00famulo te\u00f3rico e pr\u00e1tico que os estudos e movimentos da classe produziram para melhor contribuir nos debates e enfrentamentos concretos que a conjuntura exige.<\/p>\n<p>M\u00f3dulo I \u2013 O que \u00e9 o Poder Popular?<br \/>\nO conceito de Poder Popular na perspectiva te\u00f3rica marxista-leninista.<\/p>\n<p>M\u00f3dulo II \u2013 As experi\u00eancias de Poder Popular<br \/>\nUma s\u00edntese das principais experi\u00eancias de luta pelo Poder Popular no mundo, seus erros e acertos, o que deve ser resgatado, atualizado e superado.<\/p>\n<p>M\u00f3dulo III \u2013 O PCB e o Poder Popular<br \/>\nOs debates e as Resolu\u00e7\u00f5es do Partido Comunista Brasileiro sobre Poder Popular, Estrat\u00e9gia e T\u00e1tica da Revolu\u00e7\u00e3o Brasileira.<\/p>\n<p>M\u00f3dulo IV \u2013 Os desafios de luta pelo Poder Popular hoje<br \/>\nComo avan\u00e7ar na luta pelo Poder Popular tendo em vista a complexa conjuntura que estamos vivendo.<\/p>\n<p>Valor: R$ 40,00.<\/p>\n<p>Nossos Assinantes e Amigos da Revolu\u00e7\u00e3o no Padrim n\u00e3o pagam.<\/p>\n<p>Fa\u00e7a sua pr\u00e9-inscri\u00e7\u00e3o enviando nome completo e n\u00famero de telefone para o e-mail fundacaodinarcoreis@hotmail.com<\/p>\n","protected":false},"excerpt":{"rendered":"<a class=\"moretag\" href=\"https:\/\/pcb.org.br\/portal2\/26779\"> <\/a>","protected":false},"author":1,"featured_media":0,"comment_status":"closed","ping_status":"closed","sticky":false,"template":"","format":"standard","meta":{"jetpack_post_was_ever_published":false,"_jetpack_newsletter_access":"","_jetpack_dont_email_post_to_subs":false,"_jetpack_newsletter_tier_id":0,"_jetpack_memberships_contains_paywalled_content":false,"_jetpack_memberships_contains_paid_content":false,"footnotes":"","jetpack_publicize_message":"","jetpack_publicize_feature_enabled":true,"jetpack_social_post_already_shared":true,"jetpack_social_options":{"image_generator_settings":{"template":"highway","default_image_id":0,"font":"","enabled":false},"version":2}},"categories":[231],"tags":[233],"class_list":["post-26779","post","type-post","status-publish","format-standard","hentry","category-fdr","tag-6a"],"jetpack_publicize_connections":[],"jetpack_featured_media_url":"","jetpack_shortlink":"https:\/\/wp.me\/p659gw-6XV","jetpack-related-posts":[],"jetpack_likes_enabled":true,"jetpack_sharing_enabled":true,"_links":{"self":[{"href":"https:\/\/pcb.org.br\/portal2\/wp-json\/wp\/v2\/posts\/26779","targetHints":{"allow":["GET"]}}],"collection":[{"href":"https:\/\/pcb.org.br\/portal2\/wp-json\/wp\/v2\/posts"}],"about":[{"href":"https:\/\/pcb.org.br\/portal2\/wp-json\/wp\/v2\/types\/post"}],"author":[{"embeddable":true,"href":"https:\/\/pcb.org.br\/portal2\/wp-json\/wp\/v2\/users\/1"}],"replies":[{"embeddable":true,"href":"https:\/\/pcb.org.br\/portal2\/wp-json\/wp\/v2\/comments?post=26779"}],"version-history":[{"count":0,"href":"https:\/\/pcb.org.br\/portal2\/wp-json\/wp\/v2\/posts\/26779\/revisions"}],"wp:attachment":[{"href":"https:\/\/pcb.org.br\/portal2\/wp-json\/wp\/v2\/media?parent=26779"}],"wp:term":[{"taxonomy":"category","embeddable":true,"href":"https:\/\/pcb.org.br\/portal2\/wp-json\/wp\/v2\/categories?post=26779"},{"taxonomy":"post_tag","embeddable":true,"href":"https:\/\/pcb.org.br\/portal2\/wp-json\/wp\/v2\/tags?post=26779"}],"curies":[{"name":"wp","href":"https:\/\/api.w.org\/{rel}","templated":true}]}}