{"id":26806,"date":"2021-02-02T01:10:55","date_gmt":"2021-02-02T04:10:55","guid":{"rendered":"https:\/\/pcb.org.br\/portal2\/?p=26806"},"modified":"2021-02-04T13:18:14","modified_gmt":"2021-02-04T16:18:14","slug":"todo-apoio-a-greve-dos-caminhoneiros","status":"publish","type":"post","link":"https:\/\/pcb.org.br\/portal2\/26806","title":{"rendered":"Todo apoio \u00e0 luta dos caminhoneiros!"},"content":{"rendered":"<p><img decoding=\"async\" class=\"imagem\" title=\"imagem\" src=\"https:\/\/i0.wp.com\/fdr.com.br\/wp-content\/uploads\/2021\/01\/greve-caminhoneiros.jpg\" alt=\"imagem\" \/><!--more-->O Partido Comunista Brasileiro (PCB) vem a p\u00fablico apoiar as reivindica\u00e7\u00f5es por melhorias das condi\u00e7\u00f5es de trabalho e renda apresentadas pelos caminhoneiros aut\u00f4nomos e assalariados, neste momento em que a categoria se mobiliza novamente para pressionar o governo de extrema direita de Bolsonaro-Mour\u00e3o e os representantes do grande capital (o agroneg\u00f3cio, as empresas de transporte, os monop\u00f3lios de log\u00edstica, os bancos, etc).<\/p>\n<p>Desde a greve de 2018, as condi\u00e7\u00f5es sociais desses trabalhadores pioraram e, portanto, as circunst\u00e2ncias para grandes jornadas de luta e conscientiza\u00e7\u00e3o se mantiveram, independentemente do pat\u00e9tico empenho manipulador do bolsonarismo para hegemonizar as lideran\u00e7as e a base da categoria. Vai ficando cada vez mais evidente para os caminhoneiros que o governo federal \u00e9 o principal aliado dos seus inimigos de classe.<\/p>\n<p>As principais reivindica\u00e7\u00f5es dos trabalhadores, focadas nas condi\u00e7\u00f5es de trabalho e renda e claramente contr\u00e1rias \u00e0s propostas neoliberais, s\u00e3o as seguintes:<\/p>\n<p>1. Piso m\u00ednimo. Defesa da constitucionalidade da Lei n\u00ba 13.703\/2018, que estabeleceu uma regula\u00e7\u00e3o do pre\u00e7o dos fretes para evitar seu rebaixamento artificial pela articula\u00e7\u00e3o dos grandes contratadores de cargas.<\/p>\n<p>2. PPI \u2013 Pol\u00edtica de Pre\u00e7o de Paridade de Importa\u00e7\u00e3o aplicado pela Petrobras. Rep\u00fadio \u00e0 pol\u00edtica do governo federal que obriga a Petrobras a indexar os pre\u00e7os internos do diesel, da gasolina e do g\u00e1s de cozinha aos pre\u00e7os internacionais, prejudicando os consumidores brasileiros, em benef\u00edcio dos acionistas privados da empresa.<\/p>\n<p>3. \u2013 Jornada de Trabalho. Contra os abusos pela falta de condi\u00e7\u00f5es estruturais e ambientais de aplica\u00e7\u00e3o das pol\u00edticas de cumprimento de hor\u00e1rio ordin\u00e1rio e extraordin\u00e1rio de trabalho, assim como dos hor\u00e1rios de repouso e descanso e seus reflexos sobre as remunera\u00e7\u00f5es.<\/p>\n<p>4. Retorno da aposentadoria especial. Contra o retrocesso social de retirada do benef\u00edcio previdenci\u00e1rio de aposentadoria especial sem modifica\u00e7\u00e3o das condi\u00e7\u00f5es nocivas \u00e0 sa\u00fade a que os transportadores rodovi\u00e1rios de cargas est\u00e3o expostos no ambiente de trabalho .<\/p>\n<p>Diante da justeza dessas reivindica\u00e7\u00f5es sindicais e econ\u00f4micas, o PCB conclama sua milit\u00e2ncia e a esquerda em geral a apoiar a luta da categoria e dialogar intensamente com esses trabalhadores, disputando politicamente com a direita liberal e o bolsonarismo os sentidos do movimento e a interpreta\u00e7\u00e3o das circunst\u00e2ncias experimentadas pelos caminhoneiros.<\/p>\n<p>O papel da esquerda socialista \u00e9 atuar decisivamente em defesa das lutas dos trabalhadores, apontando sempre para a necessidade de constru\u00e7\u00e3o de um programa anticapitalista que ofere\u00e7a sentido geral \u00e0s reivindica\u00e7\u00f5es econ\u00f4micas e combatendo as manipula\u00e7\u00f5es ideol\u00f3gicas da extrema direita e das classes dominantes como um todo.<\/p>\n<p>TODO APOIO \u00c0 CLASSE TRABALHADORA NAS SUAS LUTAS CONCRETAS!<\/p>\n<p>PELO ATENDIMENTO IMEDIATO \u00c0S JUSTAS REIVINDICA\u00c7\u00d5ES DOS CAMINHONEIROS!<\/p>\n<p>FORA BOLSONARO E MOUR\u00c3O! IMPEACHMENT J\u00c1!<\/p>\n<p>PELO PODER POPULAR, RUMO AO SOCIALISMO!<\/p>\n<p>Comit\u00ea Central do PCB<\/p>\n","protected":false},"excerpt":{"rendered":"<a class=\"moretag\" href=\"https:\/\/pcb.org.br\/portal2\/26806\"> <\/a>","protected":false},"author":1,"featured_media":0,"comment_status":"closed","ping_status":"closed","sticky":false,"template":"","format":"standard","meta":{"jetpack_post_was_ever_published":false,"_jetpack_newsletter_access":"","_jetpack_dont_email_post_to_subs":false,"_jetpack_newsletter_tier_id":0,"_jetpack_memberships_contains_paywalled_content":false,"_jetpack_memberships_contains_paid_content":false,"footnotes":"","jetpack_publicize_message":"","jetpack_publicize_feature_enabled":true,"jetpack_social_post_already_shared":true,"jetpack_social_options":{"image_generator_settings":{"template":"highway","default_image_id":0,"font":"","enabled":false},"version":2}},"categories":[15],"tags":[219,246],"class_list":["post-26806","post","type-post","status-publish","format-standard","hentry","category-s18-sindical","tag-manchete","tag-np"],"jetpack_publicize_connections":[],"jetpack_featured_media_url":"","jetpack_shortlink":"https:\/\/wp.me\/p659gw-6Ym","jetpack-related-posts":[],"jetpack_likes_enabled":true,"jetpack_sharing_enabled":true,"_links":{"self":[{"href":"https:\/\/pcb.org.br\/portal2\/wp-json\/wp\/v2\/posts\/26806","targetHints":{"allow":["GET"]}}],"collection":[{"href":"https:\/\/pcb.org.br\/portal2\/wp-json\/wp\/v2\/posts"}],"about":[{"href":"https:\/\/pcb.org.br\/portal2\/wp-json\/wp\/v2\/types\/post"}],"author":[{"embeddable":true,"href":"https:\/\/pcb.org.br\/portal2\/wp-json\/wp\/v2\/users\/1"}],"replies":[{"embeddable":true,"href":"https:\/\/pcb.org.br\/portal2\/wp-json\/wp\/v2\/comments?post=26806"}],"version-history":[{"count":0,"href":"https:\/\/pcb.org.br\/portal2\/wp-json\/wp\/v2\/posts\/26806\/revisions"}],"wp:attachment":[{"href":"https:\/\/pcb.org.br\/portal2\/wp-json\/wp\/v2\/media?parent=26806"}],"wp:term":[{"taxonomy":"category","embeddable":true,"href":"https:\/\/pcb.org.br\/portal2\/wp-json\/wp\/v2\/categories?post=26806"},{"taxonomy":"post_tag","embeddable":true,"href":"https:\/\/pcb.org.br\/portal2\/wp-json\/wp\/v2\/tags?post=26806"}],"curies":[{"name":"wp","href":"https:\/\/api.w.org\/{rel}","templated":true}]}}