{"id":26812,"date":"2021-02-03T00:58:29","date_gmt":"2021-02-03T03:58:29","guid":{"rendered":"https:\/\/pcb.org.br\/portal2\/?p=26812"},"modified":"2021-02-06T13:46:49","modified_gmt":"2021-02-06T16:46:49","slug":"em-defesa-do-sus-e-da-vida-do-povo-trabalhador","status":"publish","type":"post","link":"https:\/\/pcb.org.br\/portal2\/26812","title":{"rendered":"Em defesa do SUS e da vida do povo trabalhador"},"content":{"rendered":"<p><img decoding=\"async\" class=\"imagem\" title=\"imagem\" src=\"https:\/\/i0.wp.com\/lh3.googleusercontent.com\/pw\/ACtC-3devI934vgQ2c65gu5PP3F7F4fuwrJeWVdFHePAUKPmsj3CNDzvv5Jqy0vvkneFusG_m4zT1z6voQrg6qP8wde9RbCktaz2Dd6bzdz-LMCC3tX7AmdnmFltDQNkFgyqv6ET4IMaQ6OPZJc8huBhdZ-O=w959-h590-no\" alt=\"imagem\" \/><!--more-->Vacina para todos j\u00e1!<\/p>\n<p>Nota Pol\u00edtica do PCB\/RJ<\/p>\n<p>O povo trabalhador morador da cidade do Rio de Janeiro est\u00e1 sofrendo com o descaso, neglig\u00eancia e as a\u00e7\u00f5es criminosas dos governos empresariais. Se n\u00e3o bastassem 4 anos de um governo municipal anterior que sucateou os servi\u00e7os p\u00fablicos de sa\u00fade e demitiu trabalhadores do SUS, a prefeitura de Eduardo Paes segue a mesma linha de \u201ccidade neg\u00f3cio para os ricos\u201d e de abandono dos servi\u00e7os p\u00fablicos e da popula\u00e7\u00e3o trabalhadora em plena pandemia.<\/p>\n<p>A cidade do Rio perdeu mais de 17 mil pessoas mortas por covid-19, uma das maiores taxas de letalidade da doen\u00e7a no pa\u00eds, e mesmo assim, a prefeitura do DEM e aliados publicou um decreto que favorece aglomera\u00e7\u00f5es ao suspender medidas necess\u00e1rias ao isolamento social.<\/p>\n<p>Na contram\u00e3o de implantar a\u00e7\u00f5es para a preserva\u00e7\u00e3o da vida do povo, a prefeitura fechou uma UPA municipal que atendia 400 pessoas por dia na favela de Manguinhos, desativou um hospital de campanha quando havia mais de 150 pessoas na fila para interna\u00e7\u00e3o e h\u00e1 mais de 400 leitos parados nos hospitais p\u00fablicos da cidade, n\u00e3o pagou os sal\u00e1rios e os direitos trabalhistas de profissionais de sa\u00fade contratados e servidores municipais que seguem na linha de frente, atrasou o pagamento da bolsa Rio que \u00e9 uma importante renda para usu\u00e1rios dos Centros de Aten\u00e7\u00e3o Psicossociais e vacinou menos de 1% da popula\u00e7\u00e3o residente no munic\u00edpio.<\/p>\n<p>A prefeitura de Paes tamb\u00e9m exp\u00f5e os idosos \u00e0 pandemia, pois ao inv\u00e9s de recompor a for\u00e7a de trabalho na Estrat\u00e9gia de Sa\u00fade da Fam\u00edlia e priorizar a imuniza\u00e7\u00e3o atrav\u00e9s das visitas domiciliares, recomenda que os idosos compare\u00e7am \u00e0s unidades de sa\u00fade para se vacinarem!<\/p>\n<p>Ainda no Rio de Janeiro, vivemos o abandono e sucateamento dos hospitais federais, com falta de manuten\u00e7\u00e3o, aus\u00eancia de concurso p\u00fablico e escassez de equipamentos, o que impediu o Hospital Federal de Bonsucesso de possuir um gerador e em um pico de luz comprometer mais de 700 unidades de vacina contra a Covid-19.<\/p>\n<p>Enquanto o povo trabalhador precisa de vacina, de renda, e de emprego e de melhores condi\u00e7\u00f5es de vida, a gest\u00e3o municipal retomou as privatiza\u00e7\u00f5es atrav\u00e9s das Organiza\u00e7\u00f5es Sociais de Sa\u00fade, ampliando as terceiriza\u00e7\u00f5es e aprofundando a precariza\u00e7\u00e3o do trabalho.<\/p>\n<p>H\u00e1 not\u00edcias de trabalhadores do setor sa\u00fade que n\u00e3o est\u00e3o conseguindo se vacinar e que atuam na linha de frente, nos servi\u00e7os residenciais terap\u00eauticos do SUS e no cuidado intradomiciliar, como as cuidadoras.<\/p>\n<p>As condi\u00e7\u00f5es de vida da classe trabalhadora s\u00f3 pioram e com isso a sua sa\u00fade tamb\u00e9m: nos bairros do sub\u00farbio e favelas da cidade a \u00e1gua est\u00e1 com o odor, sabor e colora\u00e7\u00e3o alterados, indicando mais uma vez a presen\u00e7a de geosmina, efeitos da devasta\u00e7\u00e3o ambiental, do modo de produ\u00e7\u00e3o capitalista que destr\u00f3i a natureza e a privatiza.<\/p>\n<p>A sa\u00fade da popula\u00e7\u00e3o trabalhadora precisa ser prioridade!<\/p>\n<p>\u00c9 com indigna\u00e7\u00e3o e organiza\u00e7\u00e3o que o PCB segue nas lutas contra as opress\u00f5es impostas ao povo trabalhador pelas classes dominantes.<\/p>\n<p>VACINA PARA TODOS J\u00c1!<\/p>\n<p>Em defesa do SUS e para al\u00e9m dele!<br \/>\nAvante na constru\u00e7\u00e3o do Poder Popular e pelo Socialismo!<\/p>\n<p>Partido Comunista Brasileiro &#8211; Comit\u00ea Regional<\/p>\n","protected":false},"excerpt":{"rendered":"<a class=\"moretag\" href=\"https:\/\/pcb.org.br\/portal2\/26812\"> <\/a>","protected":false},"author":1,"featured_media":0,"comment_status":"closed","ping_status":"closed","sticky":false,"template":"","format":"standard","meta":{"jetpack_post_was_ever_published":false,"_jetpack_newsletter_access":"","_jetpack_dont_email_post_to_subs":false,"_jetpack_newsletter_tier_id":0,"_jetpack_memberships_contains_paywalled_content":false,"_jetpack_memberships_contains_paid_content":false,"footnotes":"","jetpack_publicize_message":"","jetpack_publicize_feature_enabled":true,"jetpack_social_post_already_shared":true,"jetpack_social_options":{"image_generator_settings":{"template":"highway","default_image_id":0,"font":"","enabled":false},"version":2}},"categories":[197],"tags":[222,246],"class_list":["post-26812","post","type-post","status-publish","format-standard","hentry","category-saude","tag-2b","tag-np"],"jetpack_publicize_connections":[],"jetpack_featured_media_url":"","jetpack_shortlink":"https:\/\/wp.me\/p659gw-6Ys","jetpack-related-posts":[],"jetpack_likes_enabled":true,"jetpack_sharing_enabled":true,"_links":{"self":[{"href":"https:\/\/pcb.org.br\/portal2\/wp-json\/wp\/v2\/posts\/26812","targetHints":{"allow":["GET"]}}],"collection":[{"href":"https:\/\/pcb.org.br\/portal2\/wp-json\/wp\/v2\/posts"}],"about":[{"href":"https:\/\/pcb.org.br\/portal2\/wp-json\/wp\/v2\/types\/post"}],"author":[{"embeddable":true,"href":"https:\/\/pcb.org.br\/portal2\/wp-json\/wp\/v2\/users\/1"}],"replies":[{"embeddable":true,"href":"https:\/\/pcb.org.br\/portal2\/wp-json\/wp\/v2\/comments?post=26812"}],"version-history":[{"count":0,"href":"https:\/\/pcb.org.br\/portal2\/wp-json\/wp\/v2\/posts\/26812\/revisions"}],"wp:attachment":[{"href":"https:\/\/pcb.org.br\/portal2\/wp-json\/wp\/v2\/media?parent=26812"}],"wp:term":[{"taxonomy":"category","embeddable":true,"href":"https:\/\/pcb.org.br\/portal2\/wp-json\/wp\/v2\/categories?post=26812"},{"taxonomy":"post_tag","embeddable":true,"href":"https:\/\/pcb.org.br\/portal2\/wp-json\/wp\/v2\/tags?post=26812"}],"curies":[{"name":"wp","href":"https:\/\/api.w.org\/{rel}","templated":true}]}}