{"id":26901,"date":"2021-02-20T22:27:01","date_gmt":"2021-02-21T01:27:01","guid":{"rendered":"https:\/\/pcb.org.br\/portal2\/?p=26901"},"modified":"2021-02-20T22:27:01","modified_gmt":"2021-02-21T01:27:01","slug":"solidariedade-com-o-povo-e-os-comunistas-da-india","status":"publish","type":"post","link":"https:\/\/pcb.org.br\/portal2\/26901","title":{"rendered":"Solidariedade com o povo e os comunistas da \u00cdndia"},"content":{"rendered":"<p><img decoding=\"async\" class=\"imagem\" title=\"imagem\" src=\"https:\/\/i0.wp.com\/files.thetoc.gr\/Content\/ImagesDatabase\/p\/767x431\/crop\/both\/files\/articles\/2\/article_70471\/teliki-aulaia-stin-tupoekdotiki-tou-kke.w_hr.jpg\" alt=\"imagem\" \/><!--more-->KKE &#8211; Partido Comunista da Gr\u00e9cia<\/p>\n<p>O KKE expressa sua solidariedade militante com a luta dos trabalhadores, dos agricultores pobres e da juventude da \u00cdndia por seus direitos e pela satisfa\u00e7\u00e3o de suas necessidades contempor\u00e2neas de trabalho, sa\u00fade, educa\u00e7\u00e3o e vida, que s\u00e3o esmagadas pelo modo de produ\u00e7\u00e3o capitalista.<\/p>\n<p>Denunciamos o governo Modi que, embora tenha enormes responsabilidades pela atual situa\u00e7\u00e3o que a classe trabalhadora e demais camadas populares enfrentam, recorre ao terrorismo generalizado e \u00e0 repress\u00e3o. Chegou mesmo ao ponto de cortar o fornecimento de \u00e1gua e eletricidade contra as cont\u00ednuas mobiliza\u00e7\u00f5es em massa de sem-terra e pequenos agricultores, que justamente se levantaram contra o pacote de medidas que ataca os direitos dos agricultores trabalhadores, fornecendo subs\u00eddios \u00e0s empresas capitalistas monopolistas no dom\u00ednio da produ\u00e7\u00e3o agr\u00edcola e alimentar.<\/p>\n<p>O KKE tamb\u00e9m denuncia de forma inequ\u00edvoca a intensidade da repress\u00e3o de parte do Governo do Estado de Bengala Ocidental contra as mobiliza\u00e7\u00f5es populares e juvenis, com amplo uso de produtos qu\u00edmicos e canh\u00f5es de \u00e1gua, que recentemente custaram a vida de pelo menos dois militantes &#8211; membros do Partido Comunista da \u00cdndia (marxista) e de sua juventude.<\/p>\n<p>Dirigimos um \u201clal salaam\u201d e expressamos o nosso apoio \u00e0s fam\u00edlias dos camaradas e companheiros militantes que perderam a vida em consequ\u00eancia da viol\u00eancia e da repress\u00e3o do Estado, bem como a todos aqueles que lutam h\u00e1 meses contra os pol\u00edticas antipopulares do governo, cujo objetivo \u00e9 proteger os lucros dos grupos monopolistas em face da nova crise capitalista acelerada pela pandemia COVID-19.<\/p>\n<p>Viva a solidariedade internacionalista com o povo e os comunistas da \u00cdndia!<\/p>\n<p>http:\/\/www.solidnet.org\/article\/Communist-Party-of-Greece-Solidarity-with-the-struggle-of-the-people-and-the-communists-of-India\/<\/p>\n","protected":false},"excerpt":{"rendered":"<a class=\"moretag\" href=\"https:\/\/pcb.org.br\/portal2\/26901\"> <\/a>","protected":false},"author":1,"featured_media":0,"comment_status":"closed","ping_status":"closed","sticky":false,"template":"","format":"standard","meta":{"jetpack_post_was_ever_published":false,"_jetpack_newsletter_access":"","_jetpack_dont_email_post_to_subs":false,"_jetpack_newsletter_tier_id":0,"_jetpack_memberships_contains_paywalled_content":false,"_jetpack_memberships_contains_paid_content":false,"footnotes":"","jetpack_publicize_message":"","jetpack_publicize_feature_enabled":true,"jetpack_social_post_already_shared":true,"jetpack_social_options":{"image_generator_settings":{"template":"highway","default_image_id":0,"font":"","enabled":false},"version":2}},"categories":[261],"tags":[227],"class_list":["post-26901","post","type-post","status-publish","format-standard","hentry","category-india","tag-5a"],"jetpack_publicize_connections":[],"jetpack_featured_media_url":"","jetpack_shortlink":"https:\/\/wp.me\/p659gw-6ZT","jetpack-related-posts":[],"jetpack_likes_enabled":true,"jetpack_sharing_enabled":true,"_links":{"self":[{"href":"https:\/\/pcb.org.br\/portal2\/wp-json\/wp\/v2\/posts\/26901","targetHints":{"allow":["GET"]}}],"collection":[{"href":"https:\/\/pcb.org.br\/portal2\/wp-json\/wp\/v2\/posts"}],"about":[{"href":"https:\/\/pcb.org.br\/portal2\/wp-json\/wp\/v2\/types\/post"}],"author":[{"embeddable":true,"href":"https:\/\/pcb.org.br\/portal2\/wp-json\/wp\/v2\/users\/1"}],"replies":[{"embeddable":true,"href":"https:\/\/pcb.org.br\/portal2\/wp-json\/wp\/v2\/comments?post=26901"}],"version-history":[{"count":0,"href":"https:\/\/pcb.org.br\/portal2\/wp-json\/wp\/v2\/posts\/26901\/revisions"}],"wp:attachment":[{"href":"https:\/\/pcb.org.br\/portal2\/wp-json\/wp\/v2\/media?parent=26901"}],"wp:term":[{"taxonomy":"category","embeddable":true,"href":"https:\/\/pcb.org.br\/portal2\/wp-json\/wp\/v2\/categories?post=26901"},{"taxonomy":"post_tag","embeddable":true,"href":"https:\/\/pcb.org.br\/portal2\/wp-json\/wp\/v2\/tags?post=26901"}],"curies":[{"name":"wp","href":"https:\/\/api.w.org\/{rel}","templated":true}]}}