{"id":26918,"date":"2021-02-24T21:49:46","date_gmt":"2021-02-25T00:49:46","guid":{"rendered":"https:\/\/pcb.org.br\/portal2\/?p=26918"},"modified":"2021-03-04T19:19:37","modified_gmt":"2021-03-04T22:19:37","slug":"manifesto-8-de-marco-nacional-2021","status":"publish","type":"post","link":"https:\/\/pcb.org.br\/portal2\/26918","title":{"rendered":"Manifesto 8 de Mar\u00e7o Nacional &#8211; 2021"},"content":{"rendered":"<p><img decoding=\"async\" class=\"imagem\" title=\"imagem\" src=\"https:\/\/i0.wp.com\/pbs.twimg.com\/media\/Eu7UpLjXIAQojVo.jpg\" alt=\"imagem\" \/><!--more-->MULHERES NA LUTA PELA VIDA!<br \/>\nFORA BOLSONARO, VACINA PARA TODA POPULA\u00c7\u00c3O E AUX\u00cdLIO EMERGENCIAL J\u00c1!<\/p>\n<p>Neste 8 de mar\u00e7o de 2021, n\u00f3s, mulheres de todo o Brasil, de todas as ra\u00e7as, etnias, idades, identidades, orienta\u00e7\u00f5es sexuais, territ\u00f3rios, de tantas nacionalidades que aqui vivemos, quilombolas, ind\u00edgenas, no campo, nas \u00e1guas, florestas e cidades, nos mobilizamos no Dia Internacional de Luta das Mulheres para gritar com indigna\u00e7\u00e3o e f\u00faria feminista FORA BOLSONARO! VACINA PARA TODA A POPULA\u00c7\u00c3O! AUX\u00cdLIO EMERGENCIAL J\u00c1! PELO FIM DAS VIOL\u00caNCIAS CONTRA AS MULHERES!<\/p>\n<p>Nossas vidas est\u00e3o amea\u00e7adas por um projeto de morte, comandado por Bolsonaro e que conta com a cumplicidade e apoio de fundamentalistas e setores conservadores dos poderes jur\u00eddico, parlamentar e da grande m\u00eddia \u00e0 servi\u00e7o do capital nacional e internacional.<\/p>\n<p>Na pandemia as desigualdades de classe, ra\u00e7a e de g\u00eanero se aprofundaram ainda mais. A trag\u00e9dia humanit\u00e1ria foi muito al\u00e9m do v\u00edrus e das mortes: com o aumento da pobreza e o crescimento da popula\u00e7\u00e3o em situa\u00e7\u00e3o de rua. Tamb\u00e9m sentimos na pele o aumento das jornadas de trabalho e da depend\u00eancia econ\u00f4mica das mulheres.<\/p>\n<p>A viol\u00eancia dom\u00e9stica, pol\u00edtica, institucional e obst\u00e9trica seguem nos matando. Assistimos diariamente a morte de mulheres, dentro de suas casas e carregamos o vergonhoso lugar de 5\u00ba pa\u00eds no mundo em feminic\u00eddio, mas a Lei Maria da Penha vem sendo anulada, por exemplo, por acusa\u00e7\u00f5es de Aliena\u00e7\u00e3o Parental contra as v\u00edtimas de viol\u00eancia dom\u00e9stica.<\/p>\n<p>Somos o primeiro no mundo em assassinatos de mulheres trans e travestis, com aumento dos crimes de \u00f3dios contra a popula\u00e7\u00e3o LGBTQIA+, assim como o aumento da viol\u00eancia policial e encarceramento da popula\u00e7\u00e3o negra. Na pol\u00edtica genocida desse governo, os povos ind\u00edgenas e quilombolas seguem sofrendo exterm\u00ednio, com a expuls\u00e3o de seus territ\u00f3rios, o homic\u00eddio de suas lideran\u00e7as e o aumento da fome e da mis\u00e9ria.<\/p>\n<p>A crise da sa\u00fade colocou no centro do debate a import\u00e2ncia da a\u00e7\u00e3o do Estado e dos servi\u00e7os p\u00fablicos, que foram precarizados pela Emenda Constitucional (EC) 95 ao congelar por 20 anos o investimento em pol\u00edticas sociais, de sa\u00fade e educa\u00e7\u00e3o. O desmonte da sa\u00fade \u00e9 parte da ofensiva ultraneoliberal do governo Bolsonaro que tem como objetivo a privatiza\u00e7\u00e3o e a venda das empresas p\u00fablicas em nome do capital financeiro internacional. A reforma administrativa \u00e9 parte dessa estrat\u00e9gia.<\/p>\n<p>Durante a pandemia, ficou ainda mais expl\u00edcita a import\u00e2ncia do Sistema \u00danico de Sa\u00fade (SUS) para a garantia da vida do povo brasileiro. Somos n\u00f3s, mulheres, que estamos na linha de frente do combate \u00e0 Covid. Ao mesmo tempo, seguimos carregando nas costas a responsabilidade pelo trabalho de cuidados e pela sa\u00fade de todas as pessoas, tamb\u00e9m dentro de casa.<\/p>\n<p>Exigimos a vacina urgente e imediata para toda a popula\u00e7\u00e3o de forma gratuita e universal, com a quebra das patentes e a garantia dos investimentos no SUS e na pol\u00edtica de ci\u00eancia, pesquisa e tecnologia. N\u00e3o aceitamos que a vacina seja usada para fins eleitoreiros nem sirva para beneficiar as ind\u00fastrias farmac\u00eauticas.<\/p>\n<p>A pol\u00edtica econ\u00f4mica ultra neoliberal de Bolsonaro e Paulo Guedes, coloca o lucro acima da vida: bancos e empres\u00e1rios lucram enquanto as mulheres, o povo pobre, negro e perif\u00e9rico s\u00e3o quem mais morre! As a\u00e7\u00f5es do governo contribu\u00edram para a dissemina\u00e7\u00e3o do v\u00edrus, ao n\u00e3o priorizar recursos ao enfrentamento \u00e0 Covid, desconsiderar a import\u00e2ncia e a necessidade urgente da vacina.<\/p>\n<p>O aux\u00edlio emergencial foi uma conquista, resultado de muita press\u00e3o popular, por\u00e9m deixou de fora trabalhadoras da agricultura familiar e camponesa, pescadoras, artistas, entre outras. Ainda assim, o aux\u00edlio foi fundamental para a sobreviv\u00eancia de cerca de 55 milh\u00f5es de pessoas no pa\u00eds. Em um pa\u00eds de 14 milh\u00f5es de desempregadas e desempregados, sendo 65% mulheres, com a infla\u00e7\u00e3o dos alimentos e frente ao aprofundamento da mis\u00e9ria com o Brasil de volta ao Mapa da Fome (ONU), exigimos a manuten\u00e7\u00e3o do valor de R$600,00 e amplia\u00e7\u00e3o da cobertura do aux\u00edlio emergencial at\u00e9 o final da pandemia.<\/p>\n<p>Assim como seus aliados da extrema direita internacional e de organiza\u00e7\u00f5es fundamentalistas religiosas, Bolsonaro aproveitou a pandemia para desmontar pol\u00edticas p\u00fablicas para as mulheres, impondo uma vis\u00e3o reacion\u00e1ria e conservadora de fam\u00edlia e atacando os direitos sexuais e reprodutivos das mulheres ao editar uma portaria que dificulta o acesso ao abortamento mesmo nos casos j\u00e1 garantidos por lei. Repudiamos a a\u00e7\u00e3o da Ministra Damares ao tentar impedir de forma criminosa o direito ao abortamento legal, mesmo em situa\u00e7\u00e3o de viol\u00eancia sexual contra crian\u00e7as e adolescentes. A maternidade deve ser uma decis\u00e3o ou n\u00e3o ser\u00e1! Educa\u00e7\u00e3o sexual para prevenir, anticoncepcionais para n\u00e3o engravidar e aborto legal para n\u00e3o morrer! Legaliza\u00e7\u00e3o j\u00e1!<\/p>\n<p>O grito de milh\u00f5es de mulheres em todo o Brasil segue com for\u00e7a: precisamos tirar Bolsonaro e seu governo genocida do poder, para construir alternativas de vida, recuperar a democracia, colocar o cuidado e a vida digna no centro da pol\u00edtica! N\u00e3o existe democracia com racismo, e a democracia n\u00e3o \u00e9 real para todas enquanto n\u00e3o pudermos decidir com autonomia sobre nossos corpos, territ\u00f3rios e vidas!<\/p>\n<p>Basta de machismo, racismo, LGBTfobia e todas as formas de viol\u00eancia!<\/p>\n<p>Justi\u00e7a \u00e0 Marielle!<\/p>\n<p>Pela derrubada dos vetos ao PL 735 \u2013 Por apoio \u00e0 produ\u00e7\u00e3o de alimentos saud\u00e1veis, fomento e cr\u00e9dito emergencial para a Agricultura Familiar<\/p>\n<p>Em defesa do SUS! Pela quebra imediata da patente! Vacina\u00e7\u00e3o para toda a popula\u00e7\u00e3o pelo SUS!<\/p>\n<p>Pela legaliza\u00e7\u00e3o do aborto!<\/p>\n<p>Pela revoga\u00e7\u00e3o da Lei da Aliena\u00e7\u00e3o Parental j\u00e1!<\/p>\n<p>Pela revoga\u00e7\u00e3o da EC 95!<\/p>\n<p>Aux\u00edlio emergencial at\u00e9 o fim da pandemia!<\/p>\n<p>Fora Bolsonaro e todo o seu governo! Impeachment J\u00c1!<\/p>\n<p>Lista de entidades nacionais que assinam o manifesto:<br \/>\nABGLT &#8211; Associa\u00e7\u00e3o Brasileira de L\u00e9sbicas, Gays, Bissexuais, Trnasexuais e Intersexos<br \/>\nAfronte<br \/>\nAMB &#8211; Articula\u00e7\u00e3o de Mulheres Brasileiras<br \/>\nANDES-SN &#8211; Associa\u00e7\u00e3o Nacional de Docentes do Ensino Superior<br \/>\nANPG &#8211; Associa\u00e7\u00e3o Nacional de P\u00f3s-Graduandas e P\u00f3s-Graduandos<br \/>\nArticula\u00e7\u00e3o Nacional de Marchas da Maconha<br \/>\nAssocia\u00e7\u00e3o Brasileira dos Terapeutas Ocupacionais &#8211; ABRATO<br \/>\nCGTB &#8211; Central Geral dos Trabalhadores(as) do Brasil<br \/>\nCMB &#8211; Confedera\u00e7\u00e3o das Mulheres do Brasil<br \/>\nCMP &#8211; Central de Movimentos Populares<br \/>\nCNAB &#8211; Congresso Nacional Afro-Brasileiro<br \/>\nColetivo de Mulheres Sem Teto &#8211; MTST<br \/>\nColetivo de Prote\u00e7\u00e3o \u00e0 Inf\u00e2ncia Voz Materna<br \/>\nColetivo Feminista Classista Ana Montenegro &#8211; PCB<br \/>\nColetivo Helen Keller<br \/>\nColetivo Impacto Feminista<br \/>\nColetivo Juntas!<br \/>\nColetivo M\u00e3es na Luta<br \/>\nCONAM &#8211; Confedera\u00e7\u00e3o Nacional das Associa\u00e7\u00f5es de Moradores<br \/>\nCONEN- Coordena\u00e7\u00e3o Nacional de Entidades Negras<br \/>\nConselho Federal de Servi\u00e7o Social &#8211; CFESS<br \/>\nConsulta Popular<br \/>\nCONTAG &#8211; Confedera\u00e7\u00e3o Nacional de Trabalhadores da Agricultura<br \/>\nCSB &#8211; Central dos Sindicatos Brasileiros<br \/>\nCSP Conlutas<br \/>\nCST &#8211; Corrente Socialista dos Trabalhadores<br \/>\nCTB &#8211; Central dos Trabalhadores e Trabalhadoras do Brasil<br \/>\nCUT &#8211; Central \u00danica dos Trabalhadores<br \/>\nELAS A.M.A.M &#8211; Articula\u00e7\u00e3o de Mulheres que Amam Mulheres<br \/>\nEstados Generais das Mulheres do Brasil<br \/>\nFeministas AntiCapitalistas\/RUA<br \/>\nFENAJ &#8211; Federa\u00e7\u00e3o Nacional dos Jornalistas<br \/>\nFENAJUFE &#8211; Federa\u00e7\u00e3o Nacional dos Trabalhadores do Judici\u00e1rio Federal<br \/>\nF\u00f3rum de Mulheres do Mercosul<br \/>\nGrupo de Trabalho de Mulheres da ANA &#8211; Articula\u00e7\u00e3o Nacional de Agroecologia<br \/>\nInstituto Nacional Afro Origem &#8211; INAO<br \/>\nIntersindical &#8211; Central da Classe Trabalhadora<br \/>\nJPL &#8211; Juventude P\u00e1tria Livre<br \/>\nLBL &#8211; Liga Brasileira de L\u00e9sbicas<br \/>\nLevante das Mulheres Brasileiras<br \/>\nLevante Popular da Juventude<br \/>\nMAB &#8211; Movimento de Atingidos por Barragem<br \/>\nMAM &#8211; Movimento de Atingidos pela Minera\u00e7\u00e3o<br \/>\nMarcha Mundial das Mulheres<br \/>\nMCP &#8211; Movimento Campon\u00eas Popular<br \/>\nMMC &#8211; Movimento de Mulheres Camponesas<br \/>\nMORHAN MULHERES &#8211; Movimento de Reintegra\u00e7\u00e3o das Pessoas Atingidas pela Hansen\u00edase<br \/>\nMovimento Antiproibicionista<br \/>\nMovimento Mulheres em Luta<br \/>\nMovimento por uma Escola Popular &#8211; MEP SINASEFE<br \/>\nMPA &#8211; Movimento de Pequenos Agricultores<br \/>\nMST &#8211; Movimento dos Trabalhadores Rurais Sem Terra<br \/>\nMUCB &#8211; Mulheres Unidas Contra Bolsonaro<br \/>\nMulheres FUP &#8211; Federa\u00e7\u00e3o \u00danica dos Petroleiros.<br \/>\nNCST &#8211; Nova Central Sindical dos Trabalhadores.<br \/>\nNossa Hora de Legalizar o Aborto<br \/>\nONG &#8220;Respeito em Cena&#8221;<br \/>\nPSB INCLUS\u00c3O NACIONAL<br \/>\nQRC &#8211; Quilombo Ra\u00e7a e Classe<br \/>\nRede de Sa\u00fade das Mulheres Latinoamericanas e do Caribe<br \/>\nRede Feminista de Juristas<br \/>\nRede Lai Lai Apejo- Sa\u00fade da popula\u00e7\u00e3o negra<br \/>\nRede L\u00e9sBi Brasil<br \/>\nRede Nacional de L\u00e9sbicas e Bissexuais Negras BR<br \/>\nRENFA &#8211; Rede Nacional de Feministas Antiproibicionistas<br \/>\nResist\u00eancia Feminista<br \/>\nSecretaria Nacional de Mulheres do PCdoB<br \/>\nSecretaria Nacional de Mulheres do PSTU<br \/>\nSecretaria Nacional de Mulheres do PT<br \/>\nSetorial Nacional de Sa\u00fade do PSOL<br \/>\nSetorial Nacional Mulheres PSOL<br \/>\nUBES &#8211; Uni\u00e3o Brasileira dos Estudantes Secundaristas<br \/>\nUBM &#8211; Uni\u00e3o Brasileira de Mulheres<br \/>\nUGT &#8211; Uni\u00e3o Geral dos Trabalhadores<br \/>\nUJB &#8211; Uni\u00e3o da Juventude Brasileira<br \/>\nUJS &#8211; Uni\u00e3o da Juventude Socialista<br \/>\nUNE &#8211; Uni\u00e3o Nacional de Estudantes<br \/>\nUNEGRO &#8211; Uni\u00e3o de Negras e Negros pela Igualdade<br \/>\nUNICATADORES &#8211; Uni\u00e3o Nacional dos Catadores e Catadoras de Materiais Recicl\u00e1veis do Brasil<br \/>\nUNICOPAS &#8211; Uni\u00e3o Nacional das Organiza\u00e7\u00f5es Cooperativistas Solid\u00e1rias<br \/>\nUNIDi -Uni\u00e3o em Defesa da Inf\u00e2ncia<br \/>\nUNISOL Brasil &#8211; Central de Cooperativas e Empreendimentos Solid\u00e1rios do Brasil<\/p>\n<p>Assine junto com essas organiza\u00e7\u00f5es\/entidades o Manifesto<\/p>\n","protected":false},"excerpt":{"rendered":"<a class=\"moretag\" href=\"https:\/\/pcb.org.br\/portal2\/26918\"> <\/a>","protected":false},"author":1,"featured_media":0,"comment_status":"closed","ping_status":"closed","sticky":false,"template":"","format":"standard","meta":{"jetpack_post_was_ever_published":false,"_jetpack_newsletter_access":"","_jetpack_dont_email_post_to_subs":false,"_jetpack_newsletter_tier_id":0,"_jetpack_memberships_contains_paywalled_content":false,"_jetpack_memberships_contains_paid_content":false,"footnotes":"","jetpack_publicize_message":"","jetpack_publicize_feature_enabled":true,"jetpack_social_post_already_shared":true,"jetpack_social_options":{"image_generator_settings":{"template":"highway","default_image_id":0,"font":"","enabled":false},"version":2}},"categories":[180,20],"tags":[221],"class_list":["post-26918","post","type-post","status-publish","format-standard","hentry","category-feminista","category-c1-popular","tag-2a"],"jetpack_publicize_connections":[],"jetpack_featured_media_url":"","jetpack_shortlink":"https:\/\/wp.me\/p659gw-70a","jetpack-related-posts":[],"jetpack_likes_enabled":true,"jetpack_sharing_enabled":true,"_links":{"self":[{"href":"https:\/\/pcb.org.br\/portal2\/wp-json\/wp\/v2\/posts\/26918","targetHints":{"allow":["GET"]}}],"collection":[{"href":"https:\/\/pcb.org.br\/portal2\/wp-json\/wp\/v2\/posts"}],"about":[{"href":"https:\/\/pcb.org.br\/portal2\/wp-json\/wp\/v2\/types\/post"}],"author":[{"embeddable":true,"href":"https:\/\/pcb.org.br\/portal2\/wp-json\/wp\/v2\/users\/1"}],"replies":[{"embeddable":true,"href":"https:\/\/pcb.org.br\/portal2\/wp-json\/wp\/v2\/comments?post=26918"}],"version-history":[{"count":0,"href":"https:\/\/pcb.org.br\/portal2\/wp-json\/wp\/v2\/posts\/26918\/revisions"}],"wp:attachment":[{"href":"https:\/\/pcb.org.br\/portal2\/wp-json\/wp\/v2\/media?parent=26918"}],"wp:term":[{"taxonomy":"category","embeddable":true,"href":"https:\/\/pcb.org.br\/portal2\/wp-json\/wp\/v2\/categories?post=26918"},{"taxonomy":"post_tag","embeddable":true,"href":"https:\/\/pcb.org.br\/portal2\/wp-json\/wp\/v2\/tags?post=26918"}],"curies":[{"name":"wp","href":"https:\/\/api.w.org\/{rel}","templated":true}]}}